{"id":532,"date":"2022-04-03T20:52:58","date_gmt":"2022-04-03T23:52:58","guid":{"rendered":"http:\/\/circuitosalta.com.ar\/?p=532"},"modified":"2022-04-03T20:53:00","modified_gmt":"2022-04-03T23:53:00","slug":"lugares-magicos-seclantas-cuenta-con-mayor-infraestructura-turistica","status":"publish","type":"post","link":"https:\/\/circuitosalta.com.ar\/?p=532","title":{"rendered":"Lugares M\u00e1gicos: Seclant\u00e1s cuenta con mayor infraestructura tur\u00edstica"},"content":{"rendered":"\n<h5 class=\"has-text-color wp-block-heading\" style=\"color:#6d041e\">Camino de los Artesanos, Viacrucis y Casa de la Magia fueron las obras inauguradas por el Gobierno de la Provincia. Las obras financiadas en conjunto con el Banco Interamericano de Desarrollo ponen en valor las artesan\u00edas textiles, y el patrimonio cultural y religioso de Seclant\u00e1s.<\/h5>\n\n\n\n<p>La adecuaci\u00f3n tur\u00edstica y la puesta en valor del patrimonio arquitect\u00f3nico, hist\u00f3rico, cultural y natural de las localidades es el objetivo del programa Lugares M\u00e1gicos ejecutado por el Gobierno Provincial con financiamiento del Banco Interamericano de Desarrollo.<\/p>\n\n\n\n<p>Se inauguraron el Camino de los Artesanos, Viacrucis y Casa de la Magia, ubicadas sobre la ruta provincial N\u00b0 55 S, en el tramo entre El Colte y la localidad de Seclant\u00e1s, en busca de revalorizar las artesan\u00edas textiles y el camino de los artesanos y permitir a los visitantes disfrutar del patrimonio cultural y religioso de Seclant\u00e1s y que puedan experimentar la calma de los valles.<\/p>\n\n\n\n<figure class=\"wp-block-image\"><a href=\"https:\/\/www.salta.gob.ar\/public\/images\/noticias\/contenidos\/2395-lugares-magicos-seclantas-cuenta-con-mayor-infraestructura-turistica.jpg\"><img decoding=\"async\" src=\"https:\/\/www.salta.gob.ar\/public\/images\/noticias\/contenidos\/2395-lugares-magicos-seclantas-cuenta-con-mayor-infraestructura-turistica.jpg\" alt=\"Lugares M\u00e1gicos: Seclant\u00e1s cuenta con mayor infraestructura tur\u00edstica\"\/><\/a><\/figure>\n\n\n\n<p>El ministro de Turismo y Deportes&nbsp;<strong>Mario Pe\u00f1a<\/strong>&nbsp;junto al ministro de Econom\u00eda&nbsp;y Servicios P\u00fablicos&nbsp;<strong>Roberto Dib Ashur<\/strong>&nbsp;y&nbsp;intendente<strong>&nbsp;Mauricio Ab\u00e1n<\/strong>&nbsp;encabezaron el acto de inauguraci\u00f3n oficial, junto a la comunidad local que fue la gran protagonista de la jornada.<\/p>\n\n\n\n<p>\u201cHoy es un d\u00eda muy importante para toda la comunidad Seclant\u00e1s por lo que significa haber sido elegido como un \u201clugar m\u00e1gico\u201d y tener la posibilidad de estar inaugurando estas obras que son el resultado de un fuerte trabajo que tuvo al consenso y la conservaci\u00f3n como protagonistas. Adem\u00e1s quiero agradecer a los equipos de ambos ministerios que nos acompa\u00f1aron en este proceso\u201d, manifest\u00f3 el jefe comunal.<\/p>\n\n\n\n<p>Por su parte el titular de la cartera tur\u00edstica se\u00f1al\u00f3 que \u201cDesde el Gobierno y tal como nos pide el gobernador&nbsp;<strong>Gustavo Saenz<\/strong>, seguiremos trabajando con una mirada federal para que el desarrollo tur\u00edstico est\u00e9 presente en toda la provincia. Muestra de ello es el Plan Liderar que plantea estrategias y herramientas que apuntan al crecimiento y desarrollo de Salta como destino\u201d.<\/p>\n\n\n\n<p><strong>La obra<\/strong><\/p>\n\n\n\n<p>En cuanto al adoquinado y puesta en valor del camino de artesanos se trabaj\u00f3 en 5 tramos de intervenci\u00f3n generando un acondicionamiento paisaj\u00edstico y veredas; se construyeron muretes laterales; y se instalaron luminarias, carteler\u00eda tur\u00edstica y mobiliario; en busca de generar un paseo atractivo y limpio con sitios destacados.<\/p>\n\n\n\n<p>La segunda intervenci\u00f3n, que es la puesta en valor del Viacrucis, inicia junto a la plazoleta del cementerio y de la Capilla de los D\u00edaz mediante peque\u00f1as plataformas construidas en forma circular y semicircular (en otros casos), limitadas con muretes de piedra asentados en mortero que cumplen la funci\u00f3n de banco y que rematan en un pilar cil\u00edndrico que es el soporte de la estatua o intervenci\u00f3n art\u00edstica que evoca cada estaci\u00f3n del viacrucis.<\/p>\n\n\n\n<p>La tercera intervenci\u00f3n es La Casa de la Magia de Seclant\u00e1s. Esta se localiza en el edificio del antiguo correo, de propiedad municipal. Se realizaron trabajos de refacci\u00f3n, restauraci\u00f3n y acondicionamiento para darle funcionalidad. La Casa convive con un mercado p\u00fablico de productos locales, por lo que se incluyeron mobiliarios expositores y equipamiento audiovisual.<\/p>\n\n\n\n<div class=\"wp-block-image\"><figure class=\"alignright is-resized\"><a href=\"https:\/\/www.salta.gob.ar\/public\/images\/noticias\/contenidos\/2396-lugares-magicos-seclantas-cuenta-con-mayor-infraestructura-turistica.jpg\"><img fetchpriority=\"high\" decoding=\"async\" src=\"https:\/\/www.salta.gob.ar\/public\/images\/noticias\/contenidos\/2396-lugares-magicos-seclantas-cuenta-con-mayor-infraestructura-turistica.jpg\" alt=\"Lugares M\u00e1gicos: Seclant\u00e1s cuenta con mayor infraestructura tur\u00edstica\" width=\"438\" height=\"284\"\/><\/a><\/figure><\/div>\n\n\n\n<p>Roberto Dib Ashur, Ministro de Econom\u00eda y Servicios P\u00fablicos, expres\u00f3 su agradecimiento a los equipos involucrados en el desarrollo de los proyectos que hoy se transformaron en mayor infraestructura. \u201cLos funcionarios estamos para servir y por eso seguimos trabajando para producir m\u00e1s obras y acciones. El 9% del producto bruto es del turismo, por eso ponemos un esfuerzo especial en reactivar esto en Salta\u201d, indic\u00f3.<\/p>\n\n\n\n<div class=\"wp-block-image\"><figure class=\"alignleft is-resized\"><a href=\"https:\/\/www.salta.gob.ar\/public\/images\/noticias\/contenidos\/2397-lugares-magicos-seclantas-cuenta-con-mayor-infraestructura-turistica.jpg\"><img decoding=\"async\" src=\"https:\/\/www.salta.gob.ar\/public\/images\/noticias\/contenidos\/2397-lugares-magicos-seclantas-cuenta-con-mayor-infraestructura-turistica.jpg\" alt=\"Lugares M\u00e1gicos: Seclant\u00e1s cuenta con mayor infraestructura tur\u00edstica\" width=\"-306\" height=\"-204\"\/><\/a><\/figure><\/div>\n\n\n\n<p><strong>Lugares M\u00e1gicos<\/strong><\/p>\n\n\n\n<p>Los 6 lugares m\u00e1gicos que hoy conforman la oferta tur\u00edstica de la Provincia son: Chicoana, donde ya se inaugur\u00f3 la obra, adem\u00e1s de San Antonio de los Cobres; tambi\u00e9n forma parte Seclant\u00e1s, San Carlos, Guachipas y Campamento Vespucio, con distintos niveles de ejecuci\u00f3n.<\/p>\n\n\n\n<p>A trav\u00e9s de la ejecuci\u00f3n de distintas obras se busca resaltar el atractivo tur\u00edstico de cada uno de los destinos al recuperar la identidad local, fortalecimiento y puesta en valor del patrimonio arquitect\u00f3nico y urbano de los poblados hist\u00f3ricos, promoviendo una gesti\u00f3n integral del turismo. Durante su implementaci\u00f3n, se brinda asesoramiento y capacitaci\u00f3n a cada localidad para la mejora de la gesti\u00f3n.<\/p>\n\n\n\n<p>Participaron de la inauguraci\u00f3n el Secretario de Energ\u00eda de la Naci\u00f3n\u00a0<strong>Dar\u00edo Mart\u00ednez<\/strong>\u00a0junto a su equipo, el secretario del Interior,\u00a0<strong>Javier Diez Villa<\/strong>, el subsecretario de desarrollo y competitividad tur\u00edstica<strong>\u00a0Alejandro Cha<\/strong>, el senador por el departamento\u00a0<strong>Walter Aban<\/strong>, el diputado\u00a0<strong>Fabio L\u00f3pez<\/strong>, y autoridades del Ministerio de Turismo y Deportes de la Naci\u00f3n.<\/p>\n\n\n\n<figure class=\"wp-block-embed is-type-video is-provider-youtube wp-block-embed-youtube wp-embed-aspect-16-9 wp-has-aspect-ratio\"><div class=\"wp-block-embed__wrapper\">\n<iframe title=\"Lugares M\u00e1gicos: Seclant\u00e1s cuenta con mayor infraestructura tur\u00edstica\" width=\"696\" height=\"392\" src=\"https:\/\/www.youtube.com\/embed\/Cg9O9OrL2vQ?feature=oembed\" frameborder=\"0\" allow=\"accelerometer; autoplay; clipboard-write; encrypted-media; gyroscope; picture-in-picture\" allowfullscreen><\/iframe>\n<\/div><\/figure>\n\n\n\n<p>Fuente:&nbsp;<strong>Secretar\u00eda de Prensa y Comunicaci\u00f3n<\/strong><\/p>\n","protected":false},"excerpt":{"rendered":"<p>Camino de los Artesanos, Viacrucis y Casa de la Magia fueron las obras inauguradas por el Gobierno de la Provincia. Las obras financiadas en conjunto con el Banco Interamericano de Desarrollo ponen en valor las artesan\u00edas textiles, y el patrimonio cultural y religioso de Seclant\u00e1s. La adecuaci\u00f3n tur\u00edstica y la puesta en valor del patrimonio [&hellip;]<\/p>\n","protected":false},"author":2,"featured_media":533,"comment_status":"open","ping_status":"open","sticky":false,"template":"","format":"standard","meta":{"tdm_status":"","tdm_grid_status":"","footnotes":""},"categories":[15],"tags":[],"class_list":{"0":"post-532","1":"post","2":"type-post","3":"status-publish","4":"format-standard","5":"has-post-thumbnail","7":"category-provincial"},"_links":{"self":[{"href":"https:\/\/circuitosalta.com.ar\/index.php?rest_route=\/wp\/v2\/posts\/532"}],"collection":[{"href":"https:\/\/circuitosalta.com.ar\/index.php?rest_route=\/wp\/v2\/posts"}],"about":[{"href":"https:\/\/circuitosalta.com.ar\/index.php?rest_route=\/wp\/v2\/types\/post"}],"author":[{"embeddable":true,"href":"https:\/\/circuitosalta.com.ar\/index.php?rest_route=\/wp\/v2\/users\/2"}],"replies":[{"embeddable":true,"href":"https:\/\/circuitosalta.com.ar\/index.php?rest_route=%2Fwp%2Fv2%2Fcomments&post=532"}],"version-history":[{"count":1,"href":"https:\/\/circuitosalta.com.ar\/index.php?rest_route=\/wp\/v2\/posts\/532\/revisions"}],"predecessor-version":[{"id":534,"href":"https:\/\/circuitosalta.com.ar\/index.php?rest_route=\/wp\/v2\/posts\/532\/revisions\/534"}],"wp:featuredmedia":[{"embeddable":true,"href":"https:\/\/circuitosalta.com.ar\/index.php?rest_route=\/wp\/v2\/media\/533"}],"wp:attachment":[{"href":"https:\/\/circuitosalta.com.ar\/index.php?rest_route=%2Fwp%2Fv2%2Fmedia&parent=532"}],"wp:term":[{"taxonomy":"category","embeddable":true,"href":"https:\/\/circuitosalta.com.ar\/index.php?rest_route=%2Fwp%2Fv2%2Fcategories&post=532"},{"taxonomy":"post_tag","embeddable":true,"href":"https:\/\/circuitosalta.com.ar\/index.php?rest_route=%2Fwp%2Fv2%2Ftags&post=532"}],"curies":[{"name":"wp","href":"https:\/\/api.w.org\/{rel}","templated":true}]}}