{"id":5389,"date":"2025-07-31T21:45:35","date_gmt":"2025-08-01T00:45:35","guid":{"rendered":"https:\/\/circuitosalta.com.ar\/?p=5389"},"modified":"2025-07-31T21:45:37","modified_gmt":"2025-08-01T00:45:37","slug":"avances-en-la-reglamentacion-de-la-ley-de-fomento-al-montanismo-en-salta","status":"publish","type":"post","link":"https:\/\/circuitosalta.com.ar\/?p=5389","title":{"rendered":"Avances en la reglamentaci\u00f3n de la ley de fomento al monta\u00f1ismo en Salta"},"content":{"rendered":"\n<p><strong><em>Se realiz\u00f3 una reuni\u00f3n encabezada por la ministra de Turismo y Deportes para avanzar en la reglamentaci\u00f3n de la ley provincial que adhiere a la normativa nacional que declara al monta\u00f1ismo como actividad de inter\u00e9s. Se trabaj\u00f3 en la conformaci\u00f3n de la Comisi\u00f3n de Senderos y en acciones para promover la actividad de manera segura y responsable.<\/em><\/strong><\/p>\n\n\n\n<p>El Ministerio de Turismo y Deportes llev\u00f3 adelante una mesa de trabajo con actores clave del sector para avanzar en la reglamentaci\u00f3n de la Ley Provincial 8313, que adhiere a la Ley Nacional N\u00b0 27.665 de fomento al monta\u00f1ismo. La jornada se centr\u00f3 en la conformaci\u00f3n y futura integraci\u00f3n de la Comisi\u00f3n de Senderos, un paso fundamental para impulsar la actividad de manera segura, educativa y sustentable.<\/p>\n\n\n\n<p>La ministra de Turismo y Deportes,&nbsp;<strong>Manuela Arancibia<\/strong>, encabez\u00f3 el encuentro y destac\u00f3 que, \u201ceste es un paso muy importante para ordenar, fortalecer y acompa\u00f1ar el desarrollo del monta\u00f1ismo en Salta, siempre con una mirada participativa que involucre a todos los actores del territorio. Desde el Ministerio vamos a seguir trabajando con los municipios para garantizar que esta actividad se practique de manera responsable y respetuosa del entorno\u201d.<\/p>\n\n\n\n<p>Tambi\u00e9n particip\u00f3 de la reuni\u00f3n el presidente del Club Andino San Lorenzo y representante de la Federaci\u00f3n de Andinistas Argentinos, Leonardo Isola, quien se\u00f1al\u00f3 que, \u201ces una ley muy importante para favorecer el desarrollo de las actividades de monta\u00f1a y para educar en el correcto uso de las sendas. Estamos muy contentos con este avance\u201d.<\/p>\n\n\n\n<p>Estuvieron presentes el coordinador general del Ministerio de Turismo y Deportes,&nbsp;<strong>Santiago Su\u00f1er<\/strong>; el secretario de Deportes,<strong>&nbsp;Ignacio Garc\u00eda Bes<\/strong>;el subsecretario de Deporte Competitivo e Infraestructura,&nbsp;<strong>Federico Abud<\/strong>; y&nbsp;<strong>Carina Galimberti<\/strong>&nbsp;del equipo t\u00e9cnico legal de la Secretar\u00eda de Deportes. &nbsp;<\/p>\n\n\n\n<hr class=\"wp-block-separator has-alpha-channel-opacity\"\/>\n\n\n\n<p>Fuente:&nbsp;<strong>Secretar\u00eda de Prensa y Comunicaci\u00f3n<\/strong><\/p>\n","protected":false},"excerpt":{"rendered":"<p>Se realiz\u00f3 una reuni\u00f3n encabezada por la ministra de Turismo y Deportes para avanzar en la reglamentaci\u00f3n de la ley provincial que adhiere a la normativa nacional que declara al monta\u00f1ismo como actividad de inter\u00e9s. Se trabaj\u00f3 en la conformaci\u00f3n de la Comisi\u00f3n de Senderos y en acciones para promover la actividad de manera segura [&hellip;]<\/p>\n","protected":false},"author":2,"featured_media":5390,"comment_status":"open","ping_status":"open","sticky":false,"template":"","format":"standard","meta":{"tdm_status":"","tdm_grid_status":"","footnotes":""},"categories":[14,4],"tags":[],"class_list":{"0":"post-5389","1":"post","2":"type-post","3":"status-publish","4":"format-standard","5":"has-post-thumbnail","7":"category-anuncios","8":"category-paisajes"},"_links":{"self":[{"href":"https:\/\/circuitosalta.com.ar\/index.php?rest_route=\/wp\/v2\/posts\/5389"}],"collection":[{"href":"https:\/\/circuitosalta.com.ar\/index.php?rest_route=\/wp\/v2\/posts"}],"about":[{"href":"https:\/\/circuitosalta.com.ar\/index.php?rest_route=\/wp\/v2\/types\/post"}],"author":[{"embeddable":true,"href":"https:\/\/circuitosalta.com.ar\/index.php?rest_route=\/wp\/v2\/users\/2"}],"replies":[{"embeddable":true,"href":"https:\/\/circuitosalta.com.ar\/index.php?rest_route=%2Fwp%2Fv2%2Fcomments&post=5389"}],"version-history":[{"count":1,"href":"https:\/\/circuitosalta.com.ar\/index.php?rest_route=\/wp\/v2\/posts\/5389\/revisions"}],"predecessor-version":[{"id":5391,"href":"https:\/\/circuitosalta.com.ar\/index.php?rest_route=\/wp\/v2\/posts\/5389\/revisions\/5391"}],"wp:featuredmedia":[{"embeddable":true,"href":"https:\/\/circuitosalta.com.ar\/index.php?rest_route=\/wp\/v2\/media\/5390"}],"wp:attachment":[{"href":"https:\/\/circuitosalta.com.ar\/index.php?rest_route=%2Fwp%2Fv2%2Fmedia&parent=5389"}],"wp:term":[{"taxonomy":"category","embeddable":true,"href":"https:\/\/circuitosalta.com.ar\/index.php?rest_route=%2Fwp%2Fv2%2Fcategories&post=5389"},{"taxonomy":"post_tag","embeddable":true,"href":"https:\/\/circuitosalta.com.ar\/index.php?rest_route=%2Fwp%2Fv2%2Ftags&post=5389"}],"curies":[{"name":"wp","href":"https:\/\/api.w.org\/{rel}","templated":true}]}}